{"id":53319,"date":"2025-12-01T23:44:55","date_gmt":"2025-12-02T05:44:55","guid":{"rendered":"https:\/\/informebajio.com.mx\/?p=53319"},"modified":"2025-12-01T23:44:55","modified_gmt":"2025-12-02T05:44:55","slug":"emprendimiento-sustentable-impulsa-el-crecimiento-local","status":"publish","type":"post","link":"https:\/\/informebajio.com.mx\/?p=53319","title":{"rendered":"EMPRENDIMIENTO SUSTENTABLE IMPULSA EL CRECIMIENTO LOCAL"},"content":{"rendered":"<div>\n<p>\u201cMi Negocio Verde\u201d fortalece capacidades y fomenta proyectos ecol\u00f3gicos en Villa de Reyes, generando oportunidades para la comunidad.<\/p>\n<p>La Secretar\u00eda del Trabajo y Previsi\u00f3n Social (STPS) entreg\u00f3 constancias a las y los participantes del taller \u201cEmprendiendo Mi Negocio Verde\u201d, en cumplimiento a la instrucci\u00f3n del Gobernador Ricardo Gallardo Cardona de fomentar el autoempleo y el emprendimiento sustentable en todo el Estado.<\/p>\n<figure class=\"wp-block-gallery has-nested-images columns-default is-cropped wp-block-gallery-1 is-layout-flex wp-block-gallery-is-layout-flex\">\n<figure class=\"wp-block-image size-large\"><img fetchpriority=\"high\" decoding=\"async\" width=\"950\" height=\"534\" data-id=\"211142\" src=\"https:\/\/b559124.smushcdn.com\/559124\/wp-content\/uploads\/2025\/12\/1000106204-950x534.jpg?lossy=2&amp;strip=1&amp;webp=1\" alt=\"\" class=\"wp-image-211142\" srcset=\"https:\/\/b559124.smushcdn.com\/559124\/wp-content\/uploads\/2025\/12\/1000106204-950x534.jpg?lossy=2&amp;strip=1&amp;webp=1 950w, https:\/\/b559124.smushcdn.com\/559124\/wp-content\/uploads\/2025\/12\/1000106204-600x338.jpg?lossy=2&amp;strip=1&amp;webp=1 600w, https:\/\/b559124.smushcdn.com\/559124\/wp-content\/uploads\/2025\/12\/1000106204-scaled.jpg?lossy=2&amp;strip=1&amp;webp=1 1000w, https:\/\/b559124.smushcdn.com\/559124\/wp-content\/uploads\/2025\/12\/1000106204.jpg?size=190x107&amp;lossy=2&amp;strip=1&amp;webp=1 190w, https:\/\/b559124.smushcdn.com\/559124\/wp-content\/uploads\/2025\/12\/1000106204.jpg?size=380x214&amp;lossy=2&amp;strip=1&amp;webp=1 380w, https:\/\/b559124.smushcdn.com\/559124\/wp-content\/uploads\/2025\/12\/1000106204.jpg?size=760x427&amp;lossy=2&amp;strip=1&amp;webp=1 760w\" sizes=\"(max-width: 950px) 100vw, 950px\"\/><\/figure>\n<figure class=\"wp-block-image size-large\"><img loading=\"lazy\" decoding=\"async\" width=\"950\" height=\"534\" data-id=\"211141\" src=\"https:\/\/b559124.smushcdn.com\/559124\/wp-content\/uploads\/2025\/12\/1000106205-950x534.jpg?lossy=2&amp;strip=1&amp;webp=1\" alt=\"\" class=\"wp-image-211141 lazyload\" srcset=\"https:\/\/b559124.smushcdn.com\/559124\/wp-content\/uploads\/2025\/12\/1000106205-950x534.jpg?lossy=2&amp;strip=1&amp;webp=1 950w, https:\/\/b559124.smushcdn.com\/559124\/wp-content\/uploads\/2025\/12\/1000106205-600x338.jpg?lossy=2&amp;strip=1&amp;webp=1 600w, https:\/\/b559124.smushcdn.com\/559124\/wp-content\/uploads\/2025\/12\/1000106205-scaled.jpg?lossy=2&amp;strip=1&amp;webp=1 1000w, https:\/\/b559124.smushcdn.com\/559124\/wp-content\/uploads\/2025\/12\/1000106205.jpg?size=190x107&amp;lossy=2&amp;strip=1&amp;webp=1 190w, https:\/\/b559124.smushcdn.com\/559124\/wp-content\/uploads\/2025\/12\/1000106205.jpg?size=380x214&amp;lossy=2&amp;strip=1&amp;webp=1 380w, https:\/\/b559124.smushcdn.com\/559124\/wp-content\/uploads\/2025\/12\/1000106205.jpg?size=760x427&amp;lossy=2&amp;strip=1&amp;webp=1 760w\" data-sizes=\"auto\" style=\"--smush-placeholder-width: 950px; --smush-placeholder-aspect-ratio: 950\/534;\" data-original-sizes=\"(max-width: 950px) 100vw, 950px\"\/><\/figure>\n<\/figure>\n<p>Durante el taller, 11 personas beneficiarias recibieron capacitaci\u00f3n para iniciar o fortalecer negocios con enfoque ecol\u00f3gico y socialmente responsable. Esta iniciativa, realizada en colaboraci\u00f3n con la Organizaci\u00f3n Internacional del Trabajo (OIT), tiene como objetivo promover proyectos rentables, respetuosos del medio ambiente<\/p>\n<p>El programa proporciona herramientas pr\u00e1cticas para elaborar planes de negocio sostenibles, as\u00ed como metodolog\u00edas certificadas que contribuyen al desarrollo econ\u00f3mico y social de la regi\u00f3n. Estas acciones reflejan el compromiso del Gobierno Estatal de consolidar un modelo de emprendimiento sin l\u00edmites, que fomente la innovaci\u00f3n y la responsabilidad ambiental.<\/p>\n<figure class=\"wp-block-image aligncenter size-large is-resized\"><img loading=\"lazy\" decoding=\"async\" width=\"950\" height=\"534\" src=\"https:\/\/b559124.smushcdn.com\/559124\/wp-content\/uploads\/2025\/12\/1000106206-950x534.jpg?lossy=2&amp;strip=1&amp;webp=1\" alt=\"\" class=\"wp-image-211143 lazyload\" style=\"--smush-placeholder-width: 950px; --smush-placeholder-aspect-ratio: 950\/534;width:694px;height:auto\" srcset=\"https:\/\/b559124.smushcdn.com\/559124\/wp-content\/uploads\/2025\/12\/1000106206-950x534.jpg?lossy=2&amp;strip=1&amp;webp=1 950w, https:\/\/b559124.smushcdn.com\/559124\/wp-content\/uploads\/2025\/12\/1000106206-600x338.jpg?lossy=2&amp;strip=1&amp;webp=1 600w, https:\/\/b559124.smushcdn.com\/559124\/wp-content\/uploads\/2025\/12\/1000106206-scaled.jpg?lossy=2&amp;strip=1&amp;webp=1 1000w, https:\/\/b559124.smushcdn.com\/559124\/wp-content\/uploads\/2025\/12\/1000106206.jpg?size=190x107&amp;lossy=2&amp;strip=1&amp;webp=1 190w, https:\/\/b559124.smushcdn.com\/559124\/wp-content\/uploads\/2025\/12\/1000106206.jpg?size=380x214&amp;lossy=2&amp;strip=1&amp;webp=1 380w, https:\/\/b559124.smushcdn.com\/559124\/wp-content\/uploads\/2025\/12\/1000106206.jpg?size=760x427&amp;lossy=2&amp;strip=1&amp;webp=1 760w\" data-sizes=\"auto\" data-original-sizes=\"(max-width: 950px) 100vw, 950px\"\/><\/figure>\n<\/p><\/div>\n<p><\/p>\n","protected":false},"excerpt":{"rendered":"<p>\u201cMi Negocio Verde\u201d fortalece capacidades y fomenta proyectos ecol\u00f3gicos en Villa de Reyes, generando oportunidades para la comunidad. La Secretar\u00eda del Trabajo y Previsi\u00f3n Social (STPS) entreg\u00f3 constancias a las y los participantes del taller \u201cEmprendiendo Mi Negocio Verde\u201d, en cumplimiento a la instrucci\u00f3n del Gobernador Ricardo Gallardo Cardona de fomentar el autoempleo y el [&hellip;]<\/p>\n","protected":false},"author":2,"featured_media":53320,"comment_status":"","ping_status":"","sticky":false,"template":"","format":"standard","meta":{"_monsterinsights_skip_tracking":false,"_monsterinsights_sitenote_active":false,"_monsterinsights_sitenote_note":"","_monsterinsights_sitenote_category":0,"footnotes":""},"categories":[5],"tags":[],"class_list":["post-53319","post","type-post","status-publish","format-standard","has-post-thumbnail","hentry","category-san-luis-potosi"],"_links":{"self":[{"href":"https:\/\/informebajio.com.mx\/index.php?rest_route=\/wp\/v2\/posts\/53319","targetHints":{"allow":["GET"]}}],"collection":[{"href":"https:\/\/informebajio.com.mx\/index.php?rest_route=\/wp\/v2\/posts"}],"about":[{"href":"https:\/\/informebajio.com.mx\/index.php?rest_route=\/wp\/v2\/types\/post"}],"author":[{"embeddable":true,"href":"https:\/\/informebajio.com.mx\/index.php?rest_route=\/wp\/v2\/users\/2"}],"replies":[{"embeddable":true,"href":"https:\/\/informebajio.com.mx\/index.php?rest_route=%2Fwp%2Fv2%2Fcomments&post=53319"}],"version-history":[{"count":0,"href":"https:\/\/informebajio.com.mx\/index.php?rest_route=\/wp\/v2\/posts\/53319\/revisions"}],"wp:featuredmedia":[{"embeddable":true,"href":"https:\/\/informebajio.com.mx\/index.php?rest_route=\/wp\/v2\/media\/53320"}],"wp:attachment":[{"href":"https:\/\/informebajio.com.mx\/index.php?rest_route=%2Fwp%2Fv2%2Fmedia&parent=53319"}],"wp:term":[{"taxonomy":"category","embeddable":true,"href":"https:\/\/informebajio.com.mx\/index.php?rest_route=%2Fwp%2Fv2%2Fcategories&post=53319"},{"taxonomy":"post_tag","embeddable":true,"href":"https:\/\/informebajio.com.mx\/index.php?rest_route=%2Fwp%2Fv2%2Ftags&post=53319"}],"curies":[{"name":"wp","href":"https:\/\/api.w.org\/{rel}","templated":true}]}}