{"id":53323,"date":"2025-12-02T03:25:50","date_gmt":"2025-12-02T09:25:50","guid":{"rendered":"https:\/\/informebajio.com.mx\/?p=53323"},"modified":"2025-12-02T03:25:50","modified_gmt":"2025-12-02T09:25:50","slug":"ramon-alvarez-ayala-alias-r-1-el-hombre-detras-del-asesinato-de-carlos-manzo","status":"publish","type":"post","link":"https:\/\/informebajio.com.mx\/?p=53323","title":{"rendered":"Ram\u00f3n \u00c1lvarez Ayala, alias \u2018R-1\u2019: el hombre detr\u00e1s del asesinato de Carlos Manzo"},"content":{"rendered":"<div data-dtm-region=\"articulo_cuerpo\">\n<p class=\"\">La <a href=\"https:\/\/elpais.com\/mexico\/2025-11-19\/detenido-jorge-armando-n-uno-de-los-autores-intelectuales-del-asesinato-del-alcalde-carlos-manzo.html\" target=\"_self\" rel=\"\" title=\"https:\/\/elpais.com\/mexico\/2025-11-19\/detenido-jorge-armando-n-uno-de-los-autores-intelectuales-del-asesinato-del-alcalde-carlos-manzo.html\">captura de Jorge Armando \u2018N\u2019 en Morelia<\/a> fue para los investigadores como encontrar un hilo rojo del que tirar hasta llegar a las altas esferas de la estructura criminal del Cartel Jalisco Nueva Generaci\u00f3n (CJNG). El Licenciado, como le llamaban los tiradores que obedecieron sus \u00f3rdenes para<a href=\"https:\/\/elpais.com\/mexico\/2025-11-02\/asesinado-carlos-manzo-el-alcalde-de-uruapan-en-michoacan-en-medio-de-una-celebracion-por-el-dia-de-muertos.html\" target=\"_self\" rel=\"\" title=\"https:\/\/elpais.com\/mexico\/2025-11-02\/asesinado-carlos-manzo-el-alcalde-de-uruapan-en-michoacan-en-medio-de-una-celebracion-por-el-dia-de-muertos.html\"> asesinar al alcalde de Uruapan, Carlos Manzo<\/a>, el 1 de noviembre, dijo qui\u00e9n es su jefe con nombres y apellidos. Ram\u00f3n \u00c1lvarez Ayala, alias R-1, era el cerebro detr\u00e1s de las instrucciones que se dictaban en el chat donde se orquest\u00f3 el homicidio. Ahora est\u00e1 en la mira de las autoridades, desplegadas en todo el Estado de Michoac\u00e1n con el objetivo de debilitar al cartel. Sin embargo, R-1 ya fue detenido en 2012 y, tras pasar una d\u00e9cada en prisi\u00f3n, fue liberado hace tres a\u00f1os por orden de una jueza en medio de las acusaciones de corrupci\u00f3n de Andr\u00e9s Manuel L\u00f3pez Obrador que motivaron la reforma judicial.<\/p>\n<p class=\"\">Jorge Armando \u2018N\u2019 se refer\u00eda a Ram\u00f3n \u00c1lvarez Ayala en las conversaciones de Whatsapp con los perpetradores del asesinato como \u201cel patr\u00f3n\u201d. \u00c9l era el intermediario entre los capos del cartel y<a href=\"https:\/\/elpais.com\/mexico\/2025-11-06\/las-autoridades-de-michoacan-identifican-al-asesino-de-carlos-manzo-como-victor-manuel-un-adolescente-de-17-anos-originario-de-paracho.html\" target=\"_self\" rel=\"\" title=\"https:\/\/elpais.com\/mexico\/2025-11-06\/las-autoridades-de-michoacan-identifican-al-asesino-de-carlos-manzo-como-victor-manuel-un-adolescente-de-17-anos-originario-de-paracho.html\"> V\u00edctor Manuel Ubaldo, el adolescente que apret\u00f3 varias veces el gatillo<\/a>, adem\u00e1s de sus dos compa\u00f1eros, Fernando Josu\u00e9 \u2018N\u2019 y Ramiro \u2018N\u2019, cuyos cuerpos fueron hallados sin vida en la carretera Uruapan-Paracho. Minutos despu\u00e9s del asesinato, cuando los j\u00f3venes que sobrevivieron a la respuesta de los escoltas de Manzo intentaban escapar, Jorge Armando \u2018N\u2019 les mand\u00f3 un agradecimiento desde arriba. \u201cEl patr\u00f3n les manda dar las gracias y nos pide que no tengamos ning\u00fan detenido. Que hagamos caso a las indicaciones que nos manda a decir, por favor\u201d, se lee en uno de los mensajes de ese chat.<\/p>\n<p class=\"\">El secretario de Seguridad, Omar Garc\u00eda Harfuch, ha subrayado este mi\u00e9rcoles que habr\u00e1 m\u00e1s detenciones por el caso, ya que siguen investigando al resto de los participantes de ese chat que vigilaron de cerca a Manzo d\u00edas antes de su asesinato. Harfuch ha revelado en entrevista con <i>Grupo F\u00f3rmula<\/i> que los criminales tuvieron a tiro al alcalde dos d\u00edas antes de consumar el homicidio entre la multitud del Festival de la Vela, en plenas celebraciones de D\u00eda de Muertos en el centro de Uruapan. \u201cEl d\u00eda 30 [de octubre] lo identifican en una gasolinera, le toman fotograf\u00edas que mandan al chat, pero no logran el homicidio\u201d, ha detallado el secretario. \u201cEsos tres [V\u00edctor Manuel, Ramiro y Fernando Josu\u00e9] con otros integrantes recibieron castigos por no hacerlo. Los golpean, los encierran\u2026\u201d, ha a\u00f1adido.<\/p>\n<p class=\"\">Harfuch no ha profundizado en qui\u00e9n es R-1 ni en cu\u00e1l podr\u00eda ser el motivo de semejante crimen a la vista de todo el mundo, pero asegura que su equipo sabe que opera \u201cde manera directa\u201d en al menos cuatro municipios de Michoac\u00e1n con su hermano, Rafael \u00c1lvarez Ayala, alias R-2, y otros integrantes. \u201cEs una c\u00e9lula muy, muy muy local\u201d, ha enfatizado el secretario, quien ha admitido que las investigaciones todav\u00eda tienen mucho trabajo por delante para debilitar al grupo en el Estado.<\/p>\n<figure class=\"a_m a_m-h \"><span class=\"_db a_m_w\"><img decoding=\"auto\" class=\"_re lazyload a_m-h\" height=\"233\" srcset=\"https:\/\/imagenes.elpais.com\/resizer\/v2\/RZLGEALB4JFO5LAUV3REKEISZM.jpg?auth=c3a31202309834de101e121b88fcdabfa72c9435567fb879a8e273ff1d2d0eff&amp;width=414 414w,https:\/\/imagenes.elpais.com\/resizer\/v2\/RZLGEALB4JFO5LAUV3REKEISZM.jpg?auth=c3a31202309834de101e121b88fcdabfa72c9435567fb879a8e273ff1d2d0eff&amp;width=828 640w,https:\/\/imagenes.elpais.com\/resizer\/v2\/RZLGEALB4JFO5LAUV3REKEISZM.jpg?auth=c3a31202309834de101e121b88fcdabfa72c9435567fb879a8e273ff1d2d0eff&amp;width=980 1000w,https:\/\/imagenes.elpais.com\/resizer\/v2\/RZLGEALB4JFO5LAUV3REKEISZM.jpg?auth=c3a31202309834de101e121b88fcdabfa72c9435567fb879a8e273ff1d2d0eff&amp;width=1960 1960w\" width=\"414\" sizes=\"auto, (min-width:1199px) 1155px,(min-width:1001px) calc(100vw - 44px),(min-width:768px) 767px, 100vw\" src=\"https:\/\/imagenes.elpais.com\/resizer\/v2\/RZLGEALB4JFO5LAUV3REKEISZM.jpg?auth=c3a31202309834de101e121b88fcdabfa72c9435567fb879a8e273ff1d2d0eff&amp;width=414\" loading=\"lazy\"\/><\/span><figcaption class=\"a_m_p\" aria-hidden=\"true\"><span>Presentaci\u00f3n de los hermanos \u00c1lvarez Ayala (al centro) y sus lugartenientes, en 2012.<\/span><span class=\"a_m_m\">PGR<\/span><\/figcaption><\/figure>\n<p class=\"\">El nombre de los hermanos \u00c1lvarez Ayala salt\u00f3 a los titulares en 2012, cuando un operativo del Ej\u00e9rcito los captur\u00f3 en Jalisco. La maniobra, que cont\u00f3 con apoyo a\u00e9reo, consigui\u00f3 localizar a R-1 en un departamento \u201cde condiciones precarias\u201d en Guadalajara, un lugar que usaba como casa de seguridad para sus reuniones con colaboradores para gestionar la distribuci\u00f3n de la droga en la zona, seg\u00fan detall\u00f3 la Secretar\u00eda de Defensa Nacional en un comunicado. All\u00ed fue detenido junto a cinco de sus hombres de confianza, armas largas, veh\u00edculos y documentaci\u00f3n. \u201cEl R-1 se desempe\u00f1aba como el segundo hombre en importancia en la estructura del CJNG\u201d, se\u00f1alaron las autoridades, quienes aseguraron que el rol de Ram\u00f3n era el de implementar acciones en contra de los grupos rivales en las plazas donde operaba en Guanajuato y Michoac\u00e1n.<\/p>\n<p class=\"\">Cuando fue detenido, culp\u00f3 a los cabecillas <a href=\"https:\/\/elpais.com\/internacional\/2014\/03\/17\/actualidad\/1395091359_406405.html\" target=\"_self\" rel=\"\" title=\"https:\/\/elpais.com\/internacional\/2014\/03\/17\/actualidad\/1395091359_406405.html\">del grupo Los Caballeros Templarios <\/a>de colocar narcomantas en Guadalajara en las que se narraba la supuesta fractura entre el CJNG y el Cartel del Pac\u00edfico. Sin embargo, las autoridades buscaban a los hermanos \u00c1lvarez Ayala por unos bloqueos e incendios de veh\u00edculos en Guadalajara y Colima el 25 de agosto de ese a\u00f1o.<\/p>\n<p class=\"\">Su hermano Rafael fue detenido en un fraccionamiento de Zapopan, Jalisco, junto a dos de sus principales ayudantes. Uno de ellos era un tercer hermano, Jes\u00fas Santiago \u00c1lvarez Ayala, quien trabajaba como escolta del R-2. Rafael era responsable de coordinar con R-1 el env\u00edo de droga sint\u00e9tica a Estados Unidos y, seg\u00fan las autoridades, R-2 dijo que \u00e9l recib\u00eda las \u00f3rdenes directamente de Nemesio Oseguera Cervantes, <a href=\"https:\/\/elpais.com\/mexico\/2025-03-30\/el-mencho-el-narco-discreto-al-mando-del-cartel-mas-poderoso-de-mexico.html\" target=\"_self\" rel=\"\" title=\"https:\/\/elpais.com\/mexico\/2025-03-30\/el-mencho-el-narco-discreto-al-mando-del-cartel-mas-poderoso-de-mexico.html\"><i>El Mencho<\/i>, el mandam\u00e1s que dirige el cartel m\u00e1s poderoso de M\u00e9xico.<\/a> La Secretar\u00eda de Seguridad detall\u00f3 que despu\u00e9s de la ca\u00edda de Nicol\u00e1s Balc\u00e1zar L\u00f3pez, alias El Bronco, tres meses antes, Ram\u00f3n pas\u00f3 a ser el principal colaborador y hombre de confianza de El Mencho. El jefe de jefes le puso al frente del control del narcotr\u00e1fico en la zona metropolitana de Guadalajara y zona norte del estado de Jalisco.<\/p>\n<p class=\"\">R-1 y R-2 estuvieron en prisi\u00f3n diez a\u00f1os, hasta que en noviembre de 2022 fueron puestos en libertad bajo la orden de la juez primera de distrito de Jalisco Yolanda Ch\u00e1vez Montelongo. En la conferencia de prensa matutina de Andr\u00e9s Manuel L\u00f3pez Obrador, el entonces subsecretario de Seguridad, Luis Rodr\u00edguez Bucio, us\u00f3 el caso de Ch\u00e1vez y Ram\u00f3n \u00c1lvarez Ayala para <a href=\"https:\/\/elpais.com\/mexico\/2024-11-13\/mexico-defiende-la-polemica-reforma-judicial-ante-la-cidh-los-jueces-han-faltado-a-su-deber-y-han-liberado-a-narcotraficantes.html\" target=\"_self\" rel=\"\" title=\"https:\/\/elpais.com\/mexico\/2024-11-13\/mexico-defiende-la-polemica-reforma-judicial-ante-la-cidh-los-jueces-han-faltado-a-su-deber-y-han-liberado-a-narcotraficantes.html\">ejemplificar los supuestos v\u00ednculos corruptos de los jueces con el crimen organizado<\/a>. \u201cRam\u00f3n \u00c1ngel \u2018N\u2019, conocido como el R1 o el Moncho, era lugarteniente del c\u00e1rtel de los Valencia, del C\u00e1rtel Jalisco Nueva Generaci\u00f3n. Estaba procesado por delitos de delincuencia organizada y contra la salud, y qued\u00f3 en libertad el 22 de noviembre del a\u00f1o pasado\u201d, detall\u00f3. \u201cYolanda Cecilia Ch\u00e1vez Montelongo lo absolvi\u00f3 por considerar que no hab\u00eda pruebas s\u00f3lidas para procesarlo. Este personaje ha tenido al menos cinco carpetas de investigaci\u00f3n en su contra entre 2012 y 2021, y en todos los casos fue dejado en libertad\u201d, agreg\u00f3 para avivar el discurso del presidente contra los jueces, que termin\u00f3 por consolidar la reforma judicial.<\/p>\n<figure class=\"a_m a_m-h \"><span class=\"_db a_m_w _pr lb_btn\"><img decoding=\"auto\" class=\"_re lazyload a_m-h\" height=\"225\" srcset=\"https:\/\/imagenes.elpais.com\/resizer\/v2\/CWMIUDJXRJBHZHELW3GCSRMZJA.jpg?auth=78014bc0ffc689eb05dea2f8538e527eb551e41ba30fe3349264a74168442f27&amp;width=414 414w,https:\/\/imagenes.elpais.com\/resizer\/v2\/CWMIUDJXRJBHZHELW3GCSRMZJA.jpg?auth=78014bc0ffc689eb05dea2f8538e527eb551e41ba30fe3349264a74168442f27&amp;width=828 640w,https:\/\/imagenes.elpais.com\/resizer\/v2\/CWMIUDJXRJBHZHELW3GCSRMZJA.jpg?auth=78014bc0ffc689eb05dea2f8538e527eb551e41ba30fe3349264a74168442f27&amp;width=980 1000w,https:\/\/imagenes.elpais.com\/resizer\/v2\/CWMIUDJXRJBHZHELW3GCSRMZJA.jpg?auth=78014bc0ffc689eb05dea2f8538e527eb551e41ba30fe3349264a74168442f27&amp;width=1960 1960w\" width=\"414\" sizes=\"auto, (min-width:1199px) 1155px,(min-width:1001px) calc(100vw - 44px),(min-width:768px) 767px, 100vw\" src=\"https:\/\/imagenes.elpais.com\/resizer\/v2\/CWMIUDJXRJBHZHELW3GCSRMZJA.jpg?auth=78014bc0ffc689eb05dea2f8538e527eb551e41ba30fe3349264a74168442f27&amp;width=414\" loading=\"lazy\"\/><svg aria-hidden=\"true\" class=\"icon_multimedia_ampliar | _pa a_m_i a_m_i-a _dn\" viewbox=\"0 0 40 40\"><use xlink:href=\"#svg-ampliar\"\/><\/svg><\/span><figcaption class=\"a_m_p\" aria-hidden=\"true\"><span>Ram\u00f3n \u00c1lvarez Ayala &#8216;R1&#8217; considerado como uno de los altos mandos del CJNG.<\/span><span class=\"a_m_m\">Gobierno de M\u00e9xico<\/span><\/figcaption><\/figure>\n<\/div>\n<p><\/p>\n","protected":false},"excerpt":{"rendered":"<p>La captura de Jorge Armando \u2018N\u2019 en Morelia fue para los investigadores como encontrar un hilo rojo del que tirar hasta llegar a las altas esferas de la estructura criminal del Cartel Jalisco Nueva Generaci\u00f3n (CJNG). El Licenciado, como le llamaban los tiradores que obedecieron sus \u00f3rdenes para asesinar al alcalde de Uruapan, Carlos Manzo, [&hellip;]<\/p>\n","protected":false},"author":2,"featured_media":53324,"comment_status":"","ping_status":"","sticky":false,"template":"","format":"standard","meta":{"_monsterinsights_skip_tracking":false,"_monsterinsights_sitenote_active":false,"_monsterinsights_sitenote_note":"","_monsterinsights_sitenote_category":0,"footnotes":""},"categories":[7],"tags":[],"class_list":["post-53323","post","type-post","status-publish","format-standard","has-post-thumbnail","hentry","category-michoacan"],"_links":{"self":[{"href":"https:\/\/informebajio.com.mx\/index.php?rest_route=\/wp\/v2\/posts\/53323","targetHints":{"allow":["GET"]}}],"collection":[{"href":"https:\/\/informebajio.com.mx\/index.php?rest_route=\/wp\/v2\/posts"}],"about":[{"href":"https:\/\/informebajio.com.mx\/index.php?rest_route=\/wp\/v2\/types\/post"}],"author":[{"embeddable":true,"href":"https:\/\/informebajio.com.mx\/index.php?rest_route=\/wp\/v2\/users\/2"}],"replies":[{"embeddable":true,"href":"https:\/\/informebajio.com.mx\/index.php?rest_route=%2Fwp%2Fv2%2Fcomments&post=53323"}],"version-history":[{"count":0,"href":"https:\/\/informebajio.com.mx\/index.php?rest_route=\/wp\/v2\/posts\/53323\/revisions"}],"wp:featuredmedia":[{"embeddable":true,"href":"https:\/\/informebajio.com.mx\/index.php?rest_route=\/wp\/v2\/media\/53324"}],"wp:attachment":[{"href":"https:\/\/informebajio.com.mx\/index.php?rest_route=%2Fwp%2Fv2%2Fmedia&parent=53323"}],"wp:term":[{"taxonomy":"category","embeddable":true,"href":"https:\/\/informebajio.com.mx\/index.php?rest_route=%2Fwp%2Fv2%2Fcategories&post=53323"},{"taxonomy":"post_tag","embeddable":true,"href":"https:\/\/informebajio.com.mx\/index.php?rest_route=%2Fwp%2Fv2%2Ftags&post=53323"}],"curies":[{"name":"wp","href":"https:\/\/api.w.org\/{rel}","templated":true}]}}