{"id":53337,"date":"2025-12-02T14:47:50","date_gmt":"2025-12-02T20:47:50","guid":{"rendered":"https:\/\/informebajio.com.mx\/?p=53337"},"modified":"2025-12-02T14:47:50","modified_gmt":"2025-12-02T20:47:50","slug":"defensoria-publica-se-unira-al-programa-operativo-heroes-paisanos","status":"publish","type":"post","link":"https:\/\/informebajio.com.mx\/?p=53337","title":{"rendered":"DEFENSOR\u00cdA P\u00daBLICA SE UNIR\u00c1 AL PROGRAMA OPERATIVO H\u00c9ROES PAISANOS"},"content":{"rendered":"<div>\n<p>El programa se llevar\u00e1 a cabo del 28 de noviembre al 08 de enero del 2026 con la participaci\u00f3n de los tres \u00f3rdenes de gobierno.<\/p>\n<p>Para brindar apoyo y seguridad a los connacionales que retornan a sus hogares en la pr\u00f3xima temporada vacacional, la Secretar\u00eda General de Gobierno, a trav\u00e9s de la Defensor\u00eda P\u00fablica del Estado, formar\u00e1 parte del programa \u201cH\u00e9roes Paisanos\u201d, que implementa el Instituto Nacional de Migraci\u00f3n (INM) con atenci\u00f3n digna en su retorno a nuestro pa\u00eds a partir del 28 de noviembre.<\/p>\n<figure class=\"wp-block-gallery has-nested-images columns-default is-cropped wp-block-gallery-1 is-layout-flex wp-block-gallery-is-layout-flex\">\n<figure class=\"wp-block-image size-large\"><img fetchpriority=\"high\" decoding=\"async\" width=\"950\" height=\"713\" data-id=\"211136\" src=\"https:\/\/b559124.smushcdn.com\/559124\/wp-content\/uploads\/2025\/12\/1000106203-950x713.jpg?lossy=2&amp;strip=1&amp;webp=1\" alt=\"\" class=\"wp-image-211136\" srcset=\"https:\/\/b559124.smushcdn.com\/559124\/wp-content\/uploads\/2025\/12\/1000106203-950x713.jpg?lossy=2&amp;strip=1&amp;webp=1 950w, https:\/\/b559124.smushcdn.com\/559124\/wp-content\/uploads\/2025\/12\/1000106203-600x450.jpg?lossy=2&amp;strip=1&amp;webp=1 600w, https:\/\/b559124.smushcdn.com\/559124\/wp-content\/uploads\/2025\/12\/1000106203-scaled.jpg?lossy=2&amp;strip=1&amp;webp=1 1000w, https:\/\/b559124.smushcdn.com\/559124\/wp-content\/uploads\/2025\/12\/1000106203.jpg?size=160x120&amp;lossy=2&amp;strip=1&amp;webp=1 160w, https:\/\/b559124.smushcdn.com\/559124\/wp-content\/uploads\/2025\/12\/1000106203.jpg?size=320x240&amp;lossy=2&amp;strip=1&amp;webp=1 320w, https:\/\/b559124.smushcdn.com\/559124\/wp-content\/uploads\/2025\/12\/1000106203.jpg?size=480x360&amp;lossy=2&amp;strip=1&amp;webp=1 480w, https:\/\/b559124.smushcdn.com\/559124\/wp-content\/uploads\/2025\/12\/1000106203.jpg?size=800x600&amp;lossy=2&amp;strip=1&amp;webp=1 800w\" sizes=\"(max-width: 950px) 100vw, 950px\"\/><\/figure>\n<figure class=\"wp-block-image size-large\"><img loading=\"lazy\" decoding=\"async\" width=\"950\" height=\"713\" data-id=\"211137\" src=\"https:\/\/b559124.smushcdn.com\/559124\/wp-content\/uploads\/2025\/12\/1000106202-950x713.jpg?lossy=2&amp;strip=1&amp;webp=1\" alt=\"\" class=\"wp-image-211137 lazyload\" srcset=\"https:\/\/b559124.smushcdn.com\/559124\/wp-content\/uploads\/2025\/12\/1000106202-950x713.jpg?lossy=2&amp;strip=1&amp;webp=1 950w, https:\/\/b559124.smushcdn.com\/559124\/wp-content\/uploads\/2025\/12\/1000106202-600x450.jpg?lossy=2&amp;strip=1&amp;webp=1 600w, https:\/\/b559124.smushcdn.com\/559124\/wp-content\/uploads\/2025\/12\/1000106202-scaled.jpg?lossy=2&amp;strip=1&amp;webp=1 1000w, https:\/\/b559124.smushcdn.com\/559124\/wp-content\/uploads\/2025\/12\/1000106202.jpg?size=160x120&amp;lossy=2&amp;strip=1&amp;webp=1 160w, https:\/\/b559124.smushcdn.com\/559124\/wp-content\/uploads\/2025\/12\/1000106202.jpg?size=320x240&amp;lossy=2&amp;strip=1&amp;webp=1 320w, https:\/\/b559124.smushcdn.com\/559124\/wp-content\/uploads\/2025\/12\/1000106202.jpg?size=480x360&amp;lossy=2&amp;strip=1&amp;webp=1 480w, https:\/\/b559124.smushcdn.com\/559124\/wp-content\/uploads\/2025\/12\/1000106202.jpg?size=800x600&amp;lossy=2&amp;strip=1&amp;webp=1 800w\" data-sizes=\"auto\" style=\"--smush-placeholder-width: 950px; --smush-placeholder-aspect-ratio: 950\/713;\" data-original-sizes=\"(max-width: 950px) 100vw, 950px\"\/><\/figure>\n<\/figure>\n<p>Lo anterior lo inform\u00f3 el coordinador de la Defensor\u00eda P\u00fablica, Edgar Valdez Zavala, quien refrend\u00f3 el compromiso del Gobernador Ricardo Gallardo Cardona para hacer valer los derechos de las y los connacionales que regresan a sus lugares de origen.<\/p>\n<p>Precis\u00f3 que el operativo \u201cH\u00e9roes Paisanos\u201d iniciar\u00e1 el 28 de noviembre y culminar\u00e1 el 08 de enero del 2026 y contar\u00e1 con el apoyo de la Secretar\u00eda de Gobernaci\u00f3n; el Instituto Nacional de Migraci\u00f3n y la Guardia Civil Estatal, adem\u00e1s de personal de esta dependencia en los m\u00f3dulos de atenci\u00f3n instalados en puntos estrat\u00e9gicos para ofrecer informaci\u00f3n, asesor\u00eda o acompa\u00f1amiento que requieran; adicionalmente, se dar\u00e1 apoyo a las caravanas en los traslados que realicen por el Estado.<\/p>\n<figure class=\"wp-block-image aligncenter size-full is-resized\"><img loading=\"lazy\" decoding=\"async\" width=\"658\" height=\"340\" src=\"https:\/\/b559124.smushcdn.com\/559124\/wp-content\/uploads\/2025\/12\/1000106201.jpg?lossy=2&amp;strip=1&amp;webp=1\" alt=\"\" class=\"wp-image-211138 lazyload\" style=\"--smush-placeholder-width: 658px; --smush-placeholder-aspect-ratio: 658\/340;width:629px;height:auto\" srcset=\"https:\/\/b559124.smushcdn.com\/559124\/wp-content\/uploads\/2025\/12\/1000106201.jpg?lossy=2&amp;strip=1&amp;webp=1 658w, https:\/\/b559124.smushcdn.com\/559124\/wp-content\/uploads\/2025\/12\/1000106201-600x310.jpg?lossy=2&amp;strip=1&amp;webp=1 600w, https:\/\/b559124.smushcdn.com\/559124\/wp-content\/uploads\/2025\/12\/1000106201.jpg?size=160x83&amp;lossy=2&amp;strip=1&amp;webp=1 160w, https:\/\/b559124.smushcdn.com\/559124\/wp-content\/uploads\/2025\/12\/1000106201.jpg?size=320x165&amp;lossy=2&amp;strip=1&amp;webp=1 320w, https:\/\/b559124.smushcdn.com\/559124\/wp-content\/uploads\/2025\/12\/1000106201.jpg?size=480x248&amp;lossy=2&amp;strip=1&amp;webp=1 480w\" data-sizes=\"auto\" data-original-sizes=\"(max-width: 658px) 100vw, 658px\"\/><\/figure>\n<\/p><\/div>\n<p><\/p>\n","protected":false},"excerpt":{"rendered":"<p>El programa se llevar\u00e1 a cabo del 28 de noviembre al 08 de enero del 2026 con la participaci\u00f3n de los tres \u00f3rdenes de gobierno. Para brindar apoyo y seguridad a los connacionales que retornan a sus hogares en la pr\u00f3xima temporada vacacional, la Secretar\u00eda General de Gobierno, a trav\u00e9s de la Defensor\u00eda P\u00fablica del [&hellip;]<\/p>\n","protected":false},"author":2,"featured_media":53338,"comment_status":"","ping_status":"","sticky":false,"template":"","format":"standard","meta":{"_monsterinsights_skip_tracking":false,"_monsterinsights_sitenote_active":false,"_monsterinsights_sitenote_note":"","_monsterinsights_sitenote_category":0,"footnotes":""},"categories":[5],"tags":[],"class_list":["post-53337","post","type-post","status-publish","format-standard","has-post-thumbnail","hentry","category-san-luis-potosi"],"_links":{"self":[{"href":"https:\/\/informebajio.com.mx\/index.php?rest_route=\/wp\/v2\/posts\/53337","targetHints":{"allow":["GET"]}}],"collection":[{"href":"https:\/\/informebajio.com.mx\/index.php?rest_route=\/wp\/v2\/posts"}],"about":[{"href":"https:\/\/informebajio.com.mx\/index.php?rest_route=\/wp\/v2\/types\/post"}],"author":[{"embeddable":true,"href":"https:\/\/informebajio.com.mx\/index.php?rest_route=\/wp\/v2\/users\/2"}],"replies":[{"embeddable":true,"href":"https:\/\/informebajio.com.mx\/index.php?rest_route=%2Fwp%2Fv2%2Fcomments&post=53337"}],"version-history":[{"count":0,"href":"https:\/\/informebajio.com.mx\/index.php?rest_route=\/wp\/v2\/posts\/53337\/revisions"}],"wp:featuredmedia":[{"embeddable":true,"href":"https:\/\/informebajio.com.mx\/index.php?rest_route=\/wp\/v2\/media\/53338"}],"wp:attachment":[{"href":"https:\/\/informebajio.com.mx\/index.php?rest_route=%2Fwp%2Fv2%2Fmedia&parent=53337"}],"wp:term":[{"taxonomy":"category","embeddable":true,"href":"https:\/\/informebajio.com.mx\/index.php?rest_route=%2Fwp%2Fv2%2Fcategories&post=53337"},{"taxonomy":"post_tag","embeddable":true,"href":"https:\/\/informebajio.com.mx\/index.php?rest_route=%2Fwp%2Fv2%2Ftags&post=53337"}],"curies":[{"name":"wp","href":"https:\/\/api.w.org\/{rel}","templated":true}]}}