{"id":53339,"date":"2025-12-02T15:30:05","date_gmt":"2025-12-02T21:30:05","guid":{"rendered":"https:\/\/informebajio.com.mx\/?p=53339"},"modified":"2025-12-02T15:30:05","modified_gmt":"2025-12-02T21:30:05","slug":"fortalece-respuesta-ante-emergencias-con-dos-unidades-contra-incendios-el-marques","status":"publish","type":"post","link":"https:\/\/informebajio.com.mx\/?p=53339","title":{"rendered":"Fortalece respuesta ante emergencias con dos unidades contra incendios El Marqu\u00e9s"},"content":{"rendered":"<div>\n<p><span style=\"font-weight: 400;\">Noticias<\/span><\/p>\n<p><span style=\"font-weight: 400;\">El alcalde de El Marqu\u00e9s, Rodrigo Monsalvo realiz\u00f3 la entrega de dos unidades contra incendios a la Coordinaci\u00f3n de Protecci\u00f3n Civil, con el prop\u00f3sito de reforzar la capacidad operativa de la Secci\u00f3n de Rescate rumbo a la pr\u00f3xima temporada de estiaje.<\/span><\/p>\n<p><span style=\"font-weight: 400;\">Dichas unidades \u2014una American LaFrance 2005 para incendios estructurales y una International 2003 apta para incendios forestales y estructurales\u2014 est\u00e1n equipadas con sistemas de bombeo de alta capacidad, tanques de agua y espuma.<\/span><\/p>\n<p><span style=\"font-weight: 400;\">As\u00ed como herramientas de rescate y equipo de protecci\u00f3n personal. Sus caracter\u00edsticas permitir\u00e1n mejorar los tiempos de respuesta, brindar condiciones m\u00e1s seguras para el personal y atender emergencias con mayor eficiencia en zonas urbanas y rurales.<\/span><\/p>\n<p><span style=\"font-weight: 400;\">La entrega se lleva a cabo luego de la reciente Temporada de Lluvias y Ciclones Tropicales, en la que se registr\u00f3 una actividad superior a la habitual, lo que favoreci\u00f3 el crecimiento de vegetaci\u00f3n en distintas zonas del municipio. Este fen\u00f3meno, motiva a fortalecer las acciones de prevenci\u00f3n y a contar con unidades y equipamiento que permitan atender oportunamente cualquier eventualidad que pudiera presentarse.<\/span><\/p>\n<p><span style=\"font-weight: 400;\">Este fortalecimiento integral se suma al esfuerzo que la Coordinaci\u00f3n de Protecci\u00f3n Civil realiza, al mantener un parque vehicular funcional y personal preparado para brindar auxilio en situaciones que requieren una respuesta especializada.\u00a0<\/span><\/p>\n<p><span style=\"font-weight: 400;\">Con estas acciones, el Gobierno Municipal de El Marqu\u00e9s avanza en la consolidaci\u00f3n de un sistema de protecci\u00f3n m\u00e1s amplio y seguro, que fortalece la labor de las y los integrantes de la Secci\u00f3n de Rescate, pertenecientes al departamento de Atenci\u00f3n a Emergencias de la CMPCEM y contribuye a salvaguardar la integridad de las familias marquesinas.<\/span><\/p>\n<\/div>\n<p><script>(function(d, s, id) {\n  var js, fjs = d.getElementsByTagName(s)[0];\n  if (d.getElementById(id)) return;\n  js = d.createElement(s); js.id = id;\n  js.src = \"\/\/connect.facebook.net\/es_LA\/sdk.js#xfbml=1&appId=546007945598485&version=v2.3\";\n  fjs.parentNode.insertBefore(js, fjs);\n}(document, 'script', 'facebook-jssdk'));<\/script><\/p>\n","protected":false},"excerpt":{"rendered":"<p>Noticias El alcalde de El Marqu\u00e9s, Rodrigo Monsalvo realiz\u00f3 la entrega de dos unidades contra incendios a la Coordinaci\u00f3n de Protecci\u00f3n Civil, con el prop\u00f3sito de reforzar la capacidad operativa de la Secci\u00f3n de Rescate rumbo a la pr\u00f3xima temporada de estiaje. Dichas unidades \u2014una American LaFrance 2005 para incendios estructurales y una International 2003 [&hellip;]<\/p>\n","protected":false},"author":2,"featured_media":53340,"comment_status":"","ping_status":"","sticky":false,"template":"","format":"standard","meta":{"_monsterinsights_skip_tracking":false,"_monsterinsights_sitenote_active":false,"_monsterinsights_sitenote_note":"","_monsterinsights_sitenote_category":0,"footnotes":""},"categories":[4],"tags":[],"class_list":["post-53339","post","type-post","status-publish","format-standard","has-post-thumbnail","hentry","category-queretaro"],"_links":{"self":[{"href":"https:\/\/informebajio.com.mx\/index.php?rest_route=\/wp\/v2\/posts\/53339","targetHints":{"allow":["GET"]}}],"collection":[{"href":"https:\/\/informebajio.com.mx\/index.php?rest_route=\/wp\/v2\/posts"}],"about":[{"href":"https:\/\/informebajio.com.mx\/index.php?rest_route=\/wp\/v2\/types\/post"}],"author":[{"embeddable":true,"href":"https:\/\/informebajio.com.mx\/index.php?rest_route=\/wp\/v2\/users\/2"}],"replies":[{"embeddable":true,"href":"https:\/\/informebajio.com.mx\/index.php?rest_route=%2Fwp%2Fv2%2Fcomments&post=53339"}],"version-history":[{"count":0,"href":"https:\/\/informebajio.com.mx\/index.php?rest_route=\/wp\/v2\/posts\/53339\/revisions"}],"wp:featuredmedia":[{"embeddable":true,"href":"https:\/\/informebajio.com.mx\/index.php?rest_route=\/wp\/v2\/media\/53340"}],"wp:attachment":[{"href":"https:\/\/informebajio.com.mx\/index.php?rest_route=%2Fwp%2Fv2%2Fmedia&parent=53339"}],"wp:term":[{"taxonomy":"category","embeddable":true,"href":"https:\/\/informebajio.com.mx\/index.php?rest_route=%2Fwp%2Fv2%2Fcategories&post=53339"},{"taxonomy":"post_tag","embeddable":true,"href":"https:\/\/informebajio.com.mx\/index.php?rest_route=%2Fwp%2Fv2%2Ftags&post=53339"}],"curies":[{"name":"wp","href":"https:\/\/api.w.org\/{rel}","templated":true}]}}