{"id":53355,"date":"2025-12-03T11:32:50","date_gmt":"2025-12-03T17:32:50","guid":{"rendered":"https:\/\/informebajio.com.mx\/?p=53355"},"modified":"2025-12-03T11:32:50","modified_gmt":"2025-12-03T17:32:50","slug":"entrega-chepe-guerrero-121-lentes-a-ninas-y-ninos","status":"publish","type":"post","link":"https:\/\/informebajio.com.mx\/?p=53355","title":{"rendered":"Entrega Chepe Guerrero 121 lentes a ni\u00f1as y ni\u00f1os"},"content":{"rendered":"<div>\n<p><span style=\"font-weight: 400;\">Noticias\u00a0<\/span><\/p>\n<p>\u00a0<\/p>\n<p><span style=\"font-weight: 400;\">El presidente municipal de Corregidora, Chepe Guerrero, encabez\u00f3 la entrega de 121 lentes a alumnas y alumnos de la escuela primaria Reforma Agraria, quienes fueron diagnosticados con dificultades visuales tras una revisi\u00f3n realizada a los 514 estudiantes del plantel.<\/span><\/p>\n<p><span style=\"font-weight: 400;\">Esta acci\u00f3n forma parte del programa \u201cVer Bien para Aprender Mejor\u201d, impulsado con inversi\u00f3n municipal y en coordinaci\u00f3n con la Unidad de Servicios para la Educaci\u00f3n B\u00e1sica en el Estado de Quer\u00e9taro (USEBEQ), a cargo de Irene Quintanar Mej\u00eda, coordinadora. El objetivo es mejorar el desempe\u00f1o acad\u00e9mico y la calidad de vida de ni\u00f1as, ni\u00f1os y adolescentes que presentan problemas visuales.<\/span><\/p>\n<p><span style=\"font-weight: 400;\">Durante el evento, Chepe Guerrero felicit\u00f3 a la comunidad educativa del plantel: \u201cEste esfuerzo es muy valioso para m\u00ed y agradezco a Irene la oportunidad de participar en la entrega de lentes a nuestras ni\u00f1as y nuestros ni\u00f1os, porque s\u00e9 que har\u00e1n una gran diferencia en su aprendizaje. A ustedes, ni\u00f1as y ni\u00f1os que recibieron sus lentes el d\u00eda de hoy, solo quiero pedirles que los cuiden mucho. No permitan que les pase como a m\u00ed, que m\u00e1s de una vez me los volaron de un balonazo y ten\u00eda que volver a sufrir con los lentes. Hay que cuidarlos, porque luego uno se sienta sobre ellos; a m\u00ed tambi\u00e9n me ha pasado y terminan todos chuecos. As\u00ed que cu\u00eddenlos mucho. Hoy estos lentes son una herramienta para que puedan ser mejores estudiantes y, si somos mejores estudiantes, despu\u00e9s seremos mejores personas\u201d.<\/span><\/p>\n<p><span style=\"font-weight: 400;\">Por su parte, Irene Quintanar Mej\u00eda, coordinadora general de la USEBEQ, comparti\u00f3 que los resultados del programa Ver Bien para Aprender Mejor en 2024 incluyen: 36 escuelas atendidas en Corregidora, El Marqu\u00e9s, Huimilpan, Pedro Escobedo y Quer\u00e9taro; m\u00e1s de 6,096 revisiones oftalmol\u00f3gicas realizadas; y 3,564 estudiantes beneficiados con lentes gratuitos.<\/span><\/p>\n<p><span style=\"font-weight: 400;\">Este programa contribuye directamente a reducir el rezago educativo, fortalecer la igualdad de oportunidades y mejorar la calidad de vida escolar.<\/span><\/p>\n<p><span style=\"font-weight: 400;\">En su intervenci\u00f3n, la Mtra. Nadia Rodr\u00edguez V\u00e1squez, directora de la escuela primaria Reforma Agraria, expres\u00f3 su satisfacci\u00f3n por los beneficios que este programa trae a sus estudiantes: \u201cHoy es un d\u00eda muy especial para nuestros alumnos, pues gracias al programa Ver Bien para Aprender Mejor, muchos de ellos recibir\u00e1n el apoyo necesario para mejorar su salud visual y fortalecer sus aprendizajes. Sabemos que un ni\u00f1o que puede ver con claridad es un ni\u00f1o que puede comprender mejor, participar plenamente en clase y fortalecer su confianza\u201d.<\/span><\/p>\n<\/div>\n<p><script>(function(d, s, id) {\n  var js, fjs = d.getElementsByTagName(s)[0];\n  if (d.getElementById(id)) return;\n  js = d.createElement(s); js.id = id;\n  js.src = \"\/\/connect.facebook.net\/es_LA\/sdk.js#xfbml=1&appId=546007945598485&version=v2.3\";\n  fjs.parentNode.insertBefore(js, fjs);\n}(document, 'script', 'facebook-jssdk'));<\/script><\/p>\n","protected":false},"excerpt":{"rendered":"<p>Noticias\u00a0 \u00a0 El presidente municipal de Corregidora, Chepe Guerrero, encabez\u00f3 la entrega de 121 lentes a alumnas y alumnos de la escuela primaria Reforma Agraria, quienes fueron diagnosticados con dificultades visuales tras una revisi\u00f3n realizada a los 514 estudiantes del plantel. Esta acci\u00f3n forma parte del programa \u201cVer Bien para Aprender Mejor\u201d, impulsado con inversi\u00f3n [&hellip;]<\/p>\n","protected":false},"author":2,"featured_media":53356,"comment_status":"","ping_status":"","sticky":false,"template":"","format":"standard","meta":{"_monsterinsights_skip_tracking":false,"_monsterinsights_sitenote_active":false,"_monsterinsights_sitenote_note":"","_monsterinsights_sitenote_category":0,"footnotes":""},"categories":[4],"tags":[],"class_list":["post-53355","post","type-post","status-publish","format-standard","has-post-thumbnail","hentry","category-queretaro"],"_links":{"self":[{"href":"https:\/\/informebajio.com.mx\/index.php?rest_route=\/wp\/v2\/posts\/53355","targetHints":{"allow":["GET"]}}],"collection":[{"href":"https:\/\/informebajio.com.mx\/index.php?rest_route=\/wp\/v2\/posts"}],"about":[{"href":"https:\/\/informebajio.com.mx\/index.php?rest_route=\/wp\/v2\/types\/post"}],"author":[{"embeddable":true,"href":"https:\/\/informebajio.com.mx\/index.php?rest_route=\/wp\/v2\/users\/2"}],"replies":[{"embeddable":true,"href":"https:\/\/informebajio.com.mx\/index.php?rest_route=%2Fwp%2Fv2%2Fcomments&post=53355"}],"version-history":[{"count":0,"href":"https:\/\/informebajio.com.mx\/index.php?rest_route=\/wp\/v2\/posts\/53355\/revisions"}],"wp:featuredmedia":[{"embeddable":true,"href":"https:\/\/informebajio.com.mx\/index.php?rest_route=\/wp\/v2\/media\/53356"}],"wp:attachment":[{"href":"https:\/\/informebajio.com.mx\/index.php?rest_route=%2Fwp%2Fv2%2Fmedia&parent=53355"}],"wp:term":[{"taxonomy":"category","embeddable":true,"href":"https:\/\/informebajio.com.mx\/index.php?rest_route=%2Fwp%2Fv2%2Fcategories&post=53355"},{"taxonomy":"post_tag","embeddable":true,"href":"https:\/\/informebajio.com.mx\/index.php?rest_route=%2Fwp%2Fv2%2Ftags&post=53355"}],"curies":[{"name":"wp","href":"https:\/\/api.w.org\/{rel}","templated":true}]}}