{"id":53357,"date":"2025-12-03T15:51:08","date_gmt":"2025-12-03T21:51:08","guid":{"rendered":"https:\/\/informebajio.com.mx\/?p=53357"},"modified":"2025-12-03T15:51:08","modified_gmt":"2025-12-03T21:51:08","slug":"coordinan-esfuerzos-para-la-formacion-ambiental-de-estudiantes-universitarios","status":"publish","type":"post","link":"https:\/\/informebajio.com.mx\/?p=53357","title":{"rendered":"COORDINAN ESFUERZOS PARA LA FORMACI\u00d3N AMBIENTAL DE ESTUDIANTES UNIVERSITARIOS"},"content":{"rendered":"<div>\n<p>La Secretar\u00eda de Ecolog\u00eda y Gesti\u00f3n Ambiental y el Instituto Tecnol\u00f3gico Superior firmaron un convenio que permitir\u00e1 fortalecer el servicio social y las pr\u00e1cticas profesionales del alumnado.<\/p>\n<p>La Secretar\u00eda de Ecolog\u00eda y Gesti\u00f3n Ambiental (Segam), y el Instituto Tecnol\u00f3gico Superior de San Luis Potos\u00ed firmaron un convenio de colaboraci\u00f3n que permitir\u00e1 fortalecer el servicio social y las pr\u00e1cticas profesionales del alumnado, impulsando nuevas oportunidades de formaci\u00f3n en temas ambientales.<\/p>\n<figure class=\"wp-block-gallery has-nested-images columns-default is-cropped wp-block-gallery-1 is-layout-flex wp-block-gallery-is-layout-flex\">\n<figure class=\"wp-block-image size-large\"><img fetchpriority=\"high\" decoding=\"async\" width=\"950\" height=\"713\" data-id=\"211152\" src=\"https:\/\/b559124.smushcdn.com\/559124\/wp-content\/uploads\/2025\/12\/1000106212-950x713.jpg?lossy=2&amp;strip=1&amp;webp=1\" alt=\"\" class=\"wp-image-211152\" srcset=\"https:\/\/b559124.smushcdn.com\/559124\/wp-content\/uploads\/2025\/12\/1000106212-950x713.jpg?lossy=2&amp;strip=1&amp;webp=1 950w, https:\/\/b559124.smushcdn.com\/559124\/wp-content\/uploads\/2025\/12\/1000106212-600x450.jpg?lossy=2&amp;strip=1&amp;webp=1 600w, https:\/\/b559124.smushcdn.com\/559124\/wp-content\/uploads\/2025\/12\/1000106212-scaled.jpg?lossy=2&amp;strip=1&amp;webp=1 1000w, https:\/\/b559124.smushcdn.com\/559124\/wp-content\/uploads\/2025\/12\/1000106212.jpg?size=160x120&amp;lossy=2&amp;strip=1&amp;webp=1 160w, https:\/\/b559124.smushcdn.com\/559124\/wp-content\/uploads\/2025\/12\/1000106212.jpg?size=320x240&amp;lossy=2&amp;strip=1&amp;webp=1 320w, https:\/\/b559124.smushcdn.com\/559124\/wp-content\/uploads\/2025\/12\/1000106212.jpg?size=480x360&amp;lossy=2&amp;strip=1&amp;webp=1 480w, https:\/\/b559124.smushcdn.com\/559124\/wp-content\/uploads\/2025\/12\/1000106212.jpg?size=800x600&amp;lossy=2&amp;strip=1&amp;webp=1 800w\" sizes=\"(max-width: 950px) 100vw, 950px\"\/><\/figure>\n<figure class=\"wp-block-image size-large\"><img loading=\"lazy\" decoding=\"async\" width=\"950\" height=\"713\" data-id=\"211153\" src=\"https:\/\/b559124.smushcdn.com\/559124\/wp-content\/uploads\/2025\/12\/1000106214-950x713.jpg?lossy=2&amp;strip=1&amp;webp=1\" alt=\"\" class=\"wp-image-211153 lazyload\" srcset=\"https:\/\/b559124.smushcdn.com\/559124\/wp-content\/uploads\/2025\/12\/1000106214-950x713.jpg?lossy=2&amp;strip=1&amp;webp=1 950w, https:\/\/b559124.smushcdn.com\/559124\/wp-content\/uploads\/2025\/12\/1000106214-600x450.jpg?lossy=2&amp;strip=1&amp;webp=1 600w, https:\/\/b559124.smushcdn.com\/559124\/wp-content\/uploads\/2025\/12\/1000106214-scaled.jpg?lossy=2&amp;strip=1&amp;webp=1 1000w, https:\/\/b559124.smushcdn.com\/559124\/wp-content\/uploads\/2025\/12\/1000106214.jpg?size=160x120&amp;lossy=2&amp;strip=1&amp;webp=1 160w, https:\/\/b559124.smushcdn.com\/559124\/wp-content\/uploads\/2025\/12\/1000106214.jpg?size=320x240&amp;lossy=2&amp;strip=1&amp;webp=1 320w, https:\/\/b559124.smushcdn.com\/559124\/wp-content\/uploads\/2025\/12\/1000106214.jpg?size=480x360&amp;lossy=2&amp;strip=1&amp;webp=1 480w, https:\/\/b559124.smushcdn.com\/559124\/wp-content\/uploads\/2025\/12\/1000106214.jpg?size=800x600&amp;lossy=2&amp;strip=1&amp;webp=1 800w\" data-sizes=\"auto\" style=\"--smush-placeholder-width: 950px; --smush-placeholder-aspect-ratio: 950\/713;\" data-original-sizes=\"(max-width: 950px) 100vw, 950px\"\/><\/figure>\n<\/figure>\n<p>Este acuerdo, impulsado por el Gobierno del Estado, que encabeza Ricardo Gallardo Cardona, tiene como objetivo desarrollar proyectos conjuntos en materia de educaci\u00f3n ambiental, sustentabilidad y gesti\u00f3n ecol\u00f3gica para ampliar sin l\u00edmites las capacidades de ambas instituciones y fomentar una mayor participaci\u00f3n de la juventud en acciones que contribuyan al bienestar del entorno.<\/p>\n<figure class=\"wp-block-gallery has-nested-images columns-default is-cropped wp-block-gallery-2 is-layout-flex wp-block-gallery-is-layout-flex\">\n<figure class=\"wp-block-image size-large\"><img loading=\"lazy\" decoding=\"async\" width=\"950\" height=\"713\" data-id=\"211154\" src=\"https:\/\/b559124.smushcdn.com\/559124\/wp-content\/uploads\/2025\/12\/1000106211-950x713.jpg?lossy=2&amp;strip=1&amp;webp=1\" alt=\"\" class=\"wp-image-211154 lazyload\" srcset=\"https:\/\/b559124.smushcdn.com\/559124\/wp-content\/uploads\/2025\/12\/1000106211-950x713.jpg?lossy=2&amp;strip=1&amp;webp=1 950w, https:\/\/b559124.smushcdn.com\/559124\/wp-content\/uploads\/2025\/12\/1000106211-600x450.jpg?lossy=2&amp;strip=1&amp;webp=1 600w, https:\/\/b559124.smushcdn.com\/559124\/wp-content\/uploads\/2025\/12\/1000106211-scaled.jpg?lossy=2&amp;strip=1&amp;webp=1 1000w, https:\/\/b559124.smushcdn.com\/559124\/wp-content\/uploads\/2025\/12\/1000106211.jpg?size=160x120&amp;lossy=2&amp;strip=1&amp;webp=1 160w, https:\/\/b559124.smushcdn.com\/559124\/wp-content\/uploads\/2025\/12\/1000106211.jpg?size=320x240&amp;lossy=2&amp;strip=1&amp;webp=1 320w, https:\/\/b559124.smushcdn.com\/559124\/wp-content\/uploads\/2025\/12\/1000106211.jpg?size=480x360&amp;lossy=2&amp;strip=1&amp;webp=1 480w, https:\/\/b559124.smushcdn.com\/559124\/wp-content\/uploads\/2025\/12\/1000106211.jpg?size=800x600&amp;lossy=2&amp;strip=1&amp;webp=1 800w\" data-sizes=\"auto\" style=\"--smush-placeholder-width: 950px; --smush-placeholder-aspect-ratio: 950\/713;\" data-original-sizes=\"(max-width: 950px) 100vw, 950px\"\/><\/figure>\n<figure class=\"wp-block-image size-large\"><img loading=\"lazy\" decoding=\"async\" width=\"950\" height=\"713\" data-id=\"211155\" src=\"https:\/\/b559124.smushcdn.com\/559124\/wp-content\/uploads\/2025\/12\/1000106213-950x713.jpg?lossy=2&amp;strip=1&amp;webp=1\" alt=\"\" class=\"wp-image-211155 lazyload\" srcset=\"https:\/\/b559124.smushcdn.com\/559124\/wp-content\/uploads\/2025\/12\/1000106213-950x713.jpg?lossy=2&amp;strip=1&amp;webp=1 950w, https:\/\/b559124.smushcdn.com\/559124\/wp-content\/uploads\/2025\/12\/1000106213-600x450.jpg?lossy=2&amp;strip=1&amp;webp=1 600w, https:\/\/b559124.smushcdn.com\/559124\/wp-content\/uploads\/2025\/12\/1000106213-scaled.jpg?lossy=2&amp;strip=1&amp;webp=1 1000w, https:\/\/b559124.smushcdn.com\/559124\/wp-content\/uploads\/2025\/12\/1000106213.jpg?size=160x120&amp;lossy=2&amp;strip=1&amp;webp=1 160w, https:\/\/b559124.smushcdn.com\/559124\/wp-content\/uploads\/2025\/12\/1000106213.jpg?size=320x240&amp;lossy=2&amp;strip=1&amp;webp=1 320w, https:\/\/b559124.smushcdn.com\/559124\/wp-content\/uploads\/2025\/12\/1000106213.jpg?size=480x360&amp;lossy=2&amp;strip=1&amp;webp=1 480w, https:\/\/b559124.smushcdn.com\/559124\/wp-content\/uploads\/2025\/12\/1000106213.jpg?size=800x600&amp;lossy=2&amp;strip=1&amp;webp=1 800w\" data-sizes=\"auto\" style=\"--smush-placeholder-width: 950px; --smush-placeholder-aspect-ratio: 950\/713;\" data-original-sizes=\"(max-width: 950px) 100vw, 950px\"\/><\/figure>\n<\/figure><\/div>\n<p><\/p>\n","protected":false},"excerpt":{"rendered":"<p>La Secretar\u00eda de Ecolog\u00eda y Gesti\u00f3n Ambiental y el Instituto Tecnol\u00f3gico Superior firmaron un convenio que permitir\u00e1 fortalecer el servicio social y las pr\u00e1cticas profesionales del alumnado. La Secretar\u00eda de Ecolog\u00eda y Gesti\u00f3n Ambiental (Segam), y el Instituto Tecnol\u00f3gico Superior de San Luis Potos\u00ed firmaron un convenio de colaboraci\u00f3n que permitir\u00e1 fortalecer el servicio social [&hellip;]<\/p>\n","protected":false},"author":2,"featured_media":53358,"comment_status":"","ping_status":"","sticky":false,"template":"","format":"standard","meta":{"_monsterinsights_skip_tracking":false,"_monsterinsights_sitenote_active":false,"_monsterinsights_sitenote_note":"","_monsterinsights_sitenote_category":0,"footnotes":""},"categories":[5],"tags":[],"class_list":["post-53357","post","type-post","status-publish","format-standard","has-post-thumbnail","hentry","category-san-luis-potosi"],"_links":{"self":[{"href":"https:\/\/informebajio.com.mx\/index.php?rest_route=\/wp\/v2\/posts\/53357","targetHints":{"allow":["GET"]}}],"collection":[{"href":"https:\/\/informebajio.com.mx\/index.php?rest_route=\/wp\/v2\/posts"}],"about":[{"href":"https:\/\/informebajio.com.mx\/index.php?rest_route=\/wp\/v2\/types\/post"}],"author":[{"embeddable":true,"href":"https:\/\/informebajio.com.mx\/index.php?rest_route=\/wp\/v2\/users\/2"}],"replies":[{"embeddable":true,"href":"https:\/\/informebajio.com.mx\/index.php?rest_route=%2Fwp%2Fv2%2Fcomments&post=53357"}],"version-history":[{"count":0,"href":"https:\/\/informebajio.com.mx\/index.php?rest_route=\/wp\/v2\/posts\/53357\/revisions"}],"wp:featuredmedia":[{"embeddable":true,"href":"https:\/\/informebajio.com.mx\/index.php?rest_route=\/wp\/v2\/media\/53358"}],"wp:attachment":[{"href":"https:\/\/informebajio.com.mx\/index.php?rest_route=%2Fwp%2Fv2%2Fmedia&parent=53357"}],"wp:term":[{"taxonomy":"category","embeddable":true,"href":"https:\/\/informebajio.com.mx\/index.php?rest_route=%2Fwp%2Fv2%2Fcategories&post=53357"},{"taxonomy":"post_tag","embeddable":true,"href":"https:\/\/informebajio.com.mx\/index.php?rest_route=%2Fwp%2Fv2%2Ftags&post=53357"}],"curies":[{"name":"wp","href":"https:\/\/api.w.org\/{rel}","templated":true}]}}