{"id":53359,"date":"2025-12-03T16:34:00","date_gmt":"2025-12-03T22:34:00","guid":{"rendered":"https:\/\/informebajio.com.mx\/?p=53359"},"modified":"2025-12-03T16:34:00","modified_gmt":"2025-12-03T22:34:00","slug":"presentan-tarjeton-para-personas-con-discapacidad","status":"publish","type":"post","link":"https:\/\/informebajio.com.mx\/?p=53359","title":{"rendered":"Presentan tarjet\u00f3n para personas con discapacidad"},"content":{"rendered":"<div>\n<p><span style=\"font-weight: 400;\">Noticias<\/span><\/p>\n<p>\u00a0<\/p>\n<p><span style=\"font-weight: 400;\">En el marco del programa de refuerzo de turismo incluyente, la Secretar\u00eda de Turismo anunci\u00f3 la puesta en marcha del tarjet\u00f3n para personas con discapacidad, una iniciativa respaldada por el presidente municipal de Quer\u00e9taro, Felifer Mac\u00edas y alineada al compromiso municipal por procurar un destino m\u00e1s accesible, justo y equitativo para todas las personas.<\/span><\/p>\n<p><span style=\"font-weight: 400;\">La secretaria de Turismo, Mariana Ortiz, destac\u00f3 que \u201cel turismo debe de ser justo e incluyente\u201d, al subrayar que esta medida busca facilitar la movilidad y mejorar la experiencia de visitantes y habitantes con discapacidad. Asimismo, inform\u00f3 que el tarjet\u00f3n ya se encuentra disponible en el Centro de Atenci\u00f3n al Turista del Municipio de Quer\u00e9taro (CAPTA).<\/span><\/p>\n<p><span style=\"font-weight: 400;\">Esto permitir\u00e1 que las personas con discapacidad tengan mejores condiciones de movilidad, con un uso correcto de los espacios de estacionamiento preferentes. Adem\u00e1s, fortalece el trabajo del Municipio para quitar obst\u00e1culos y avanzar hacia una ciudad verdaderamente accesible.<\/span><\/p>\n<p><span style=\"font-weight: 400;\">El director de Derechos Humanos de la Secretar\u00eda de Desarrollo Social, Rolando Valdez Nieto, realiz\u00f3 las gestiones pertinentes para consolidar esta iniciativa e integrar a la Secretar\u00eda de Turismo en su implementaci\u00f3n. Gracias a este trabajo interinstitucional, se robustece el sector tur\u00edstico del municipio con una oferta diversificada orientada a la inclusi\u00f3n, fortaleciendo as\u00ed la visi\u00f3n de un destino que atiende y valora la diversidad de todas las personas.<\/span><\/p>\n<p><span style=\"font-weight: 400;\">El tarjet\u00f3n estar\u00e1 disponible de lunes a domingo, en un horario de 10:00 a 18:00 horas, directamente en las instalaciones de CAPTA, ubicadas en Vicente Guerrero 2B, Colonia Centro, donde el personal de la dependencia ofrecer\u00e1 acompa\u00f1amiento para su entrega.<\/span><\/p>\n<\/div>\n<p><script>(function(d, s, id) {\n  var js, fjs = d.getElementsByTagName(s)[0];\n  if (d.getElementById(id)) return;\n  js = d.createElement(s); js.id = id;\n  js.src = \"\/\/connect.facebook.net\/es_LA\/sdk.js#xfbml=1&appId=546007945598485&version=v2.3\";\n  fjs.parentNode.insertBefore(js, fjs);\n}(document, 'script', 'facebook-jssdk'));<\/script><\/p>\n","protected":false},"excerpt":{"rendered":"<p>Noticias \u00a0 En el marco del programa de refuerzo de turismo incluyente, la Secretar\u00eda de Turismo anunci\u00f3 la puesta en marcha del tarjet\u00f3n para personas con discapacidad, una iniciativa respaldada por el presidente municipal de Quer\u00e9taro, Felifer Mac\u00edas y alineada al compromiso municipal por procurar un destino m\u00e1s accesible, justo y equitativo para todas las [&hellip;]<\/p>\n","protected":false},"author":2,"featured_media":53360,"comment_status":"","ping_status":"","sticky":false,"template":"","format":"standard","meta":{"_monsterinsights_skip_tracking":false,"_monsterinsights_sitenote_active":false,"_monsterinsights_sitenote_note":"","_monsterinsights_sitenote_category":0,"footnotes":""},"categories":[4],"tags":[],"class_list":["post-53359","post","type-post","status-publish","format-standard","has-post-thumbnail","hentry","category-queretaro"],"_links":{"self":[{"href":"https:\/\/informebajio.com.mx\/index.php?rest_route=\/wp\/v2\/posts\/53359","targetHints":{"allow":["GET"]}}],"collection":[{"href":"https:\/\/informebajio.com.mx\/index.php?rest_route=\/wp\/v2\/posts"}],"about":[{"href":"https:\/\/informebajio.com.mx\/index.php?rest_route=\/wp\/v2\/types\/post"}],"author":[{"embeddable":true,"href":"https:\/\/informebajio.com.mx\/index.php?rest_route=\/wp\/v2\/users\/2"}],"replies":[{"embeddable":true,"href":"https:\/\/informebajio.com.mx\/index.php?rest_route=%2Fwp%2Fv2%2Fcomments&post=53359"}],"version-history":[{"count":0,"href":"https:\/\/informebajio.com.mx\/index.php?rest_route=\/wp\/v2\/posts\/53359\/revisions"}],"wp:featuredmedia":[{"embeddable":true,"href":"https:\/\/informebajio.com.mx\/index.php?rest_route=\/wp\/v2\/media\/53360"}],"wp:attachment":[{"href":"https:\/\/informebajio.com.mx\/index.php?rest_route=%2Fwp%2Fv2%2Fmedia&parent=53359"}],"wp:term":[{"taxonomy":"category","embeddable":true,"href":"https:\/\/informebajio.com.mx\/index.php?rest_route=%2Fwp%2Fv2%2Fcategories&post=53359"},{"taxonomy":"post_tag","embeddable":true,"href":"https:\/\/informebajio.com.mx\/index.php?rest_route=%2Fwp%2Fv2%2Ftags&post=53359"}],"curies":[{"name":"wp","href":"https:\/\/api.w.org\/{rel}","templated":true}]}}