{"id":53363,"date":"2025-12-03T20:51:51","date_gmt":"2025-12-04T02:51:51","guid":{"rendered":"https:\/\/informebajio.com.mx\/?p=53363"},"modified":"2025-12-03T20:51:51","modified_gmt":"2025-12-04T02:51:51","slug":"gobierno-estatal-fortalece-seguridad-y-autonomia-de-jovenes-potosinas","status":"publish","type":"post","link":"https:\/\/informebajio.com.mx\/?p=53363","title":{"rendered":"GOBIERNO ESTATAL FORTALECE SEGURIDAD Y AUTONOM\u00cdA DE J\u00d3VENES POTOSINAS"},"content":{"rendered":"<div>\n<p>Con el taller de defensa personal, potosinas adquirieron herramientas pr\u00e1cticas para fortalecer sin l\u00edmites su seguridad personal y confianza.<\/p>\n<p>El Instituto Potosino de la Juventud (Inpojuve) y la Secretar\u00eda de las Mujeres e Igualdad Sustantiva (Semujeres) realizaron con \u00e9xito el taller de defensa personal \u201cTu cuerpo, tu poder\u201d, impartido por la sensei segundo Dan en Karate Do, Grecia Villa, en el que j\u00f3venes potosinas adquirieron herramientas pr\u00e1cticas para fortalecer sin l\u00edmites su seguridad personal y confianza, promoviendo entornos de autonom\u00eda y autocuidado.<\/p>\n<figure class=\"wp-block-gallery has-nested-images columns-default is-cropped wp-block-gallery-1 is-layout-flex wp-block-gallery-is-layout-flex\">\n<figure class=\"wp-block-image size-large\"><img fetchpriority=\"high\" decoding=\"async\" width=\"950\" height=\"634\" data-id=\"211176\" src=\"https:\/\/b559124.smushcdn.com\/559124\/wp-content\/uploads\/2025\/12\/1000106249-950x634.jpg?lossy=2&amp;strip=1&amp;webp=1\" alt=\"\" class=\"wp-image-211176\" srcset=\"https:\/\/b559124.smushcdn.com\/559124\/wp-content\/uploads\/2025\/12\/1000106249-950x634.jpg?lossy=2&amp;strip=1&amp;webp=1 950w, https:\/\/b559124.smushcdn.com\/559124\/wp-content\/uploads\/2025\/12\/1000106249-600x400.jpg?lossy=2&amp;strip=1&amp;webp=1 600w, https:\/\/b559124.smushcdn.com\/559124\/wp-content\/uploads\/2025\/12\/1000106249-scaled.jpg?lossy=2&amp;strip=1&amp;webp=1 1000w, https:\/\/b559124.smushcdn.com\/559124\/wp-content\/uploads\/2025\/12\/1000106249.jpg?size=160x107&amp;lossy=2&amp;strip=1&amp;webp=1 160w, https:\/\/b559124.smushcdn.com\/559124\/wp-content\/uploads\/2025\/12\/1000106249.jpg?size=320x214&amp;lossy=2&amp;strip=1&amp;webp=1 320w, https:\/\/b559124.smushcdn.com\/559124\/wp-content\/uploads\/2025\/12\/1000106249.jpg?size=480x320&amp;lossy=2&amp;strip=1&amp;webp=1 480w, https:\/\/b559124.smushcdn.com\/559124\/wp-content\/uploads\/2025\/12\/1000106249.jpg?size=800x534&amp;lossy=2&amp;strip=1&amp;webp=1 800w\" sizes=\"(max-width: 950px) 100vw, 950px\"\/><\/figure>\n<figure class=\"wp-block-image size-large\"><img loading=\"lazy\" decoding=\"async\" width=\"950\" height=\"633\" data-id=\"211177\" src=\"https:\/\/b559124.smushcdn.com\/559124\/wp-content\/uploads\/2025\/12\/1000106252-950x633.jpg?lossy=2&amp;strip=1&amp;webp=1\" alt=\"\" class=\"wp-image-211177 lazyload\" srcset=\"https:\/\/b559124.smushcdn.com\/559124\/wp-content\/uploads\/2025\/12\/1000106252-950x633.jpg?lossy=2&amp;strip=1&amp;webp=1 950w, https:\/\/b559124.smushcdn.com\/559124\/wp-content\/uploads\/2025\/12\/1000106252-600x400.jpg?lossy=2&amp;strip=1&amp;webp=1 600w, https:\/\/b559124.smushcdn.com\/559124\/wp-content\/uploads\/2025\/12\/1000106252-scaled.jpg?lossy=2&amp;strip=1&amp;webp=1 1000w, https:\/\/b559124.smushcdn.com\/559124\/wp-content\/uploads\/2025\/12\/1000106252.jpg?size=160x107&amp;lossy=2&amp;strip=1&amp;webp=1 160w, https:\/\/b559124.smushcdn.com\/559124\/wp-content\/uploads\/2025\/12\/1000106252.jpg?size=320x213&amp;lossy=2&amp;strip=1&amp;webp=1 320w, https:\/\/b559124.smushcdn.com\/559124\/wp-content\/uploads\/2025\/12\/1000106252.jpg?size=480x320&amp;lossy=2&amp;strip=1&amp;webp=1 480w, https:\/\/b559124.smushcdn.com\/559124\/wp-content\/uploads\/2025\/12\/1000106252.jpg?size=800x533&amp;lossy=2&amp;strip=1&amp;webp=1 800w\" data-sizes=\"auto\" style=\"--smush-placeholder-width: 950px; --smush-placeholder-aspect-ratio: 950\/633;\" data-original-sizes=\"(max-width: 950px) 100vw, 950px\"\/><\/figure>\n<\/figure>\n<p>Adem\u00e1s, para seguir promoviendo las pol\u00edticas de cero tolerancia a la violencia contra las mujeres y de protecci\u00f3n a las potosinas, se present\u00f3 en el auditorio del Instituto la exposici\u00f3n pict\u00f3rica \u201cRetratos de valent\u00eda\u201d, de la artista Miriam Moreno Castillo. Asimismo, en coordinaci\u00f3n con la Secretar\u00eda de Educaci\u00f3n de Gobierno del Estado (SEGE), se imparti\u00f3 una pl\u00e1tica formativa en la Escuela Normal de Estudios Superiores del Magisterio Potosino (Enesmapo), con la que se cerr\u00f3 una jornada de reflexi\u00f3n y aprendizaje orientada a la construcci\u00f3n de una sociedad m\u00e1s justa y libre de violencia.<\/p>\n<figure class=\"wp-block-gallery has-nested-images columns-default is-cropped wp-block-gallery-2 is-layout-flex wp-block-gallery-is-layout-flex\">\n<figure class=\"wp-block-image size-large\"><img loading=\"lazy\" decoding=\"async\" width=\"950\" height=\"831\" data-id=\"211178\" src=\"https:\/\/b559124.smushcdn.com\/559124\/wp-content\/uploads\/2025\/12\/1000106250-950x831.jpg?lossy=2&amp;strip=1&amp;webp=1\" alt=\"\" class=\"wp-image-211178 lazyload\" srcset=\"https:\/\/b559124.smushcdn.com\/559124\/wp-content\/uploads\/2025\/12\/1000106250-950x831.jpg?lossy=2&amp;strip=1&amp;webp=1 950w, https:\/\/b559124.smushcdn.com\/559124\/wp-content\/uploads\/2025\/12\/1000106250-600x525.jpg?lossy=2&amp;strip=1&amp;webp=1 600w, https:\/\/b559124.smushcdn.com\/559124\/wp-content\/uploads\/2025\/12\/1000106250-scaled.jpg?lossy=2&amp;strip=1&amp;webp=1 1000w, https:\/\/b559124.smushcdn.com\/559124\/wp-content\/uploads\/2025\/12\/1000106250.jpg?size=160x140&amp;lossy=2&amp;strip=1&amp;webp=1 160w, https:\/\/b559124.smushcdn.com\/559124\/wp-content\/uploads\/2025\/12\/1000106250.jpg?size=320x280&amp;lossy=2&amp;strip=1&amp;webp=1 320w, https:\/\/b559124.smushcdn.com\/559124\/wp-content\/uploads\/2025\/12\/1000106250.jpg?size=480x420&amp;lossy=2&amp;strip=1&amp;webp=1 480w, https:\/\/b559124.smushcdn.com\/559124\/wp-content\/uploads\/2025\/12\/1000106250.jpg?size=800x700&amp;lossy=2&amp;strip=1&amp;webp=1 800w\" data-sizes=\"auto\" style=\"--smush-placeholder-width: 950px; --smush-placeholder-aspect-ratio: 950\/831;\" data-original-sizes=\"(max-width: 950px) 100vw, 950px\"\/><\/figure>\n<figure class=\"wp-block-image size-large\"><img loading=\"lazy\" decoding=\"async\" width=\"950\" height=\"595\" data-id=\"211179\" src=\"https:\/\/b559124.smushcdn.com\/559124\/wp-content\/uploads\/2025\/12\/1000106251-950x595.jpg?lossy=2&amp;strip=1&amp;webp=1\" alt=\"\" class=\"wp-image-211179 lazyload\" srcset=\"https:\/\/b559124.smushcdn.com\/559124\/wp-content\/uploads\/2025\/12\/1000106251-950x595.jpg?lossy=2&amp;strip=1&amp;webp=1 950w, https:\/\/b559124.smushcdn.com\/559124\/wp-content\/uploads\/2025\/12\/1000106251-600x376.jpg?lossy=2&amp;strip=1&amp;webp=1 600w, https:\/\/b559124.smushcdn.com\/559124\/wp-content\/uploads\/2025\/12\/1000106251-1536x962.jpg?lossy=2&amp;strip=1&amp;webp=1 1536w, https:\/\/b559124.smushcdn.com\/559124\/wp-content\/uploads\/2025\/12\/1000106251-scaled.jpg?lossy=2&amp;strip=1&amp;webp=1 1000w, https:\/\/b559124.smushcdn.com\/559124\/wp-content\/uploads\/2025\/12\/1000106251.jpg?size=160x100&amp;lossy=2&amp;strip=1&amp;webp=1 160w, https:\/\/b559124.smushcdn.com\/559124\/wp-content\/uploads\/2025\/12\/1000106251.jpg?size=320x200&amp;lossy=2&amp;strip=1&amp;webp=1 320w, https:\/\/b559124.smushcdn.com\/559124\/wp-content\/uploads\/2025\/12\/1000106251.jpg?size=480x301&amp;lossy=2&amp;strip=1&amp;webp=1 480w, https:\/\/b559124.smushcdn.com\/559124\/wp-content\/uploads\/2025\/12\/1000106251.jpg?size=800x501&amp;lossy=2&amp;strip=1&amp;webp=1 800w\" data-sizes=\"auto\" style=\"--smush-placeholder-width: 950px; --smush-placeholder-aspect-ratio: 950\/595;\" data-original-sizes=\"(max-width: 950px) 100vw, 950px\"\/><\/figure>\n<\/figure><\/div>\n<p><\/p>\n","protected":false},"excerpt":{"rendered":"<p>Con el taller de defensa personal, potosinas adquirieron herramientas pr\u00e1cticas para fortalecer sin l\u00edmites su seguridad personal y confianza. El Instituto Potosino de la Juventud (Inpojuve) y la Secretar\u00eda de las Mujeres e Igualdad Sustantiva (Semujeres) realizaron con \u00e9xito el taller de defensa personal \u201cTu cuerpo, tu poder\u201d, impartido por la sensei segundo Dan en [&hellip;]<\/p>\n","protected":false},"author":2,"featured_media":53364,"comment_status":"","ping_status":"","sticky":false,"template":"","format":"standard","meta":{"_monsterinsights_skip_tracking":false,"_monsterinsights_sitenote_active":false,"_monsterinsights_sitenote_note":"","_monsterinsights_sitenote_category":0,"footnotes":""},"categories":[5],"tags":[],"class_list":["post-53363","post","type-post","status-publish","format-standard","has-post-thumbnail","hentry","category-san-luis-potosi"],"_links":{"self":[{"href":"https:\/\/informebajio.com.mx\/index.php?rest_route=\/wp\/v2\/posts\/53363","targetHints":{"allow":["GET"]}}],"collection":[{"href":"https:\/\/informebajio.com.mx\/index.php?rest_route=\/wp\/v2\/posts"}],"about":[{"href":"https:\/\/informebajio.com.mx\/index.php?rest_route=\/wp\/v2\/types\/post"}],"author":[{"embeddable":true,"href":"https:\/\/informebajio.com.mx\/index.php?rest_route=\/wp\/v2\/users\/2"}],"replies":[{"embeddable":true,"href":"https:\/\/informebajio.com.mx\/index.php?rest_route=%2Fwp%2Fv2%2Fcomments&post=53363"}],"version-history":[{"count":0,"href":"https:\/\/informebajio.com.mx\/index.php?rest_route=\/wp\/v2\/posts\/53363\/revisions"}],"wp:featuredmedia":[{"embeddable":true,"href":"https:\/\/informebajio.com.mx\/index.php?rest_route=\/wp\/v2\/media\/53364"}],"wp:attachment":[{"href":"https:\/\/informebajio.com.mx\/index.php?rest_route=%2Fwp%2Fv2%2Fmedia&parent=53363"}],"wp:term":[{"taxonomy":"category","embeddable":true,"href":"https:\/\/informebajio.com.mx\/index.php?rest_route=%2Fwp%2Fv2%2Fcategories&post=53363"},{"taxonomy":"post_tag","embeddable":true,"href":"https:\/\/informebajio.com.mx\/index.php?rest_route=%2Fwp%2Fv2%2Ftags&post=53363"}],"curies":[{"name":"wp","href":"https:\/\/api.w.org\/{rel}","templated":true}]}}