{"id":53371,"date":"2025-12-04T11:52:50","date_gmt":"2025-12-04T17:52:50","guid":{"rendered":"https:\/\/informebajio.com.mx\/?p=53371"},"modified":"2025-12-04T11:52:50","modified_gmt":"2025-12-04T17:52:50","slug":"pista-de-hielo-en-soledad-lista-para-enmarcar-la-navidad-en-familia-y-con-amigos","status":"publish","type":"post","link":"https:\/\/informebajio.com.mx\/?p=53371","title":{"rendered":"PISTA DE HIELO EN SOLEDAD, LISTA PARA ENMARCAR LA NAVIDAD EN FAMILIA Y CON AMIGOS"},"content":{"rendered":"<div>\n<p>Hasta el 6 de enero, la Pista de Hielo estar\u00e1 abierta al p\u00fablico en un horario de las 12 del d\u00eda a las 9 de la noche<\/p>\n<p>Aunado al encendido del \u00c1rbol Navide\u00f1o Monumental, la Villa Magica y un espect\u00e1culo de Maping que se proyectar\u00e1 en la Iglesia de Nuestra Se\u00f1ora de la Soledad, la Pista de Hielo se prepara para enmarcar la Navidad y brindar espacios de ilusi\u00f3n, uni\u00f3n y alegr\u00eda a miles de familias visitantes y locales, con una plancha g\u00e9lida en la que ni\u00f1os, j\u00f3venes y adultos podr\u00e1n disfrutar y rememorar grandes momentos.<\/p>\n<p>A partir de este martes, 2 de diciembre, desde las 6 de la tarde, las familias podr\u00e1n disfrutar un ambiente lleno de cercan\u00eda y alegr\u00eda con la presencia de Santa Claus, Mickey Mouse y varios personajes m\u00e1s para tomarse fotograf\u00edas y crear recuerdos inolvidables junto a quienes m\u00e1s quieren, en la Plaza principal.<\/p>\n<figure class=\"wp-block-image aligncenter size-large is-resized\"><img fetchpriority=\"high\" decoding=\"async\" width=\"950\" height=\"633\" src=\"https:\/\/b559124.smushcdn.com\/559124\/wp-content\/uploads\/2025\/12\/1000106337-950x633.jpg?lossy=2&amp;strip=1&amp;webp=1\" alt=\"\" class=\"wp-image-211199\" style=\"width:692px;height:auto\" srcset=\"https:\/\/b559124.smushcdn.com\/559124\/wp-content\/uploads\/2025\/12\/1000106337-950x633.jpg?lossy=2&amp;strip=1&amp;webp=1 950w, https:\/\/b559124.smushcdn.com\/559124\/wp-content\/uploads\/2025\/12\/1000106337-600x400.jpg?lossy=2&amp;strip=1&amp;webp=1 600w, https:\/\/b559124.smushcdn.com\/559124\/wp-content\/uploads\/2025\/12\/1000106337-1536x1023.jpg?lossy=2&amp;strip=1&amp;webp=1 1536w, https:\/\/b559124.smushcdn.com\/559124\/wp-content\/uploads\/2025\/12\/1000106337-scaled.jpg?lossy=2&amp;strip=1&amp;webp=1 1000w, https:\/\/b559124.smushcdn.com\/559124\/wp-content\/uploads\/2025\/12\/1000106337.jpg?size=160x107&amp;lossy=2&amp;strip=1&amp;webp=1 160w, https:\/\/b559124.smushcdn.com\/559124\/wp-content\/uploads\/2025\/12\/1000106337.jpg?size=320x213&amp;lossy=2&amp;strip=1&amp;webp=1 320w, https:\/\/b559124.smushcdn.com\/559124\/wp-content\/uploads\/2025\/12\/1000106337.jpg?size=480x320&amp;lossy=2&amp;strip=1&amp;webp=1 480w, https:\/\/b559124.smushcdn.com\/559124\/wp-content\/uploads\/2025\/12\/1000106337.jpg?size=800x533&amp;lossy=2&amp;strip=1&amp;webp=1 800w\" sizes=\"(max-width: 950px) 100vw, 950px\"\/><\/figure>\n<p>En punto de las 7 de la noche, se realizar\u00e1 el encendido oficial, acompa\u00f1ado del espect\u00e1culo de \u201cEl Cascanueces\u201d interpretado por la compa\u00f1\u00eda de ballet de Alicia Gerling, seguido de una presentaci\u00f3n sobre hielo con la patinadora mexicana Nina Qatrina, artista que ha brillado en escenarios internacionales como Praga, Espa\u00f1a, Italia y Alemania; adem\u00e1s, la fachada de la Iglesia de Nuestra Se\u00f1ora de la Soledad ser\u00e1 escenario de un impresionante show de video mapping que envolver\u00e1 al p\u00fablico en una experiencia visual inolvidable.<\/p>\n<p>La magia contin\u00faa todos los d\u00edas: la Pista de Hielo estar\u00e1 abierta del 2 de diciembre al 6 de enero, de las 12:00 a las 21:00 horas; mientras que la Villa M\u00e1gica Navide\u00f1a recibir\u00e1 visitantes a partir de las 6:00 de la tarde, con espacios para convivir y momentos inolvidables para capturar con Santa Claus, sus renos y personajes de la temporada.<\/p>\n<p>El Ayuntamiento de Soledad invita a todas las familias a ser parte de este inicio luminoso que celebra la uni\u00f3n y el esp\u00edritu navide\u00f1o, con un programa que encantar\u00e1 y que diversifica la cultura para asegurar una Navidad \u00fanica, inolvidable y llena de sorpresas para todas y todos.<\/p>\n<figure class=\"wp-block-image aligncenter size-large is-resized\"><img loading=\"lazy\" decoding=\"async\" width=\"744\" height=\"950\" src=\"https:\/\/b559124.smushcdn.com\/559124\/wp-content\/uploads\/2025\/12\/1000106336-744x950.jpg?lossy=2&amp;strip=1&amp;webp=1\" alt=\"\" class=\"wp-image-211200 lazyload\" style=\"--smush-placeholder-width: 744px; --smush-placeholder-aspect-ratio: 744\/950;width:692px;height:auto\" srcset=\"https:\/\/b559124.smushcdn.com\/559124\/wp-content\/uploads\/2025\/12\/1000106336-744x950.jpg?lossy=2&amp;strip=1&amp;webp=1 744w, https:\/\/b559124.smushcdn.com\/559124\/wp-content\/uploads\/2025\/12\/1000106336-470x600.jpg?lossy=2&amp;strip=1&amp;webp=1 470w, https:\/\/b559124.smushcdn.com\/559124\/wp-content\/uploads\/2025\/12\/1000106336-scaled.jpg?lossy=2&amp;strip=1&amp;webp=1 784w, https:\/\/b559124.smushcdn.com\/559124\/wp-content\/uploads\/2025\/12\/1000106336.jpg?size=160x204&amp;lossy=2&amp;strip=1&amp;webp=1 160w, https:\/\/b559124.smushcdn.com\/559124\/wp-content\/uploads\/2025\/12\/1000106336.jpg?size=320x409&amp;lossy=2&amp;strip=1&amp;webp=1 320w, https:\/\/b559124.smushcdn.com\/559124\/wp-content\/uploads\/2025\/12\/1000106336.jpg?size=640x817&amp;lossy=2&amp;strip=1&amp;webp=1 640w\" data-sizes=\"auto\" data-original-sizes=\"(max-width: 744px) 100vw, 744px\"\/><\/figure>\n<\/p><\/div>\n<p><\/p>\n","protected":false},"excerpt":{"rendered":"<p>Hasta el 6 de enero, la Pista de Hielo estar\u00e1 abierta al p\u00fablico en un horario de las 12 del d\u00eda a las 9 de la noche Aunado al encendido del \u00c1rbol Navide\u00f1o Monumental, la Villa Magica y un espect\u00e1culo de Maping que se proyectar\u00e1 en la Iglesia de Nuestra Se\u00f1ora de la Soledad, la [&hellip;]<\/p>\n","protected":false},"author":2,"featured_media":53372,"comment_status":"","ping_status":"","sticky":false,"template":"","format":"standard","meta":{"_monsterinsights_skip_tracking":false,"_monsterinsights_sitenote_active":false,"_monsterinsights_sitenote_note":"","_monsterinsights_sitenote_category":0,"footnotes":""},"categories":[5],"tags":[],"class_list":["post-53371","post","type-post","status-publish","format-standard","has-post-thumbnail","hentry","category-san-luis-potosi"],"_links":{"self":[{"href":"https:\/\/informebajio.com.mx\/index.php?rest_route=\/wp\/v2\/posts\/53371","targetHints":{"allow":["GET"]}}],"collection":[{"href":"https:\/\/informebajio.com.mx\/index.php?rest_route=\/wp\/v2\/posts"}],"about":[{"href":"https:\/\/informebajio.com.mx\/index.php?rest_route=\/wp\/v2\/types\/post"}],"author":[{"embeddable":true,"href":"https:\/\/informebajio.com.mx\/index.php?rest_route=\/wp\/v2\/users\/2"}],"replies":[{"embeddable":true,"href":"https:\/\/informebajio.com.mx\/index.php?rest_route=%2Fwp%2Fv2%2Fcomments&post=53371"}],"version-history":[{"count":0,"href":"https:\/\/informebajio.com.mx\/index.php?rest_route=\/wp\/v2\/posts\/53371\/revisions"}],"wp:featuredmedia":[{"embeddable":true,"href":"https:\/\/informebajio.com.mx\/index.php?rest_route=\/wp\/v2\/media\/53372"}],"wp:attachment":[{"href":"https:\/\/informebajio.com.mx\/index.php?rest_route=%2Fwp%2Fv2%2Fmedia&parent=53371"}],"wp:term":[{"taxonomy":"category","embeddable":true,"href":"https:\/\/informebajio.com.mx\/index.php?rest_route=%2Fwp%2Fv2%2Fcategories&post=53371"},{"taxonomy":"post_tag","embeddable":true,"href":"https:\/\/informebajio.com.mx\/index.php?rest_route=%2Fwp%2Fv2%2Ftags&post=53371"}],"curies":[{"name":"wp","href":"https:\/\/api.w.org\/{rel}","templated":true}]}}