{"id":53375,"date":"2025-12-04T16:53:07","date_gmt":"2025-12-04T22:53:07","guid":{"rendered":"https:\/\/informebajio.com.mx\/?p=53375"},"modified":"2025-12-04T16:53:07","modified_gmt":"2025-12-04T22:53:07","slug":"anuncia-dip-carlos-arreola-mallol-foro-inteligencia-artificial-y-su-regulacion-etica-en-san-luis-potosi-y-mexico","status":"publish","type":"post","link":"https:\/\/informebajio.com.mx\/?p=53375","title":{"rendered":"ANUNCIA DIP. CARLOS ARREOLA MALLOL FORO \u201cINTELIGENCIA ARTIFICIAL Y SU REGULACI\u00d3N \u00c9TICA EN SAN LUIS POTOS\u00cd Y M\u00c9XICO\u201d"},"content":{"rendered":"<div>\n<p>SER\u00c1 LOS D\u00cdAS 3 Y 4 DE DICIEMBRE DE 2025, EN EL SAL\u00d3N \u201cPONCIANO ARRIAGA LEIJA\u201d, DEL  RECINTO LEGISLATIVO Y EL AUDITORIO \u201cMANUEL G\u00d3MEZ MOR\u00cdN\u201d DE VALLEJO 200.<\/p>\n<p>Para fortalecer la comprensi\u00f3n p\u00fablica y especializada sobre la regulaci\u00f3n \u00e9tica de la Inteligencia Artificial en San Luis Potos\u00ed, el Congreso del Estado a trav\u00e9s del Instituto de Investigaci\u00f3n y Evaluaci\u00f3n Legislativa llevar\u00e1 a cabo el Foro de Parlamento Abierto \u201cInteligencia Artificial y su Regulaci\u00f3n \u00c9tica en San Luis Potos\u00ed y M\u00e9xico\u201d, los d\u00edas 3 y 4 de diciembre de 2025, en el Sal\u00f3n \u201cPonciano Arriaga Leija\u201d, del  Recinto Legislativo y el \u201cAuditorio Manuel G\u00f3mez Mor\u00edn\u201d en Vallejo 200.<\/p>\n<p>El diputado Carlos Arreola Mallol, director del Instituto de Investigaci\u00f3n y Evaluaci\u00f3n Legislativa, indic\u00f3 que este foro tendr\u00e1 como prop\u00f3sito conocer el alcance, necesidad y beneficios de las reformas al C\u00f3digo Penal, en materia de regulaci\u00f3n del uso de la inteligencia artificial, as\u00ed como su papel en la protecci\u00f3n de derechos, instituciones y paz social.<\/p>\n<p>\u201cSomos el primer estado que establece un debate de esta naturaleza, que tiene una reforma de regulaci\u00f3n de la Inteligencia Artificial, y queremos ser cuna del debate p\u00fablico, son bienvenidas todas y todos aquellos que est\u00e9n interesados en el tema, funcionarios, estudiantes, compa\u00f1eros de los medios de comunicaci\u00f3n, que es muy importante, porque tenemos que encontrar entre todas y todos, el equilibrio y la legalidad entre nuestros derechos a la libertad de expresi\u00f3n, la libertad personal, la identidad y el uso de estas nuevas herramientas\u201d.<\/p>\n<figure class=\"wp-block-image aligncenter size-full is-resized\"><img fetchpriority=\"high\" decoding=\"async\" width=\"936\" height=\"648\" src=\"https:\/\/b559124.smushcdn.com\/559124\/wp-content\/uploads\/2025\/12\/1000106351.jpg?lossy=2&amp;strip=1&amp;webp=1\" alt=\"\" class=\"wp-image-211221\" style=\"width:687px;height:auto\" srcset=\"https:\/\/b559124.smushcdn.com\/559124\/wp-content\/uploads\/2025\/12\/1000106351.jpg?lossy=2&amp;strip=1&amp;webp=1 936w, https:\/\/b559124.smushcdn.com\/559124\/wp-content\/uploads\/2025\/12\/1000106351-600x415.jpg?lossy=2&amp;strip=1&amp;webp=1 600w, https:\/\/b559124.smushcdn.com\/559124\/wp-content\/uploads\/2025\/12\/1000106351.jpg?size=160x111&amp;lossy=2&amp;strip=1&amp;webp=1 160w, https:\/\/b559124.smushcdn.com\/559124\/wp-content\/uploads\/2025\/12\/1000106351.jpg?size=320x222&amp;lossy=2&amp;strip=1&amp;webp=1 320w, https:\/\/b559124.smushcdn.com\/559124\/wp-content\/uploads\/2025\/12\/1000106351.jpg?size=480x332&amp;lossy=2&amp;strip=1&amp;webp=1 480w, https:\/\/b559124.smushcdn.com\/559124\/wp-content\/uploads\/2025\/12\/1000106351.jpg?size=800x554&amp;lossy=2&amp;strip=1&amp;webp=1 800w\" sizes=\"(max-width: 936px) 100vw, 936px\"\/><\/figure>\n<p>Inform\u00f3 que para el d\u00eda mi\u00e9rcoles 3 de diciembre, se tiene prevista la realizaci\u00f3n de la Conferencia Magistral \u201cHorizontes, oportunidades y riesgos de la Inteligencia Artificial en el sector p\u00fablico\u201d, impartida por el ponente Rodrigo Florencio da Silva, del Instituto Polit\u00e9cnico Nacional.<\/p>\n<p>Posteriormente, se realizar\u00e1 la Mesa de Trabajo, \u201c\u00c9tica, gobernanza y regulaci\u00f3n de la inteligencia artificial en la pol\u00edtica en el Estado\u201d, moderada por el Hugo Cansino Aguilar y como ponentes la Maestra Miriam Padilla; Luis \u00c1ngel Lara, Jackeline Bucio y Jorge Linares.<\/p>\n<p>Para el segundo d\u00eda, el 4 de diciembre, se tiene prevista la realizaci\u00f3n de la Mesa de trabajo, \u201cAplicaciones de la Inteligencia Artificial en gobiernos y pol\u00edticas p\u00fablicas: bienestar, movilidad, salud e industria\u201d, moderada por la Dra. Guadalupe del Carmen Briano Turrent; y como ponentes el Dr. Abraham C\u00e1rdenas Trist\u00e1n; Ing. Laura Alma D\u00edaz Torres (IPN); la Dra. Jessica Beltr\u00e1n; la Maestra Liliana G\u00e1mez Zavala; y el Dr. Jos\u00e9 Ignacio N\u00fa\u00f1ez Varela.<\/p>\n<p>Al t\u00e9rmino, tambi\u00e9n se realizar\u00e1 la Mesa de Trabajo, \u201cInteligencia Artificial y Democracia: Regulaci\u00f3n \u00c9tica y Desaf\u00edos Electorales en M\u00e9xico y San Luis Potos\u00ed\u201d, moderada por el diputado. Carlos Arreola Mallol; y como ponentes la Magistrada Dennise Adriana Porras Guerrero; el Dr. Juan Mario Sol\u00eds; el  LCC. Jes\u00fas Aguilar y el Dr. Jos\u00e9 Ignacio N\u00fa\u00f1ez Varela.<\/p>\n<\/p><\/div>\n<p><\/p>\n","protected":false},"excerpt":{"rendered":"<p>SER\u00c1 LOS D\u00cdAS 3 Y 4 DE DICIEMBRE DE 2025, EN EL SAL\u00d3N \u201cPONCIANO ARRIAGA LEIJA\u201d, DEL RECINTO LEGISLATIVO Y EL AUDITORIO \u201cMANUEL G\u00d3MEZ MOR\u00cdN\u201d DE VALLEJO 200. Para fortalecer la comprensi\u00f3n p\u00fablica y especializada sobre la regulaci\u00f3n \u00e9tica de la Inteligencia Artificial en San Luis Potos\u00ed, el Congreso del Estado a trav\u00e9s del Instituto [&hellip;]<\/p>\n","protected":false},"author":2,"featured_media":53376,"comment_status":"","ping_status":"","sticky":false,"template":"","format":"standard","meta":{"_monsterinsights_skip_tracking":false,"_monsterinsights_sitenote_active":false,"_monsterinsights_sitenote_note":"","_monsterinsights_sitenote_category":0,"footnotes":""},"categories":[5],"tags":[],"class_list":["post-53375","post","type-post","status-publish","format-standard","has-post-thumbnail","hentry","category-san-luis-potosi"],"_links":{"self":[{"href":"https:\/\/informebajio.com.mx\/index.php?rest_route=\/wp\/v2\/posts\/53375","targetHints":{"allow":["GET"]}}],"collection":[{"href":"https:\/\/informebajio.com.mx\/index.php?rest_route=\/wp\/v2\/posts"}],"about":[{"href":"https:\/\/informebajio.com.mx\/index.php?rest_route=\/wp\/v2\/types\/post"}],"author":[{"embeddable":true,"href":"https:\/\/informebajio.com.mx\/index.php?rest_route=\/wp\/v2\/users\/2"}],"replies":[{"embeddable":true,"href":"https:\/\/informebajio.com.mx\/index.php?rest_route=%2Fwp%2Fv2%2Fcomments&post=53375"}],"version-history":[{"count":0,"href":"https:\/\/informebajio.com.mx\/index.php?rest_route=\/wp\/v2\/posts\/53375\/revisions"}],"wp:featuredmedia":[{"embeddable":true,"href":"https:\/\/informebajio.com.mx\/index.php?rest_route=\/wp\/v2\/media\/53376"}],"wp:attachment":[{"href":"https:\/\/informebajio.com.mx\/index.php?rest_route=%2Fwp%2Fv2%2Fmedia&parent=53375"}],"wp:term":[{"taxonomy":"category","embeddable":true,"href":"https:\/\/informebajio.com.mx\/index.php?rest_route=%2Fwp%2Fv2%2Fcategories&post=53375"},{"taxonomy":"post_tag","embeddable":true,"href":"https:\/\/informebajio.com.mx\/index.php?rest_route=%2Fwp%2Fv2%2Ftags&post=53375"}],"curies":[{"name":"wp","href":"https:\/\/api.w.org\/{rel}","templated":true}]}}