{"id":53405,"date":"2025-12-06T04:40:13","date_gmt":"2025-12-06T10:40:13","guid":{"rendered":"https:\/\/informebajio.com.mx\/?p=53405"},"modified":"2025-12-06T04:40:13","modified_gmt":"2025-12-06T10:40:13","slug":"reforma-a-la-ley-de-amparo-reduce-la-proteccion-contra-los-contribuyentes","status":"publish","type":"post","link":"https:\/\/informebajio.com.mx\/?p=53405","title":{"rendered":"Reforma a la Ley de Amparo reduce la protecci\u00f3n contra los contribuyentes"},"content":{"rendered":"<div>\n<p>\u00a0<\/p>\n<p><span style=\"font-weight: 400;\">Howard Salas\u00a0<\/span><\/p>\n<p><span style=\"font-weight: 400;\">Noticias<\/span><\/p>\n<p><span style=\"font-weight: 400;\">El presidente de la AFEQ, Eric Anaya, advierte sobre las implicaciones que tendr\u00e1 la nueva Ley de Amparo en contra de los derechos de los contribuyentes \u201cHoy en d\u00eda ya no se otorga suspensi\u00f3n a los actos de la autoridad que puedan ser presumiblemente violatorios de los derechos humanos de los contribuyentes\u201d Coment\u00f3 Eric Anaya Hern\u00e1ndez.<\/span><span style=\"font-weight: 400;\"><br \/><\/span><span style=\"font-weight: 400;\">Si bien, Eric Anaya, expresa que no, es que sea malo la intenci\u00f3n de las autoridades que haya m\u00e1s medidas de control, para el cumplimiento de las obligaciones fiscales de los contribuyentes, si externa su inquietud ante esta nueva reforma en materia fiscal.\u00a0<\/span><\/p>\n<p><span style=\"font-weight: 400;\">\u201cM\u00e1s medidas de control, a m\u00e1s facultades para la autoridad para hacer efectivo el cumplimiento de las obligaciones tributarias No est\u00e1 mal, siempre y cuando tambi\u00e9n haya del lado de la autoridad empat\u00eda\u2026 Sin embargo, bueno, en esta reforma viene esa fiscalizaci\u00f3n, b\u00e1sicamente reformas a la ley de amparo\u2026 Primero embargamos, despu\u00e9s vemos si est\u00e1 bien hecho nuestro trabajo\u201d Explic\u00f3 el Presidente de la AFEQ.\u00a0<\/span><\/p>\n<p><span style=\"font-weight: 400;\">Es debido a que esta medida se est\u00e1 sumando a un contexto de mayor fiscalizaci\u00f3n, que Eric Anaya indica que exista un equilibrio en ambos lados para que tambi\u00e9n se proteja a los derechos de los contribuyentes.<\/span><\/p>\n<p><b>Implementaci\u00f3n de los CFDI<\/b><\/p>\n<p><span style=\"font-weight: 400;\">Dentro de este marco en que las autoridades obtengan una mayor cantidad de herramientas para verificar la materialidad y raz\u00f3n de los negocios, Eric Anaya destac\u00f3 que con la reforma que se est\u00e1 emitiendo respecto a los tickets, se pondr\u00e1 como requisito que los CFDI respalden una operaci\u00f3n real existente.\u00a0<\/span><\/p>\n<p><span style=\"font-weight: 400;\">\u201cDesde diciembre hubo una reforma constitucional al art\u00edculo 19\u00a0 y quedaba un poquito ambigua porque no se daba el concepto a nivel de ley de lo que era un comprobante falso. Hoy con la reforma al C\u00f3digo Fiscal de la Federaci\u00f3n est\u00e1n entablando que un requisito para emitir un CFDI es que ampare una operaci\u00f3n real existente, de lo contrario se considerar\u00e1 falsa, y ahora s\u00ed encuadra en aquel supuesto de prisi\u00f3n preventiva oficiosa que ha se\u00f1alado la Constituci\u00f3n en la reforma en diciembre de 2024\u201d Declar\u00f3 el presidente de la AFEQ.\u00a0<\/span><\/p>\n<\/div>\n<p><script>(function(d, s, id) {\n  var js, fjs = d.getElementsByTagName(s)[0];\n  if (d.getElementById(id)) return;\n  js = d.createElement(s); js.id = id;\n  js.src = \"\/\/connect.facebook.net\/es_LA\/sdk.js#xfbml=1&appId=546007945598485&version=v2.3\";\n  fjs.parentNode.insertBefore(js, fjs);\n}(document, 'script', 'facebook-jssdk'));<\/script><\/p>\n","protected":false},"excerpt":{"rendered":"<p>\u00a0 Howard Salas\u00a0 Noticias El presidente de la AFEQ, Eric Anaya, advierte sobre las implicaciones que tendr\u00e1 la nueva Ley de Amparo en contra de los derechos de los contribuyentes \u201cHoy en d\u00eda ya no se otorga suspensi\u00f3n a los actos de la autoridad que puedan ser presumiblemente violatorios de los derechos humanos de los [&hellip;]<\/p>\n","protected":false},"author":2,"featured_media":53406,"comment_status":"","ping_status":"","sticky":false,"template":"","format":"standard","meta":{"_monsterinsights_skip_tracking":false,"_monsterinsights_sitenote_active":false,"_monsterinsights_sitenote_note":"","_monsterinsights_sitenote_category":0,"footnotes":""},"categories":[4],"tags":[],"class_list":["post-53405","post","type-post","status-publish","format-standard","has-post-thumbnail","hentry","category-queretaro"],"_links":{"self":[{"href":"https:\/\/informebajio.com.mx\/index.php?rest_route=\/wp\/v2\/posts\/53405","targetHints":{"allow":["GET"]}}],"collection":[{"href":"https:\/\/informebajio.com.mx\/index.php?rest_route=\/wp\/v2\/posts"}],"about":[{"href":"https:\/\/informebajio.com.mx\/index.php?rest_route=\/wp\/v2\/types\/post"}],"author":[{"embeddable":true,"href":"https:\/\/informebajio.com.mx\/index.php?rest_route=\/wp\/v2\/users\/2"}],"replies":[{"embeddable":true,"href":"https:\/\/informebajio.com.mx\/index.php?rest_route=%2Fwp%2Fv2%2Fcomments&post=53405"}],"version-history":[{"count":0,"href":"https:\/\/informebajio.com.mx\/index.php?rest_route=\/wp\/v2\/posts\/53405\/revisions"}],"wp:featuredmedia":[{"embeddable":true,"href":"https:\/\/informebajio.com.mx\/index.php?rest_route=\/wp\/v2\/media\/53406"}],"wp:attachment":[{"href":"https:\/\/informebajio.com.mx\/index.php?rest_route=%2Fwp%2Fv2%2Fmedia&parent=53405"}],"wp:term":[{"taxonomy":"category","embeddable":true,"href":"https:\/\/informebajio.com.mx\/index.php?rest_route=%2Fwp%2Fv2%2Fcategories&post=53405"},{"taxonomy":"post_tag","embeddable":true,"href":"https:\/\/informebajio.com.mx\/index.php?rest_route=%2Fwp%2Fv2%2Ftags&post=53405"}],"curies":[{"name":"wp","href":"https:\/\/api.w.org\/{rel}","templated":true}]}}