{"id":53417,"date":"2025-12-07T00:01:58","date_gmt":"2025-12-07T06:01:58","guid":{"rendered":"https:\/\/informebajio.com.mx\/?p=53417"},"modified":"2025-12-07T00:01:58","modified_gmt":"2025-12-07T06:01:58","slug":"la-fiscal-general-del-estado-maria-manuela-garcia-comparecio-con-motivo-del-informe-del-ultimo-ano-de-gestion-presentado-ante-la-comision-primera-de-justicia","status":"publish","type":"post","link":"https:\/\/informebajio.com.mx\/?p=53417","title":{"rendered":"LA FISCAL GENERAL DEL ESTADO, MAR\u00cdA MANUELA GARC\u00cdA COMPARECI\u00d3 CON MOTIVO DEL INFORME DEL \u00daLTIMO A\u00d1O DE GESTI\u00d3N PRESENTADO ANTE LA COMISI\u00d3N PRIMERA DE JUSTICIA"},"content":{"rendered":"<div>\n<p>LAS Y LOS DIPUTADOS DE LOS GRUPOS Y REPRESENTACIONES PARLAMENTARIAS, ABORDARON DIVERSOS TEMAS SOBRE LA PROCURACI\u00d3N DE JUSTICIA<\/p>\n<p>La Fiscal General del Estado, Mar\u00eda Manuela Garc\u00eda C\u00e1zares compareci\u00f3 ante la Comisi\u00f3n Primera de Justicia en una reuni\u00f3n donde participaron representantes de los grupos y fracciones parlamentarias, en el sal\u00f3n de Pleno \u201cPonciano Arriaga\u201d, como parte del an\u00e1lisis del informe de actividades correspondiente al \u00faltimo a\u00f1o de gesti\u00f3n.<\/p>\n<p>La presidenta de la comisi\u00f3n legislativa, diputada Mar\u00eda Leticia V\u00e1zquez Hern\u00e1ndez destac\u00f3 la transparencia y rendici\u00f3n de cuentas que representa este ejercicio, donde las y los integrantes de la LXIV Legislatura tuvieron la oportunidad de ir a fondo en temas que son del inter\u00e9s de las y los potosinos relacionados a la procuraci\u00f3n de justicia.<\/p>\n<p>El diputado Marco Antonio Gama Basarte, plante\u00f3 la necesidad de crear la Fiscal\u00eda Especializada en B\u00fasqueda de Personas y la fiscal se\u00f1al\u00f3 que ya se trabaja con una Unidad Especializada, pero una vez que se haga la reforma para crear la Fiscal\u00eda, se har\u00e1 la migraci\u00f3n del personal, se crear\u00e1n cinco \u00e1reas y se contratar\u00e1 personal especializado, para lo que ya se tiene un presupuesto contemplado e incluso se considerar\u00e1 una ampliaci\u00f3n.<\/p>\n<p>La legisladora Frinn\u00e9 Azuara Yarz\u00e1bal pregunt\u00f3 sobre la estrategia de comunicaci\u00f3n para mantener informada a la poblaci\u00f3n de manera oportuna sobre hechos relevantes; la fiscal Garc\u00eda C\u00e1zares dijo que  hay una comunicaci\u00f3n directa con los ciudadanos a trav\u00e9s de las redes sociales y en casos donde la informaci\u00f3n es limitada, obedece a que se trata de investigaciones delicadas en curso, pero si hay datos generales que se difunden en boletines o ruedas de prensa.<\/p>\n<figure class=\"wp-block-image aligncenter size-full is-resized\"><img fetchpriority=\"high\" decoding=\"async\" width=\"936\" height=\"648\" src=\"https:\/\/b559124.smushcdn.com\/559124\/wp-content\/uploads\/2025\/12\/1000106563.jpg?lossy=2&amp;strip=1&amp;webp=1\" alt=\"\" class=\"wp-image-211250\" style=\"width:710px;height:auto\" srcset=\"https:\/\/b559124.smushcdn.com\/559124\/wp-content\/uploads\/2025\/12\/1000106563.jpg?lossy=2&amp;strip=1&amp;webp=1 936w, https:\/\/b559124.smushcdn.com\/559124\/wp-content\/uploads\/2025\/12\/1000106563-600x415.jpg?lossy=2&amp;strip=1&amp;webp=1 600w, https:\/\/b559124.smushcdn.com\/559124\/wp-content\/uploads\/2025\/12\/1000106563.jpg?size=160x111&amp;lossy=2&amp;strip=1&amp;webp=1 160w, https:\/\/b559124.smushcdn.com\/559124\/wp-content\/uploads\/2025\/12\/1000106563.jpg?size=320x222&amp;lossy=2&amp;strip=1&amp;webp=1 320w, https:\/\/b559124.smushcdn.com\/559124\/wp-content\/uploads\/2025\/12\/1000106563.jpg?size=480x332&amp;lossy=2&amp;strip=1&amp;webp=1 480w, https:\/\/b559124.smushcdn.com\/559124\/wp-content\/uploads\/2025\/12\/1000106563.jpg?size=800x554&amp;lossy=2&amp;strip=1&amp;webp=1 800w\" sizes=\"(max-width: 936px) 100vw, 936px\"\/><\/figure>\n<p>Al diputado Cris\u00f3gono P\u00e9rez L\u00f3pez, quien pregunt\u00f3 sobre los protocolos para atender casos de violencia familiar, le inform\u00f3 que hay avances en la judicializaci\u00f3n de carpetas por violencia contra la mujer que es un tema prioritario, gracias a las reformas aprobadas que impiden suspensiones provisionales, acuerdos reparatorios o perd\u00f3n de la v\u00edctima para detener el procedimiento, a fin de emitir las medidas de protecci\u00f3n necesarias, que ya se han emitido m\u00e1s de cinco mil.<\/p>\n<p>La legisladora Mireya Vancini Villanueva dijo que es importante conocer las acciones para combatir la tortura y la fiscal Garc\u00eda C\u00e1zares, se\u00f1al\u00f3 que en marzo de este a\u00f1o inici\u00f3 funciones la Fiscal\u00eda Especializada en Investigaci\u00f3n de Tortura, con personal m\u00e9dico, criminalistas para atender todos los asuntos en seis delegaciones en el estado; el personal visita v\u00edctimas recluidas en c\u00e1rceles y revisa casos que muchas veces son producto de estrategias legales de la defensa.<\/p>\n<p>La diputada Diana Ruelas Gait\u00e1n plante\u00f3 la necesidad de implementar herramientas tecnol\u00f3gicas sofisticadas y m\u00e9todos cient\u00edficos para que las investigaciones sean m\u00e1s confiables; la fiscal dijo que se han dotado certificaciones nacionales a los laboratorios de gen\u00e9tica, qu\u00edmica y bal\u00edstica, lo que da confiabilidad a los dict\u00e1menes, hay una Vicefiscal\u00eda cient\u00edfica y se implementan innovaciones en el combate al crimen adem\u00e1s de cumplir los est\u00e1ndares de normas internacionales.<\/p>\n<p>El legislador Jos\u00e9 Roberto Garc\u00eda Castillo reconoci\u00f3 el esfuerzo institucional y pregunt\u00f3 sobre los protocolos para atender delitos contra las mujeres; la titular de la FGE expuso que los resultados son positivos porque se actualizan esos protocolos para la investigaci\u00f3n del delito de feminicidio y se da seguimiento a los delitos donde las v\u00edctimas son ni\u00f1as, ni\u00f1os y adolescentes.<\/p>\n<figure class=\"wp-block-image aligncenter size-full is-resized\"><img loading=\"lazy\" decoding=\"async\" width=\"936\" height=\"648\" src=\"https:\/\/b559124.smushcdn.com\/559124\/wp-content\/uploads\/2025\/12\/1000106564.jpg?lossy=2&amp;strip=1&amp;webp=1\" alt=\"\" class=\"wp-image-211251 lazyload\" style=\"--smush-placeholder-width: 936px; --smush-placeholder-aspect-ratio: 936\/648;width:712px;height:auto\" srcset=\"https:\/\/b559124.smushcdn.com\/559124\/wp-content\/uploads\/2025\/12\/1000106564.jpg?lossy=2&amp;strip=1&amp;webp=1 936w, https:\/\/b559124.smushcdn.com\/559124\/wp-content\/uploads\/2025\/12\/1000106564-600x415.jpg?lossy=2&amp;strip=1&amp;webp=1 600w, https:\/\/b559124.smushcdn.com\/559124\/wp-content\/uploads\/2025\/12\/1000106564.jpg?size=160x111&amp;lossy=2&amp;strip=1&amp;webp=1 160w, https:\/\/b559124.smushcdn.com\/559124\/wp-content\/uploads\/2025\/12\/1000106564.jpg?size=320x222&amp;lossy=2&amp;strip=1&amp;webp=1 320w, https:\/\/b559124.smushcdn.com\/559124\/wp-content\/uploads\/2025\/12\/1000106564.jpg?size=480x332&amp;lossy=2&amp;strip=1&amp;webp=1 480w, https:\/\/b559124.smushcdn.com\/559124\/wp-content\/uploads\/2025\/12\/1000106564.jpg?size=800x554&amp;lossy=2&amp;strip=1&amp;webp=1 800w\" data-sizes=\"auto\" data-original-sizes=\"(max-width: 936px) 100vw, 936px\"\/><\/figure>\n<p>La diputada Dulcelina S\u00e1nchez de Lira manifest\u00f3 que es necesario que la FGE tenga el personal suficiente en diversas \u00e1reas, con lo que coincidi\u00f3 la fiscal Manuela Garc\u00eda, al a\u00f1adir que nunca se tiene la gente que se necesita pero se emiten convocatorias con el aval del Secretariado T\u00e9cnico de Seguridad y se da prioridad a las \u00e1reas con m\u00e1s trabajo como la de mujeres y combate al narcomenudeo, para mejorar la eficiencia operativa.<\/p>\n<p>Al inicio de su exposici\u00f3n, la fiscal Manuela Garc\u00eda C\u00e1zares se\u00f1al\u00f3 que otorgar un servicio de excelencia y un trato humanizado a las personas, es una prioridad; destac\u00f3 la tendencia a la baja en delitos de alto impacto producto de la efectividad en la procuraci\u00f3n e impartici\u00f3n de justicia y as\u00ed, el homicidio doloso disminuy\u00f3 47.75 por ciento en comparaci\u00f3n al periodo anterior, con 9 homicidios en promedio contra 54.5 que es la media nacional.<\/p>\n<p>El delito de robo de veh\u00edculos registra una disminuci\u00f3n del 37 %; se increment\u00f3 el estado de fuerza en 80 personas entre agentes fiscales, polic\u00edas de investigaci\u00f3n y peritos; se puso a disposici\u00f3n del juez a 410 objetivos criminales generadores de violencia en la zona metropolitana vinculados a diversas causas penales. Se judicializ\u00f3 el 100 por ciento de los casos de feminicidio con ocho sentencias condenatorias.<\/p>\n<p>Una vez agotadas las participaciones de las y los legisladores, se declar\u00f3 clausurada la reuni\u00f3n de trabajo con la Fiscal General del Estado.<\/p>\n<figure class=\"wp-block-image aligncenter size-full is-resized\"><img loading=\"lazy\" decoding=\"async\" width=\"936\" height=\"648\" src=\"https:\/\/b559124.smushcdn.com\/559124\/wp-content\/uploads\/2025\/12\/1000106565.jpg?lossy=2&amp;strip=1&amp;webp=1\" alt=\"\" class=\"wp-image-211252 lazyload\" style=\"--smush-placeholder-width: 936px; --smush-placeholder-aspect-ratio: 936\/648;width:700px;height:auto\" srcset=\"https:\/\/b559124.smushcdn.com\/559124\/wp-content\/uploads\/2025\/12\/1000106565.jpg?lossy=2&amp;strip=1&amp;webp=1 936w, https:\/\/b559124.smushcdn.com\/559124\/wp-content\/uploads\/2025\/12\/1000106565-600x415.jpg?lossy=2&amp;strip=1&amp;webp=1 600w, https:\/\/b559124.smushcdn.com\/559124\/wp-content\/uploads\/2025\/12\/1000106565.jpg?size=160x111&amp;lossy=2&amp;strip=1&amp;webp=1 160w, https:\/\/b559124.smushcdn.com\/559124\/wp-content\/uploads\/2025\/12\/1000106565.jpg?size=320x222&amp;lossy=2&amp;strip=1&amp;webp=1 320w, https:\/\/b559124.smushcdn.com\/559124\/wp-content\/uploads\/2025\/12\/1000106565.jpg?size=480x332&amp;lossy=2&amp;strip=1&amp;webp=1 480w, https:\/\/b559124.smushcdn.com\/559124\/wp-content\/uploads\/2025\/12\/1000106565.jpg?size=800x554&amp;lossy=2&amp;strip=1&amp;webp=1 800w\" data-sizes=\"auto\" data-original-sizes=\"(max-width: 936px) 100vw, 936px\"\/><\/figure>\n<\/p><\/div>\n<p><\/p>\n","protected":false},"excerpt":{"rendered":"<p>LAS Y LOS DIPUTADOS DE LOS GRUPOS Y REPRESENTACIONES PARLAMENTARIAS, ABORDARON DIVERSOS TEMAS SOBRE LA PROCURACI\u00d3N DE JUSTICIA La Fiscal General del Estado, Mar\u00eda Manuela Garc\u00eda C\u00e1zares compareci\u00f3 ante la Comisi\u00f3n Primera de Justicia en una reuni\u00f3n donde participaron representantes de los grupos y fracciones parlamentarias, en el sal\u00f3n de Pleno \u201cPonciano Arriaga\u201d, como parte [&hellip;]<\/p>\n","protected":false},"author":2,"featured_media":53418,"comment_status":"","ping_status":"","sticky":false,"template":"","format":"standard","meta":{"_monsterinsights_skip_tracking":false,"_monsterinsights_sitenote_active":false,"_monsterinsights_sitenote_note":"","_monsterinsights_sitenote_category":0,"footnotes":""},"categories":[5],"tags":[],"class_list":["post-53417","post","type-post","status-publish","format-standard","has-post-thumbnail","hentry","category-san-luis-potosi"],"_links":{"self":[{"href":"https:\/\/informebajio.com.mx\/index.php?rest_route=\/wp\/v2\/posts\/53417","targetHints":{"allow":["GET"]}}],"collection":[{"href":"https:\/\/informebajio.com.mx\/index.php?rest_route=\/wp\/v2\/posts"}],"about":[{"href":"https:\/\/informebajio.com.mx\/index.php?rest_route=\/wp\/v2\/types\/post"}],"author":[{"embeddable":true,"href":"https:\/\/informebajio.com.mx\/index.php?rest_route=\/wp\/v2\/users\/2"}],"replies":[{"embeddable":true,"href":"https:\/\/informebajio.com.mx\/index.php?rest_route=%2Fwp%2Fv2%2Fcomments&post=53417"}],"version-history":[{"count":0,"href":"https:\/\/informebajio.com.mx\/index.php?rest_route=\/wp\/v2\/posts\/53417\/revisions"}],"wp:featuredmedia":[{"embeddable":true,"href":"https:\/\/informebajio.com.mx\/index.php?rest_route=\/wp\/v2\/media\/53418"}],"wp:attachment":[{"href":"https:\/\/informebajio.com.mx\/index.php?rest_route=%2Fwp%2Fv2%2Fmedia&parent=53417"}],"wp:term":[{"taxonomy":"category","embeddable":true,"href":"https:\/\/informebajio.com.mx\/index.php?rest_route=%2Fwp%2Fv2%2Fcategories&post=53417"},{"taxonomy":"post_tag","embeddable":true,"href":"https:\/\/informebajio.com.mx\/index.php?rest_route=%2Fwp%2Fv2%2Ftags&post=53417"}],"curies":[{"name":"wp","href":"https:\/\/api.w.org\/{rel}","templated":true}]}}