{"id":53425,"date":"2025-12-07T10:50:08","date_gmt":"2025-12-07T16:50:08","guid":{"rendered":"https:\/\/informebajio.com.mx\/?p=53425"},"modified":"2025-12-07T10:50:08","modified_gmt":"2025-12-07T16:50:08","slug":"celebran-coronacion-pontificia-de-la-purisima-concepcion-de-hercules","status":"publish","type":"post","link":"https:\/\/informebajio.com.mx\/?p=53425","title":{"rendered":"Celebran Coronaci\u00f3n Pontificia de la Pur\u00edsima Concepci\u00f3n de H\u00e9rcules"},"content":{"rendered":"<div>\n<h2><span style=\"font-weight: 400;\">La Inmaculada, es parte del H\u00e9rcules profundo: Monse\u00f1or Fidencio L\u00f3pez Plaza.<\/span><\/h2>\n<p><span style=\"font-weight: 400;\">Noticias<\/span><\/p>\n<p>\u00a0<\/p>\n<p><span style=\"font-weight: 400;\">Ayer viernes 5 de diciembre de 2025, despu\u00e9s de las 18:00 horas, en el templo de la Pur\u00edsima Concepci\u00f3n de H\u00e9rcules, se llev\u00f3 a cabo la Coronaci\u00f3n Pontificia de la Pur\u00edsima Concepci\u00f3n, por Monse\u00f1or don Fidencio L\u00f3pez Plaza, Obispo de Quer\u00e9taro.<\/span><\/p>\n<p><span style=\"font-weight: 400;\">En un templo abarrotado, de fieles y seminaristas, ya no hubo cupo para m\u00e1s comunidad, y desde el atrio escucharon la ceremonia de coronaci\u00f3n.<\/span><\/p>\n<p><span style=\"font-weight: 400;\">Fue como H\u00e9rcules resignific\u00f3 la memoria, como hace 71 a\u00f1os, el 5 de diciembre de 1954, cuando por primera vez, fue la coronaci\u00f3n de la sagrada imagen, en el Campo Deportivo Pur\u00edsima, por el obispo Marciano Tinajero y Estrada, proclam\u00e1ndola Reina de los corazones y Patrona de H\u00e9rcules.<\/span><\/p>\n<p><span style=\"font-weight: 400;\">El interior del templo, adornado con arreglos de hermosas flores frescas de lilis, blancas y color rosa, margaritones rosas, perfumaron el ambiente, para la solemnidad de este d\u00eda.<\/span><\/p>\n<p><span style=\"font-weight: 400;\">Monse\u00f1or Fidencio L\u00f3pez Plaza salud\u00f3 con mucho aprecio a los sacerdotes del seminario, que acompa\u00f1aron, a los seminaristas, a toda la feligres\u00eda, a as\u00ed como al P\u00e1rroco del templo y Vicario Episcopal de la Junta Permanente de la Di\u00f3cesis de Quer\u00e9taro, Jos\u00e9 Luis Salinas Ledesma, y se refiri\u00f3 a los dos sacerdotes que le ayudan, como dos grandes colaboradores al Pbro. Arturo Gonz\u00e1les Mancilla y el Vicario Julio Cesar C\u00e1rdenas Ru\u00edz, los saluda con el saludo de Jesucristo Resucitado, \u201cLa Paz est\u00e9 con ustedes\u201d.<\/span><\/p>\n<p><span style=\"font-weight: 400;\">Agreg\u00f3 que celebrar la fiesta de la Inmaculada Concepci\u00f3n en esta parroquia, bajo su patrocinio es un requisito para entender la grandeza de este pueblo, H\u00e9rcules no se entiende sin la Inmaculada, la Inmaculada es parte del H\u00e9rcules profundo, en ella podemos ver no solo su grandeza, sino tambi\u00e9n la grandeza de este pueblo y ver la grandeza de todos los hijos de Dios, posteriormente.<\/span><\/p>\n<p><span style=\"font-weight: 400;\">MOMENTO CULMEN\u00a0\u00a0<\/span><\/p>\n<p><span style=\"font-weight: 400;\">Monse\u00f1or Don Fidencio L\u00f3pez Plaza, recibi\u00f3 la corona de manos de las damas de honor, la bendice y la sah\u00fama, le acompa\u00f1a el P\u00e1rroco del Templo, Pbro. Jos\u00e9 Luis Salinas Ledesma.<\/span><\/p>\n<p><span style=\"font-weight: 400;\">Mientras el coro \u201cPascual\u201d de la Parroquia con instrumentos de viento y flauta, bajo la direcci\u00f3n del maestro Luis Torres S\u00e1nchez, entonan.<\/span><\/p>\n<p><span style=\"font-weight: 400;\">\u00a0(Composici\u00f3n especial para esta ocasi\u00f3n por el Padre Cirilo Conejo Rold\u00e1n, 5 dic. 1954).<\/span><\/p>\n<p><span style=\"font-weight: 400;\">\u201d Desde los altos cielos,<\/span><\/p>\n<p><span style=\"font-weight: 400;\">Virgen Inmaculada<\/span><\/p>\n<p><span style=\"font-weight: 400;\">Ven: ser\u00e1s coronada.<\/span><\/p>\n<p><span style=\"font-weight: 400;\">Ven a tu pueblo\u2026Ven.<\/span><\/p>\n<p><span style=\"font-weight: 400;\">Miradas atentas, corazones latiendo de emoci\u00f3n, l\u00e1grimas, desbord\u00e1ndose por las mejillas, momento sublime, cuando Monse\u00f1or ci\u00f1\u00f3 la frente con la corona de oro, s\u00edmbolo del amor que el pueblo de H\u00e9rcules profesa a la madre de Dios, es corona de fe, de corazones leales, legado de los antepasados.<\/span><\/p>\n<p><span style=\"font-weight: 400;\">Monse\u00f1or Don Fidencio L\u00f3pez Plaza, refiri\u00f3 quedar impresionado cuando sali\u00f3 a dar la comuni\u00f3n al atrio, de la gran cantidad de gente presente, est\u00e1 muy contento y familiarizado con la comunidad, y comparte la alegr\u00eda de las tradiciones y el amor a Mar\u00eda, en su advocaci\u00f3n de la Pur\u00edsima Concepci\u00f3n, y pidi\u00f3 un aplauso para la gente que est\u00e1 afuera.<\/span><\/p>\n<p><span style=\"font-weight: 400;\">El Padre Jos\u00e9 Luis Salinas, concluy\u00f3 con mucha alegr\u00eda, y entusiasmo, dirigi\u00e9ndose a la comunidad: \u201cQueridos hermanos esta es la fiesta! que brota del coraz\u00f3n, de estar reunidos con Mar\u00eda Sant\u00edsima, debemos estar alegres\u201d, finaliz\u00f3.\u00a0\u00a0\u00a0<\/span><\/p>\n<p><span style=\"font-weight: 400;\">Mientras afuera est\u00e1n las danzas, la fiesta con todo el folklor que rodea a las fiestas de la Pur\u00edsima, Concepci\u00f3n.<\/span><\/p>\n<p><img fetchpriority=\"high\" decoding=\"async\" class=\"alignnone size-medium wp-image-707125\" src=\"https:\/\/cdn.noticiasdequeretaro.com.mx\/wp-content\/uploads\/2025\/12\/06082216\/Celebran-Coronacion-Pontificia-de-la-Purisima-Concepcion-de-Hercules-1-280x600.jpeg\" alt=\"\" width=\"280\" height=\"600\" srcset=\"https:\/\/cdn.noticiasdequeretaro.com.mx\/wp-content\/uploads\/2025\/12\/06082216\/Celebran-Coronacion-Pontificia-de-la-Purisima-Concepcion-de-Hercules-1-280x600.jpeg 280w, https:\/\/cdn.noticiasdequeretaro.com.mx\/wp-content\/uploads\/2025\/12\/06082216\/Celebran-Coronacion-Pontificia-de-la-Purisima-Concepcion-de-Hercules-1-478x1024.jpeg 478w, https:\/\/cdn.noticiasdequeretaro.com.mx\/wp-content\/uploads\/2025\/12\/06082216\/Celebran-Coronacion-Pontificia-de-la-Purisima-Concepcion-de-Hercules-1-140x300.jpeg 140w, https:\/\/cdn.noticiasdequeretaro.com.mx\/wp-content\/uploads\/2025\/12\/06082216\/Celebran-Coronacion-Pontificia-de-la-Purisima-Concepcion-de-Hercules-1.jpeg 597w\" sizes=\"(max-width: 280px) 100vw, 280px\"\/><\/p>\n<\/div>\n<p><script>(function(d, s, id) {\n  var js, fjs = d.getElementsByTagName(s)[0];\n  if (d.getElementById(id)) return;\n  js = d.createElement(s); js.id = id;\n  js.src = \"\/\/connect.facebook.net\/es_LA\/sdk.js#xfbml=1&appId=546007945598485&version=v2.3\";\n  fjs.parentNode.insertBefore(js, fjs);\n}(document, 'script', 'facebook-jssdk'));<\/script><\/p>\n","protected":false},"excerpt":{"rendered":"<p>La Inmaculada, es parte del H\u00e9rcules profundo: Monse\u00f1or Fidencio L\u00f3pez Plaza. Noticias \u00a0 Ayer viernes 5 de diciembre de 2025, despu\u00e9s de las 18:00 horas, en el templo de la Pur\u00edsima Concepci\u00f3n de H\u00e9rcules, se llev\u00f3 a cabo la Coronaci\u00f3n Pontificia de la Pur\u00edsima Concepci\u00f3n, por Monse\u00f1or don Fidencio L\u00f3pez Plaza, Obispo de Quer\u00e9taro. En [&hellip;]<\/p>\n","protected":false},"author":2,"featured_media":53426,"comment_status":"","ping_status":"","sticky":false,"template":"","format":"standard","meta":{"_monsterinsights_skip_tracking":false,"_monsterinsights_sitenote_active":false,"_monsterinsights_sitenote_note":"","_monsterinsights_sitenote_category":0,"footnotes":""},"categories":[4],"tags":[],"class_list":["post-53425","post","type-post","status-publish","format-standard","has-post-thumbnail","hentry","category-queretaro"],"_links":{"self":[{"href":"https:\/\/informebajio.com.mx\/index.php?rest_route=\/wp\/v2\/posts\/53425","targetHints":{"allow":["GET"]}}],"collection":[{"href":"https:\/\/informebajio.com.mx\/index.php?rest_route=\/wp\/v2\/posts"}],"about":[{"href":"https:\/\/informebajio.com.mx\/index.php?rest_route=\/wp\/v2\/types\/post"}],"author":[{"embeddable":true,"href":"https:\/\/informebajio.com.mx\/index.php?rest_route=\/wp\/v2\/users\/2"}],"replies":[{"embeddable":true,"href":"https:\/\/informebajio.com.mx\/index.php?rest_route=%2Fwp%2Fv2%2Fcomments&post=53425"}],"version-history":[{"count":0,"href":"https:\/\/informebajio.com.mx\/index.php?rest_route=\/wp\/v2\/posts\/53425\/revisions"}],"wp:featuredmedia":[{"embeddable":true,"href":"https:\/\/informebajio.com.mx\/index.php?rest_route=\/wp\/v2\/media\/53426"}],"wp:attachment":[{"href":"https:\/\/informebajio.com.mx\/index.php?rest_route=%2Fwp%2Fv2%2Fmedia&parent=53425"}],"wp:term":[{"taxonomy":"category","embeddable":true,"href":"https:\/\/informebajio.com.mx\/index.php?rest_route=%2Fwp%2Fv2%2Fcategories&post=53425"},{"taxonomy":"post_tag","embeddable":true,"href":"https:\/\/informebajio.com.mx\/index.php?rest_route=%2Fwp%2Fv2%2Ftags&post=53425"}],"curies":[{"name":"wp","href":"https:\/\/api.w.org\/{rel}","templated":true}]}}