{"id":53429,"date":"2025-12-07T15:51:33","date_gmt":"2025-12-07T21:51:33","guid":{"rendered":"https:\/\/informebajio.com.mx\/?p=53429"},"modified":"2025-12-07T15:51:33","modified_gmt":"2025-12-07T21:51:33","slug":"en-prision-y-vinculado-a-proceso-por-robo-a-tienda-de-conveniencia-en-loma-linda-san-juan-del-rio","status":"publish","type":"post","link":"https:\/\/informebajio.com.mx\/?p=53429","title":{"rendered":"En prisi\u00f3n y vinculado a proceso por robo a tienda de conveniencia en Loma Linda, San Juan del R\u00edo"},"content":{"rendered":"<div>\n<p><span style=\"font-weight: 400;\">La Fiscal\u00eda de Quer\u00e9taro informa que se obtuvo la vinculaci\u00f3n a proceso de dos imputados por el delito de Robo Espec\u00edfico Calificado, derivado de los hechos ocurridos el 21 de noviembre de 2025 en una tienda de conveniencia ubicada en la Comunidad Loma Linda, San Juan del R\u00edo.<\/span><\/p>\n<p><span style=\"font-weight: 400;\">De acuerdo con las investigaciones, dos hombres ingresaron al establecimiento, se dirigieron al mostrador y exigieron mediante amenazas a la trabajadora, la entrega del dinero en efectivo, al sustraerlo huyeron del lugar.\u00a0<\/span><\/p>\n<p><span style=\"font-weight: 400;\">Tras los hechos, se dio intervenci\u00f3n a la Polic\u00eda de Investigaci\u00f3n del Delito y a la Unidad de An\u00e1lisis de Informaci\u00f3n, quienes realizaron actos de investigaci\u00f3n como entrevistas y an\u00e1lisis de videograbaciones, lo que permiti\u00f3 la identificaci\u00f3n plena de los responsables. Con los datos de prueba integrados, se solicit\u00f3 y obtuvo la orden de aprehensi\u00f3n correspondiente. La detenci\u00f3n se realiz\u00f3 con el apoyo de la Polic\u00eda Municipal de San Juan del R\u00edo.\u00a0<\/span><\/p>\n<p><span style=\"font-weight: 400;\">En audiencia inicial, celebrada el 24 de noviembre de 2025, el Juez de Control resolvi\u00f3 vincular a proceso a ambos imputados, imponiendo la medida cautelar de prisi\u00f3n preventiva justificada y otorgando un plazo de dos meses para la investigaci\u00f3n complementaria.<\/span><\/p>\n<\/div>\n<p><script>(function(d, s, id) {\n  var js, fjs = d.getElementsByTagName(s)[0];\n  if (d.getElementById(id)) return;\n  js = d.createElement(s); js.id = id;\n  js.src = \"\/\/connect.facebook.net\/es_LA\/sdk.js#xfbml=1&appId=546007945598485&version=v2.3\";\n  fjs.parentNode.insertBefore(js, fjs);\n}(document, 'script', 'facebook-jssdk'));<\/script><\/p>\n","protected":false},"excerpt":{"rendered":"<p>La Fiscal\u00eda de Quer\u00e9taro informa que se obtuvo la vinculaci\u00f3n a proceso de dos imputados por el delito de Robo Espec\u00edfico Calificado, derivado de los hechos ocurridos el 21 de noviembre de 2025 en una tienda de conveniencia ubicada en la Comunidad Loma Linda, San Juan del R\u00edo. De acuerdo con las investigaciones, dos hombres [&hellip;]<\/p>\n","protected":false},"author":2,"featured_media":53430,"comment_status":"","ping_status":"","sticky":false,"template":"","format":"standard","meta":{"_monsterinsights_skip_tracking":false,"_monsterinsights_sitenote_active":false,"_monsterinsights_sitenote_note":"","_monsterinsights_sitenote_category":0,"footnotes":""},"categories":[4],"tags":[],"class_list":["post-53429","post","type-post","status-publish","format-standard","has-post-thumbnail","hentry","category-queretaro"],"_links":{"self":[{"href":"https:\/\/informebajio.com.mx\/index.php?rest_route=\/wp\/v2\/posts\/53429","targetHints":{"allow":["GET"]}}],"collection":[{"href":"https:\/\/informebajio.com.mx\/index.php?rest_route=\/wp\/v2\/posts"}],"about":[{"href":"https:\/\/informebajio.com.mx\/index.php?rest_route=\/wp\/v2\/types\/post"}],"author":[{"embeddable":true,"href":"https:\/\/informebajio.com.mx\/index.php?rest_route=\/wp\/v2\/users\/2"}],"replies":[{"embeddable":true,"href":"https:\/\/informebajio.com.mx\/index.php?rest_route=%2Fwp%2Fv2%2Fcomments&post=53429"}],"version-history":[{"count":0,"href":"https:\/\/informebajio.com.mx\/index.php?rest_route=\/wp\/v2\/posts\/53429\/revisions"}],"wp:featuredmedia":[{"embeddable":true,"href":"https:\/\/informebajio.com.mx\/index.php?rest_route=\/wp\/v2\/media\/53430"}],"wp:attachment":[{"href":"https:\/\/informebajio.com.mx\/index.php?rest_route=%2Fwp%2Fv2%2Fmedia&parent=53429"}],"wp:term":[{"taxonomy":"category","embeddable":true,"href":"https:\/\/informebajio.com.mx\/index.php?rest_route=%2Fwp%2Fv2%2Fcategories&post=53429"},{"taxonomy":"post_tag","embeddable":true,"href":"https:\/\/informebajio.com.mx\/index.php?rest_route=%2Fwp%2Fv2%2Ftags&post=53429"}],"curies":[{"name":"wp","href":"https:\/\/api.w.org\/{rel}","templated":true}]}}