{"id":53441,"date":"2025-12-08T06:54:42","date_gmt":"2025-12-08T12:54:42","guid":{"rendered":"https:\/\/informebajio.com.mx\/?p=53441"},"modified":"2025-12-08T06:54:42","modified_gmt":"2025-12-08T12:54:42","slug":"colectivos-de-busqueda-iniciaran-jornada-en-san-juan-del-rio","status":"publish","type":"post","link":"https:\/\/informebajio.com.mx\/?p=53441","title":{"rendered":"Colectivos de b\u00fasqueda iniciar\u00e1n jornada en San Juan del R\u00edo"},"content":{"rendered":"<div>\n<p><b>Colectivos de b\u00fasqueda iniciar\u00e1n jornada en San Juan del R\u00edo\u00a0<\/b><\/p>\n<p><span style=\"font-weight: 400;\">Por Josefina Herrera\u00a0<\/span><\/p>\n<p><span style=\"font-weight: 400;\">Noticias\u00a0<\/span><\/p>\n<p>\u00a0<\/p>\n<p><span style=\"font-weight: 400;\">El colectivo Desaparecidos Quer\u00e9taro y la Red de Buscadoras Unidas Siempre Buscando anunciaron el inicio de una jornada de b\u00fasqueda en campo, que se llevar\u00e1 a cabo del lunes 8 al viernes 12 de diciembre, en la barranca conocida como Cocheros o Barranca Galindo, ubicada en San Juan del R\u00edo.\u00a0<\/span><\/p>\n<p><span style=\"font-weight: 400;\">Yadira Gonz\u00e1lez Hern\u00e1ndez, representante del colectivo, inform\u00f3 que la actividad se desarrollar\u00e1 diariamente de 9:00 a 17:00 horas, con el acompa\u00f1amiento de familias, voluntarios y organizaciones civiles.<\/span><\/p>\n<p><span style=\"font-weight: 400;\">Asimismo, comparti\u00f3 que este punto ha sido intervenido por la Fiscal\u00eda General de la Rep\u00fablica (FGR) en al menos seis diligencias ministeriales previas, todas con hallazgos positivos de restos humanos, lo que obliga a continuar con acciones peri\u00f3dicas de b\u00fasqueda, \u201cpor la dimensionalidad de la barranca tenemos que seguir a\u00f1o con a\u00f1o con estas acciones\u201d, explic\u00f3.<\/span><\/p>\n<p><span style=\"font-weight: 400;\">La vocera hizo un llamado abierto para acompa\u00f1ar la b\u00fasqueda o apoyar con donaciones en especie, principalmente agua, hidratantes y herramienta que facilite las labores.<\/span><\/p>\n<p><span style=\"font-weight: 400;\">Como parte de sus actividades conmemorativas, el colectivo tambi\u00e9n realizar\u00e1 el pr\u00f3ximo s\u00e1bado 13 de diciembre, a las 5 de la tarde, la instalaci\u00f3n del \u00c1rbol de la Esperanza en el patio principal del Templo y Convento de la Santa Cruz, en Quer\u00e9taro capital, en el que se colocar\u00e1n las fotograf\u00edas de personas desaparecidas, que ser\u00e1n resguardadas por los frailes del convento en un acto simb\u00f3lico de memoria y esperanza.<\/span><\/p>\n<p><span style=\"font-weight: 400;\">Asimismo, mencion\u00f3 que el domingo 14 de diciembre, se colocar\u00e1 en el atrio del mismo templo la intervenci\u00f3n denominada \u201cRegalos de Dios\u201d, una acci\u00f3n navide\u00f1a impulsada por las familias que buscan a sus seres queridos.\u00a0<\/span><\/p>\n<p><span style=\"font-weight: 400;\">Agreg\u00f3 que esa misma tarde se llevar\u00e1 a cabo una posada comunitaria a partir de las 18:00 horas, abierta a toda la ciudadan\u00eda, \u201ctodos est\u00e1n invitados. Esta es una acci\u00f3n instalada por las familias para las familias\u201d, se\u00f1al\u00f3 Gonz\u00e1lez Hern\u00e1ndez, quien reiter\u00f3 el compromiso de seguir buscando hasta encontrarles.<\/span><\/p>\n<\/div>\n<p><script>(function(d, s, id) {\n  var js, fjs = d.getElementsByTagName(s)[0];\n  if (d.getElementById(id)) return;\n  js = d.createElement(s); js.id = id;\n  js.src = \"\/\/connect.facebook.net\/es_LA\/sdk.js#xfbml=1&appId=546007945598485&version=v2.3\";\n  fjs.parentNode.insertBefore(js, fjs);\n}(document, 'script', 'facebook-jssdk'));<\/script><\/p>\n","protected":false},"excerpt":{"rendered":"<p>Colectivos de b\u00fasqueda iniciar\u00e1n jornada en San Juan del R\u00edo\u00a0 Por Josefina Herrera\u00a0 Noticias\u00a0 \u00a0 El colectivo Desaparecidos Quer\u00e9taro y la Red de Buscadoras Unidas Siempre Buscando anunciaron el inicio de una jornada de b\u00fasqueda en campo, que se llevar\u00e1 a cabo del lunes 8 al viernes 12 de diciembre, en la barranca conocida como [&hellip;]<\/p>\n","protected":false},"author":2,"featured_media":53442,"comment_status":"","ping_status":"","sticky":false,"template":"","format":"standard","meta":{"_monsterinsights_skip_tracking":false,"_monsterinsights_sitenote_active":false,"_monsterinsights_sitenote_note":"","_monsterinsights_sitenote_category":0,"footnotes":""},"categories":[4],"tags":[],"class_list":["post-53441","post","type-post","status-publish","format-standard","has-post-thumbnail","hentry","category-queretaro"],"_links":{"self":[{"href":"https:\/\/informebajio.com.mx\/index.php?rest_route=\/wp\/v2\/posts\/53441","targetHints":{"allow":["GET"]}}],"collection":[{"href":"https:\/\/informebajio.com.mx\/index.php?rest_route=\/wp\/v2\/posts"}],"about":[{"href":"https:\/\/informebajio.com.mx\/index.php?rest_route=\/wp\/v2\/types\/post"}],"author":[{"embeddable":true,"href":"https:\/\/informebajio.com.mx\/index.php?rest_route=\/wp\/v2\/users\/2"}],"replies":[{"embeddable":true,"href":"https:\/\/informebajio.com.mx\/index.php?rest_route=%2Fwp%2Fv2%2Fcomments&post=53441"}],"version-history":[{"count":0,"href":"https:\/\/informebajio.com.mx\/index.php?rest_route=\/wp\/v2\/posts\/53441\/revisions"}],"wp:featuredmedia":[{"embeddable":true,"href":"https:\/\/informebajio.com.mx\/index.php?rest_route=\/wp\/v2\/media\/53442"}],"wp:attachment":[{"href":"https:\/\/informebajio.com.mx\/index.php?rest_route=%2Fwp%2Fv2%2Fmedia&parent=53441"}],"wp:term":[{"taxonomy":"category","embeddable":true,"href":"https:\/\/informebajio.com.mx\/index.php?rest_route=%2Fwp%2Fv2%2Fcategories&post=53441"},{"taxonomy":"post_tag","embeddable":true,"href":"https:\/\/informebajio.com.mx\/index.php?rest_route=%2Fwp%2Fv2%2Ftags&post=53441"}],"curies":[{"name":"wp","href":"https:\/\/api.w.org\/{rel}","templated":true}]}}