{"id":53455,"date":"2025-12-08T21:11:55","date_gmt":"2025-12-09T03:11:55","guid":{"rendered":"https:\/\/informebajio.com.mx\/?p=53455"},"modified":"2025-12-08T21:11:55","modified_gmt":"2025-12-09T03:11:55","slug":"dif-de-soledad-ofrece-talleres-e-impulso-emocional-para-afrontar-la-discapacidad","status":"publish","type":"post","link":"https:\/\/informebajio.com.mx\/?p=53455","title":{"rendered":"DIF DE SOLEDAD OFRECE TALLERES E IMPULSO EMOCIONAL PARA AFRONTAR LA DISCAPACIDAD"},"content":{"rendered":"<div>\n<p>La UBR 2 fortalece sus talleres para ni\u00f1as, ni\u00f1os y padres de familia, y ampl\u00eda terapias y evaluaciones especializadas<\/p>\n<p>Para fortalecer la cercan\u00eda con las familias que requieren acompa\u00f1amiento profesional para comprender los diagn\u00f3sticos y mejorar la integraci\u00f3n de sus hijos e hijas, el Sistema Municipal para el Desarrollo Integral de la Familia (DIF) de Soledad de Graciano S\u00e1nchez, impulsa nuevos talleres inclusivos en la Unidad B\u00e1sica de Rehabilitaci\u00f3n 2, dirigidos a ni\u00f1as, ni\u00f1os y adolescentes con autismo y diversas discapacidades, adem\u00e1s de actividades formativas para madres y padres, siguiendo las instrucciones de cercan\u00eda del Alcalde Juan Manuel Navarro Mu\u00f1iz.<\/p>\n<figure class=\"wp-block-image aligncenter size-large is-resized\"><img fetchpriority=\"high\" decoding=\"async\" width=\"950\" height=\"662\" src=\"https:\/\/b559124.smushcdn.com\/559124\/wp-content\/uploads\/2025\/12\/1000106805-950x662.jpg?lossy=2&amp;strip=1&amp;webp=1\" alt=\"\" class=\"wp-image-211387\" style=\"width:660px;height:auto\" srcset=\"https:\/\/b559124.smushcdn.com\/559124\/wp-content\/uploads\/2025\/12\/1000106805-950x662.jpg?lossy=2&amp;strip=1&amp;webp=1 950w, https:\/\/b559124.smushcdn.com\/559124\/wp-content\/uploads\/2025\/12\/1000106805-600x418.jpg?lossy=2&amp;strip=1&amp;webp=1 600w, https:\/\/b559124.smushcdn.com\/559124\/wp-content\/uploads\/2025\/12\/1000106805-1536x1070.jpg?lossy=2&amp;strip=1&amp;webp=1 1536w, https:\/\/b559124.smushcdn.com\/559124\/wp-content\/uploads\/2025\/12\/1000106805-scaled.jpg?lossy=2&amp;strip=1&amp;webp=1 1000w, https:\/\/b559124.smushcdn.com\/559124\/wp-content\/uploads\/2025\/12\/1000106805.jpg?size=160x111&amp;lossy=2&amp;strip=1&amp;webp=1 160w, https:\/\/b559124.smushcdn.com\/559124\/wp-content\/uploads\/2025\/12\/1000106805.jpg?size=320x223&amp;lossy=2&amp;strip=1&amp;webp=1 320w, https:\/\/b559124.smushcdn.com\/559124\/wp-content\/uploads\/2025\/12\/1000106805.jpg?size=480x334&amp;lossy=2&amp;strip=1&amp;webp=1 480w, https:\/\/b559124.smushcdn.com\/559124\/wp-content\/uploads\/2025\/12\/1000106805.jpg?size=800x557&amp;lossy=2&amp;strip=1&amp;webp=1 800w\" sizes=\"(max-width: 950px) 100vw, 950px\"\/><\/figure>\n<p>La encargada de la UBR 2, Vianey Carbajal, explic\u00f3 que estos talleres ser\u00e1n una gu\u00eda para que madres y padres desarrollen herramientas emocionales y pr\u00e1cticas, ya que muchas familias atraviesan procesos de aceptaci\u00f3n y necesitan orientaci\u00f3n especializada. Se\u00f1al\u00f3 que la UBR cuenta con evaluaciones y pruebas cl\u00ednicas desde los tres a\u00f1os, cuando el neur\u00f3logo detecta se\u00f1ales de alerta y canaliza a las y los pacientes para darles seguimiento oportuno.<\/p>\n<p>La funcionaria destac\u00f3 que estas acciones reafirman la visi\u00f3n de un Gobierno Municipal que escucha, atiende y se mantiene cercano a los sectores m\u00e1s sensibles del municipio, e invit\u00f3 a las familias interesadas a comunicarse para recibir orientaci\u00f3n o agendar una cita al 444 854-51-02 y 444 831-16-54.<\/p>\n<figure class=\"wp-block-image aligncenter size-large is-resized\"><img loading=\"lazy\" decoding=\"async\" width=\"715\" height=\"950\" src=\"https:\/\/b559124.smushcdn.com\/559124\/wp-content\/uploads\/2025\/12\/1000106806-715x950.jpg?lossy=2&amp;strip=1&amp;webp=1\" alt=\"\" class=\"wp-image-211388 lazyload\" style=\"--smush-placeholder-width: 715px; --smush-placeholder-aspect-ratio: 715\/950;width:678px;height:auto\" srcset=\"https:\/\/b559124.smushcdn.com\/559124\/wp-content\/uploads\/2025\/12\/1000106806-715x950.jpg?lossy=2&amp;strip=1&amp;webp=1 715w, https:\/\/b559124.smushcdn.com\/559124\/wp-content\/uploads\/2025\/12\/1000106806-451x600.jpg?lossy=2&amp;strip=1&amp;webp=1 451w, https:\/\/b559124.smushcdn.com\/559124\/wp-content\/uploads\/2025\/12\/1000106806-scaled.jpg?lossy=2&amp;strip=1&amp;webp=1 752w, https:\/\/b559124.smushcdn.com\/559124\/wp-content\/uploads\/2025\/12\/1000106806.jpg?size=160x213&amp;lossy=2&amp;strip=1&amp;webp=1 160w, https:\/\/b559124.smushcdn.com\/559124\/wp-content\/uploads\/2025\/12\/1000106806.jpg?size=320x425&amp;lossy=2&amp;strip=1&amp;webp=1 320w, https:\/\/b559124.smushcdn.com\/559124\/wp-content\/uploads\/2025\/12\/1000106806.jpg?size=640x850&amp;lossy=2&amp;strip=1&amp;webp=1 640w\" data-sizes=\"auto\" data-original-sizes=\"(max-width: 715px) 100vw, 715px\"\/><\/figure>\n<p>Adem\u00e1s de los nuevos talleres, la UBR 2 mantiene un servicio integral que en diciembre alcanzar\u00e1 700 pacientes atendidos y alrededor de mil 500 sesiones mensuales, que incluyen atenci\u00f3n psicol\u00f3gica, terapia de lenguaje, equinoterapia, terapias para autismo y un campamento inclusivo que fortalece la seguridad y autonom\u00eda de las personas usuarias.<\/p>\n<p>Agreg\u00f3 que con el impulso de la presidenta del organismo, Mar\u00eda del Pilar Cardona Reyna, el servicio de equinoterapia se ampliar\u00e1 tambi\u00e9n al d\u00eda mi\u00e9rcoles, operando de martes a viernes de 8:00 a 12:00 horas para brindar mayor disponibilidad.<\/p>\n<figure class=\"wp-block-image aligncenter size-large is-resized\"><img loading=\"lazy\" decoding=\"async\" width=\"950\" height=\"715\" src=\"https:\/\/b559124.smushcdn.com\/559124\/wp-content\/uploads\/2025\/12\/1000106804-950x715.jpg?lossy=2&amp;strip=1&amp;webp=1\" alt=\"\" class=\"wp-image-211389 lazyload\" style=\"--smush-placeholder-width: 950px; --smush-placeholder-aspect-ratio: 950\/715;width:687px;height:auto\" srcset=\"https:\/\/b559124.smushcdn.com\/559124\/wp-content\/uploads\/2025\/12\/1000106804-950x715.jpg?lossy=2&amp;strip=1&amp;webp=1 950w, https:\/\/b559124.smushcdn.com\/559124\/wp-content\/uploads\/2025\/12\/1000106804-600x451.jpg?lossy=2&amp;strip=1&amp;webp=1 600w, https:\/\/b559124.smushcdn.com\/559124\/wp-content\/uploads\/2025\/12\/1000106804-scaled.jpg?lossy=2&amp;strip=1&amp;webp=1 1000w, https:\/\/b559124.smushcdn.com\/559124\/wp-content\/uploads\/2025\/12\/1000106804.jpg?size=160x120&amp;lossy=2&amp;strip=1&amp;webp=1 160w, https:\/\/b559124.smushcdn.com\/559124\/wp-content\/uploads\/2025\/12\/1000106804.jpg?size=320x241&amp;lossy=2&amp;strip=1&amp;webp=1 320w, https:\/\/b559124.smushcdn.com\/559124\/wp-content\/uploads\/2025\/12\/1000106804.jpg?size=480x361&amp;lossy=2&amp;strip=1&amp;webp=1 480w, https:\/\/b559124.smushcdn.com\/559124\/wp-content\/uploads\/2025\/12\/1000106804.jpg?size=800x602&amp;lossy=2&amp;strip=1&amp;webp=1 800w\" data-sizes=\"auto\" data-original-sizes=\"(max-width: 950px) 100vw, 950px\"\/><\/figure>\n<\/p><\/div>\n<p><\/p>\n","protected":false},"excerpt":{"rendered":"<p>La UBR 2 fortalece sus talleres para ni\u00f1as, ni\u00f1os y padres de familia, y ampl\u00eda terapias y evaluaciones especializadas Para fortalecer la cercan\u00eda con las familias que requieren acompa\u00f1amiento profesional para comprender los diagn\u00f3sticos y mejorar la integraci\u00f3n de sus hijos e hijas, el Sistema Municipal para el Desarrollo Integral de la Familia (DIF) de [&hellip;]<\/p>\n","protected":false},"author":2,"featured_media":53456,"comment_status":"","ping_status":"","sticky":false,"template":"","format":"standard","meta":{"_monsterinsights_skip_tracking":false,"_monsterinsights_sitenote_active":false,"_monsterinsights_sitenote_note":"","_monsterinsights_sitenote_category":0,"footnotes":""},"categories":[5],"tags":[],"class_list":["post-53455","post","type-post","status-publish","format-standard","has-post-thumbnail","hentry","category-san-luis-potosi"],"_links":{"self":[{"href":"https:\/\/informebajio.com.mx\/index.php?rest_route=\/wp\/v2\/posts\/53455","targetHints":{"allow":["GET"]}}],"collection":[{"href":"https:\/\/informebajio.com.mx\/index.php?rest_route=\/wp\/v2\/posts"}],"about":[{"href":"https:\/\/informebajio.com.mx\/index.php?rest_route=\/wp\/v2\/types\/post"}],"author":[{"embeddable":true,"href":"https:\/\/informebajio.com.mx\/index.php?rest_route=\/wp\/v2\/users\/2"}],"replies":[{"embeddable":true,"href":"https:\/\/informebajio.com.mx\/index.php?rest_route=%2Fwp%2Fv2%2Fcomments&post=53455"}],"version-history":[{"count":0,"href":"https:\/\/informebajio.com.mx\/index.php?rest_route=\/wp\/v2\/posts\/53455\/revisions"}],"wp:featuredmedia":[{"embeddable":true,"href":"https:\/\/informebajio.com.mx\/index.php?rest_route=\/wp\/v2\/media\/53456"}],"wp:attachment":[{"href":"https:\/\/informebajio.com.mx\/index.php?rest_route=%2Fwp%2Fv2%2Fmedia&parent=53455"}],"wp:term":[{"taxonomy":"category","embeddable":true,"href":"https:\/\/informebajio.com.mx\/index.php?rest_route=%2Fwp%2Fv2%2Fcategories&post=53455"},{"taxonomy":"post_tag","embeddable":true,"href":"https:\/\/informebajio.com.mx\/index.php?rest_route=%2Fwp%2Fv2%2Ftags&post=53455"}],"curies":[{"name":"wp","href":"https:\/\/api.w.org\/{rel}","templated":true}]}}