{"id":53457,"date":"2025-12-09T02:57:50","date_gmt":"2025-12-09T08:57:50","guid":{"rendered":"https:\/\/informebajio.com.mx\/?p=53457"},"modified":"2025-12-09T02:57:50","modified_gmt":"2025-12-09T08:57:50","slug":"preve-pc-queretaro-temporada-activa-de-incendios","status":"publish","type":"post","link":"https:\/\/informebajio.com.mx\/?p=53457","title":{"rendered":"Prev\u00e9 PC Quer\u00e9taro temporada activa de incendios"},"content":{"rendered":"<div>\n<p><span style=\"font-weight: 400;\">Por Jahaira Lara\u00a0<\/span><\/p>\n<p><span style=\"font-weight: 400;\">Noticias\u00a0<\/span><\/p>\n<p>\u00a0<\/p>\n<p><span style=\"font-weight: 400;\">Ante el incremento en la vegetaci\u00f3n que dej\u00f3 la temporada de lluvias en la capital queretana y el inicio del periodo de estiaje, la Coordinaci\u00f3n Municipal de Protecci\u00f3n Civil de Quer\u00e9taro exhort\u00f3 a la poblaci\u00f3n a atender las medidas y recomendaciones para prevenirlos durante lo que se prev\u00e9 una temporada muy activa de incendios\u00a0<\/span><\/p>\n<p><span style=\"font-weight: 400;\">El titular de la dependencia municipal, Francisco Ram\u00edrez Santana, explic\u00f3 que la ausencia de humedad en la atm\u00f3sfera y en la tierra, hacen los terrenos m\u00e1s propensos a los incendios; por lo que desde octubre se iniciaron reuniones de planeaci\u00f3n y monitoreo con Medio Ambiente, Bomberos y autoridades estatales.<\/span><\/p>\n<p><span style=\"font-weight: 400;\">En este sentido, destac\u00f3 que desde noviembre ya se han atendido incendios en predios bald\u00edos y zonas cerriles, pero hasta el momento -dijo- ninguno ha sido de gravedad. Por lo que comparti\u00f3 que se decidieron adelantar las acciones ante las condiciones que se tienen en la capital.<\/span><\/p>\n<p><span style=\"font-weight: 400;\">\u201cA pesar de que a nivel nacional la estrategia de incendios dicta hasta el mes de febrero, en el Municipio de Quer\u00e9taro ya nos anticipamos porque hemos tenido incendios en predios bald\u00edos y zonas cerriles desde noviembre, adem\u00e1s de que se prev\u00e9 que sea una temporada muy activa en noviembre, diciembre, enero, febrero y marzo\u201d.<\/span><\/p>\n<p><span style=\"font-weight: 400;\">Ram\u00edrez Santana pidi\u00f3 a la ciudadan\u00eda evitar acciones que generen riesgo de incendios durante el estiaje como arrojar basura, arrojar colillas de cigarro en predios o zonas cerriles; as\u00ed como provocar estos ciniestros en actividades ecotur\u00edsticas, al no seguir las recomendaciones para hacer una fogata.<\/span><\/p>\n<p><span style=\"font-weight: 400;\">Asimismo,\u00a0 pidi\u00f3 reportar cualquier incidente al 911 y record\u00f3 que la vegetaci\u00f3n acumulada funciona como combustible y que el riesgo incrementar\u00e1 en los pr\u00f3ximos meses.<\/span><\/p>\n<p><span style=\"font-weight: 400;\">\u201cEsta temporada concluir\u00eda con mayo que inicia nuevamente la temporada de lluvias, es importante que sepan que hay una estrategia muy coordinada de identificar las zonas cerriles, predios bald\u00edos, y la coordinaci\u00f3n con las diferentes dependencias para poder atender de manera inmediata los incendios\u201d, concluy\u00f3.<\/span><\/p>\n<\/div>\n<p><script>(function(d, s, id) {\n  var js, fjs = d.getElementsByTagName(s)[0];\n  if (d.getElementById(id)) return;\n  js = d.createElement(s); js.id = id;\n  js.src = \"\/\/connect.facebook.net\/es_LA\/sdk.js#xfbml=1&appId=546007945598485&version=v2.3\";\n  fjs.parentNode.insertBefore(js, fjs);\n}(document, 'script', 'facebook-jssdk'));<\/script><\/p>\n","protected":false},"excerpt":{"rendered":"<p>Por Jahaira Lara\u00a0 Noticias\u00a0 \u00a0 Ante el incremento en la vegetaci\u00f3n que dej\u00f3 la temporada de lluvias en la capital queretana y el inicio del periodo de estiaje, la Coordinaci\u00f3n Municipal de Protecci\u00f3n Civil de Quer\u00e9taro exhort\u00f3 a la poblaci\u00f3n a atender las medidas y recomendaciones para prevenirlos durante lo que se prev\u00e9 una temporada [&hellip;]<\/p>\n","protected":false},"author":2,"featured_media":53458,"comment_status":"","ping_status":"","sticky":false,"template":"","format":"standard","meta":{"_monsterinsights_skip_tracking":false,"_monsterinsights_sitenote_active":false,"_monsterinsights_sitenote_note":"","_monsterinsights_sitenote_category":0,"footnotes":""},"categories":[4],"tags":[],"class_list":["post-53457","post","type-post","status-publish","format-standard","has-post-thumbnail","hentry","category-queretaro"],"_links":{"self":[{"href":"https:\/\/informebajio.com.mx\/index.php?rest_route=\/wp\/v2\/posts\/53457","targetHints":{"allow":["GET"]}}],"collection":[{"href":"https:\/\/informebajio.com.mx\/index.php?rest_route=\/wp\/v2\/posts"}],"about":[{"href":"https:\/\/informebajio.com.mx\/index.php?rest_route=\/wp\/v2\/types\/post"}],"author":[{"embeddable":true,"href":"https:\/\/informebajio.com.mx\/index.php?rest_route=\/wp\/v2\/users\/2"}],"replies":[{"embeddable":true,"href":"https:\/\/informebajio.com.mx\/index.php?rest_route=%2Fwp%2Fv2%2Fcomments&post=53457"}],"version-history":[{"count":0,"href":"https:\/\/informebajio.com.mx\/index.php?rest_route=\/wp\/v2\/posts\/53457\/revisions"}],"wp:featuredmedia":[{"embeddable":true,"href":"https:\/\/informebajio.com.mx\/index.php?rest_route=\/wp\/v2\/media\/53458"}],"wp:attachment":[{"href":"https:\/\/informebajio.com.mx\/index.php?rest_route=%2Fwp%2Fv2%2Fmedia&parent=53457"}],"wp:term":[{"taxonomy":"category","embeddable":true,"href":"https:\/\/informebajio.com.mx\/index.php?rest_route=%2Fwp%2Fv2%2Fcategories&post=53457"},{"taxonomy":"post_tag","embeddable":true,"href":"https:\/\/informebajio.com.mx\/index.php?rest_route=%2Fwp%2Fv2%2Ftags&post=53457"}],"curies":[{"name":"wp","href":"https:\/\/api.w.org\/{rel}","templated":true}]}}