{"id":53459,"date":"2025-12-09T05:37:01","date_gmt":"2025-12-09T11:37:01","guid":{"rendered":"https:\/\/informebajio.com.mx\/?p=53459"},"modified":"2025-12-09T05:37:01","modified_gmt":"2025-12-09T11:37:01","slug":"la-guardia-nacional-detiene-a-siete-escoltas-de-carlos-manzo-en-michoacan","status":"publish","type":"post","link":"https:\/\/informebajio.com.mx\/?p=53459","title":{"rendered":"La Guardia Nacional detiene a siete escoltas de Carlos Manzo en Michoac\u00e1n"},"content":{"rendered":"<div data-dtm-region=\"articulo_cuerpo\">\n<p class=\"\">Las autoridades de M\u00e9xico han detenido a siete escoltas que acompa\u00f1aron al alcalde de Uruapan,<a href=\"https:\/\/elpais.com\/mexico\/2025-11-02\/asesinado-carlos-manzo-el-alcalde-de-uruapan-en-michoacan-en-medio-de-una-celebracion-por-el-dia-de-muertos.html\" target=\"_self\" rel=\"\" title=\"https:\/\/elpais.com\/mexico\/2025-11-02\/asesinado-carlos-manzo-el-alcalde-de-uruapan-en-michoacan-en-medio-de-una-celebracion-por-el-dia-de-muertos.html\"> Carlos Manzo, la noche de su asesinato<\/a> el pasado 1 de noviembre, seg\u00fan ha reportado la Fiscal\u00eda de Michoac\u00e1n. La dependencia estaba investigando al personal de seguridad que hab\u00eda acompa\u00f1ado al presidente municipal a las celebraciones por el D\u00eda de Muertos por haber disparado contra V\u00edctor Manuel Ubaldo, el adolescente que apret\u00f3 el gatillo, cuando este ya estaba inmovilizado. El <a href=\"https:\/\/elpais.com\/mexico\/2025-11-02\/harfuch-asegura-que-manzo-contaba-con-proteccion-y-que-lo-mataron-aprovechando-un-evento-publico.html\" target=\"_self\" rel=\"\" title=\"https:\/\/elpais.com\/mexico\/2025-11-02\/harfuch-asegura-que-manzo-contaba-con-proteccion-y-que-lo-mataron-aprovechando-un-evento-publico.html\">secretario de Seguridad, Omar Garc\u00eda Harfuch,<\/a> ya hab\u00eda informado que los investigados eran polic\u00edas municipales que esa noche serv\u00edan de escoltas para Manzo.<\/p>\n<p class=\"\">La Fiscal\u00eda no ha detallado todav\u00eda qui\u00e9nes son los detenidos. Sin embargo, han se\u00f1alado en un comunicado que se ha cumplido una orden de aprehensi\u00f3n contra siete servidores p\u00fablicos del municipio de Uruapan. Las \u00f3rdenes de aprehensi\u00f3n se cumplimentaron por \u201chomicidio calificado por omisi\u00f3n en calidad de garante\u201d, seg\u00fan fuentes cercanas a la investigaci\u00f3n, que ha consultado EL PA\u00cdS. Los escoltas ser\u00e1n trasladados al Centro Penitenciario Lic. David Franco Rodr\u00edguez, en Morelia.<\/p>\n<p class=\"\">El operativo se llev\u00f3 a cabo al interior de la Casa de la Cultura de Uruapan, el sitio que Manzo utilizaba como oficina principal en el municipio. Las detenciones fueron coordinadas por un equipo conformado por integrantes de la Fiscal\u00eda estatal, elementos de la Guardia Nacional y del Ej\u00e9rcito. <\/p>\n<p class=\"\">Carlos Torres, el fiscal estatal, asegur\u00f3 hace algunos d\u00edas que los elementos que estaban a cargo de la seguridad de Manzo el d\u00eda del homicidio segu\u00edan en servicio y se mostraban dispuestos a colaborar. Torres no hab\u00eda descartado que se llamara nuevamente a los uniformados a comparecer y rendir nuevas declaraciones. En la misma l\u00ednea habl\u00f3 el secretario de Seguridad del Gobierno de Claudia Sheinbaum, Omar Garc\u00eda Harfuch, quien subray\u00f3 el 11 de noviembre que los escoltas estaban \u201clocalizados\u201d y declaraban \u201ccada que se les llama\u201d.<\/p>\n<p class=\"\">Las detenciones de este viernes llegan d\u00edas despu\u00e9s de que las autoridades dieran a conocer <a href=\"https:\/\/elpais.com\/mexico\/2025-11-19\/detenido-jorge-armando-n-uno-de-los-autores-intelectuales-del-asesinato-del-alcalde-carlos-manzo.html\" target=\"_blank\" rel=\"noreferrer\" title=\"https:\/\/elpais.com\/mexico\/2025-11-19\/detenido-jorge-armando-n-uno-de-los-autores-intelectuales-del-asesinato-del-alcalde-carlos-manzo.html\">la ca\u00edda de Jorge Armando N, alias El Licenciado<\/a>, quien es se\u00f1alado como uno de los presuntos autores intelectuales del homicidio. <\/p>\n<p class=\"\">Alfredo Ram\u00edrez Bedolla, gobernador del Estado de Michoac\u00e1n, especul\u00f3 d\u00edas atr\u00e1s sobre el papel de los guardaespaldas del alcalde la noche del asesinato, cuando estos localizaron al joven que abri\u00f3 fuego contra el pol\u00edtico. \u201cAl homicida lo detienen y momentos despu\u00e9s hay forcejeo y hay un solo disparo que abate al homicida\u201d, dijo ante los medios de comunicaci\u00f3n en conferencia de prensa. \u201cLas l\u00edneas de investigaci\u00f3n est\u00e1n abiertas en todos los sentidos\u201d, a\u00f1adi\u00f3.<\/p>\n<p class=\"\">V\u00edctor Ubaldo, el adolescente que mat\u00f3 a Manzo, consigui\u00f3 abrirse paso entre la multitud que hab\u00eda asistido al Festival de la Vela en la plaza central de Uruapan. Con una pistola nueve mil\u00edmetros, dispar\u00f3 varias veces contra el alcalde. Manzo era resguardado aquella noche por un grupo de polic\u00edas municipales que conformaban su primer c\u00edrculo seguridad. Uno de ellos abati\u00f3 con un tiro al adolescente cuando este ya estaba inmovilizado y neutralizado. <\/p>\n<p class=\"\">Con las detenciones de este viernes, las autoridades federales y estatales lanzan una se\u00f1al de que el crimen de Manzo no quedar\u00e1 impune. La Fiscal\u00eda pone el foco ahora en el operativo de seguridad del alcalde independiente, quien era vigilado por entre ocho y diez personas. La investigaci\u00f3n tambi\u00e9n avanz\u00f3 en la identificaci\u00f3n del tirador, un proceso que tard\u00f3 varios d\u00edas y se resolvi\u00f3 hasta que la familia reclam\u00f3 el cuerpo. El Gobierno tambi\u00e9n consigui\u00f3 dar con los dos compa\u00f1eros que acompa\u00f1aron esa noche al sicario, Fernando Josu\u00e9 \u2018N\u2019 y Ramiro \u2018N\u2019. Ambos consiguieron escapar y ten\u00edan \u00f3rdenes de esconderse, pero aparecieron muertos en una carretera d\u00edas despu\u00e9s. Harfuch se\u00f1al\u00f3 que el asesinato de los dos colaboradores indica que el grupo criminal al que pertenecen, las sospechas apuntan al Cartel Jalisco Nueva Generaci\u00f3n, los silenci\u00f3 para que las investigaciones no avanzaran.<\/p>\n<\/div>\n<p><\/p>\n","protected":false},"excerpt":{"rendered":"<p>Las autoridades de M\u00e9xico han detenido a siete escoltas que acompa\u00f1aron al alcalde de Uruapan, Carlos Manzo, la noche de su asesinato el pasado 1 de noviembre, seg\u00fan ha reportado la Fiscal\u00eda de Michoac\u00e1n. La dependencia estaba investigando al personal de seguridad que hab\u00eda acompa\u00f1ado al presidente municipal a las celebraciones por el D\u00eda de [&hellip;]<\/p>\n","protected":false},"author":2,"featured_media":53460,"comment_status":"","ping_status":"","sticky":false,"template":"","format":"standard","meta":{"_monsterinsights_skip_tracking":false,"_monsterinsights_sitenote_active":false,"_monsterinsights_sitenote_note":"","_monsterinsights_sitenote_category":0,"footnotes":""},"categories":[7],"tags":[],"class_list":["post-53459","post","type-post","status-publish","format-standard","has-post-thumbnail","hentry","category-michoacan"],"_links":{"self":[{"href":"https:\/\/informebajio.com.mx\/index.php?rest_route=\/wp\/v2\/posts\/53459","targetHints":{"allow":["GET"]}}],"collection":[{"href":"https:\/\/informebajio.com.mx\/index.php?rest_route=\/wp\/v2\/posts"}],"about":[{"href":"https:\/\/informebajio.com.mx\/index.php?rest_route=\/wp\/v2\/types\/post"}],"author":[{"embeddable":true,"href":"https:\/\/informebajio.com.mx\/index.php?rest_route=\/wp\/v2\/users\/2"}],"replies":[{"embeddable":true,"href":"https:\/\/informebajio.com.mx\/index.php?rest_route=%2Fwp%2Fv2%2Fcomments&post=53459"}],"version-history":[{"count":0,"href":"https:\/\/informebajio.com.mx\/index.php?rest_route=\/wp\/v2\/posts\/53459\/revisions"}],"wp:featuredmedia":[{"embeddable":true,"href":"https:\/\/informebajio.com.mx\/index.php?rest_route=\/wp\/v2\/media\/53460"}],"wp:attachment":[{"href":"https:\/\/informebajio.com.mx\/index.php?rest_route=%2Fwp%2Fv2%2Fmedia&parent=53459"}],"wp:term":[{"taxonomy":"category","embeddable":true,"href":"https:\/\/informebajio.com.mx\/index.php?rest_route=%2Fwp%2Fv2%2Fcategories&post=53459"},{"taxonomy":"post_tag","embeddable":true,"href":"https:\/\/informebajio.com.mx\/index.php?rest_route=%2Fwp%2Fv2%2Ftags&post=53459"}],"curies":[{"name":"wp","href":"https:\/\/api.w.org\/{rel}","templated":true}]}}