{"id":53463,"date":"2025-12-09T07:58:31","date_gmt":"2025-12-09T13:58:31","guid":{"rendered":"https:\/\/informebajio.com.mx\/?p=53463"},"modified":"2025-12-09T07:58:31","modified_gmt":"2025-12-09T13:58:31","slug":"van-por-ordenamiento-en-el-tianguis-del-mercado-juarez","status":"publish","type":"post","link":"https:\/\/informebajio.com.mx\/?p=53463","title":{"rendered":"Van por ordenamiento en el Tianguis del Mercado Ju\u00e1rez"},"content":{"rendered":"<div>\n<h2><span style=\"font-weight: 400;\">Destaca edil empat\u00eda con el comercio tras manifestaciones <\/span><\/h2>\n<p><span style=\"font-weight: 400;\">Por Josefina Herrera\u00a0<\/span><\/p>\n<p><span style=\"font-weight: 400;\">Noticias\u00a0<\/span><\/p>\n<p>\u00a0<\/p>\n<p><span style=\"font-weight: 400;\">Luego de que se registraran manifestaciones por parte de comerciantes del Tianguis del Mercado Ju\u00e1rez, ante el rumor de posibles retiros o afectaciones a sus espacios, el presidente municipal Roberto Cabrera Valencia asegur\u00f3 que el Gobierno Municipal trabaja en un ordenamiento integral que respete la tradici\u00f3n del comercio popular y garantice condiciones equitativas para las tres organizaciones que conforman este centro de abasto.<\/span><\/p>\n<p><span style=\"font-weight: 400;\">El alcalde enfatiz\u00f3 que el comercio tradicional es un pilar hist\u00f3rico en el pa\u00eds y en San Juan del R\u00edo, por lo que su administraci\u00f3n mantiene una postura emp\u00e1tica y de acompa\u00f1amiento.<\/span><\/p>\n<p><span style=\"font-weight: 400;\">\u201cEl abasto popular ser\u00e1 siempre a trav\u00e9s del tianguis. No alcanzan los mercados, las tiendas de conveniencia o los supermercados; todo se integra. Mucho del buen precio y la buena mercanc\u00eda est\u00e1 en estos espacios. Somos muy emp\u00e1ticos con este tipo de comercio, armonizando con el comercio formal y el semifijo.\u201d<\/span><\/p>\n<p><span style=\"font-weight: 400;\">Explic\u00f3 que el Mercado Ju\u00e1rez, el m\u00e1s grande y emblem\u00e1tico del municipio, debe mantenerse como ejemplo de orden, especialmente tras a\u00f1os en los que sus comerciantes fueron reubicados temporalmente debido a las obras de modernizaci\u00f3n.<\/span><\/p>\n<p><span style=\"font-weight: 400;\">Se\u00f1al\u00f3 que actualmente la zona se encuentra en mejores condiciones, y por ello el gobierno municipal revisa cuidadosamente el hist\u00f3rico de agremiados, los permisos y la evoluci\u00f3n de los espacios asignados:<\/span><\/p>\n<p><span style=\"font-weight: 400;\">\u201cQueremos que, cuando un tianguis vaya a crecer, verifiquemos antecedentes, permisos y el n\u00famero de lugares que exist\u00edan antes de las modificaciones. Debemos regresarlo al orden y a su tama\u00f1o original.\u201d<\/span><\/p>\n<p><span style=\"font-weight: 400;\">Record\u00f3 que en administraciones pasadas la falta de control ocasion\u00f3 que el tianguis se extendiera hacia calles como Francisco Villa, G\u00f3mez Far\u00edas e incluso rumbo a Chedraui, situaci\u00f3n que no se permitir\u00e1 repetir.<\/span><\/p>\n<p><span style=\"font-weight: 400;\">\u201cHay que mantener el orden para que el tianguis, que es muy tradicional, tenga larga vida. Cuidamos las disposiciones legales, de Protecci\u00f3n Civil y las que marca Secretar\u00eda de Gobierno, para tomar decisiones responsables y de la mano con nuestros comerciantes.\u201d<\/span><\/p>\n<p><span style=\"font-weight: 400;\">Aclar\u00f3 que las tres agrupaciones que integran el Tianguis del Mercado Ju\u00e1rez recibir\u00e1n trato igualitario, reiterando que el Gobierno Municipal no ser\u00e1 factor de divisi\u00f3n entre comerciantes.<\/span><\/p>\n<p><span style=\"font-weight: 400;\">\u201cSiempre mantenemos el orden y la armon\u00eda. No cargamos la balanza hacia nadie. Abrimos mesas de di\u00e1logo donde las razones son las que imperan. Nos vamos a poner de acuerdo, como siempre ha pasado.\u201d<\/span><\/p>\n<p><span style=\"font-weight: 400;\">Cabrera Valencia, destac\u00f3 que miles de familias dependen de los tianguis, que adem\u00e1s forman parte del arraigo cultural sanjuanense, y subray\u00f3 que su administraci\u00f3n ha impulsado incluso tianguis nocturnos y la creaci\u00f3n de nuevos espacios de comercio popular.<\/span><\/p>\n<p><span style=\"font-weight: 400;\">\u201cLo bonito es lo que tenemos que cuidar: la tradici\u00f3n y el comercio tradicional que sostiene a miles de familias. Queremos que los s\u00e1bados, quienes van religiosamente al tianguis, lo sigan disfrutando con orden y tranquilidad.\u201d<\/span><\/p>\n<p><span style=\"font-weight: 400;\">El alcalde reiter\u00f3 que las mesas de trabajo continuar\u00e1n, invitando a las organizaciones a mantener la unidad y la comunicaci\u00f3n abierta para resolver cualquier inquietud generada por coyunturas recientes.<\/span><\/p>\n<\/div>\n<p><script>(function(d, s, id) {\n  var js, fjs = d.getElementsByTagName(s)[0];\n  if (d.getElementById(id)) return;\n  js = d.createElement(s); js.id = id;\n  js.src = \"\/\/connect.facebook.net\/es_LA\/sdk.js#xfbml=1&appId=546007945598485&version=v2.3\";\n  fjs.parentNode.insertBefore(js, fjs);\n}(document, 'script', 'facebook-jssdk'));<\/script><\/p>\n","protected":false},"excerpt":{"rendered":"<p>Destaca edil empat\u00eda con el comercio tras manifestaciones Por Josefina Herrera\u00a0 Noticias\u00a0 \u00a0 Luego de que se registraran manifestaciones por parte de comerciantes del Tianguis del Mercado Ju\u00e1rez, ante el rumor de posibles retiros o afectaciones a sus espacios, el presidente municipal Roberto Cabrera Valencia asegur\u00f3 que el Gobierno Municipal trabaja en un ordenamiento integral [&hellip;]<\/p>\n","protected":false},"author":2,"featured_media":53464,"comment_status":"","ping_status":"","sticky":false,"template":"","format":"standard","meta":{"_monsterinsights_skip_tracking":false,"_monsterinsights_sitenote_active":false,"_monsterinsights_sitenote_note":"","_monsterinsights_sitenote_category":0,"footnotes":""},"categories":[4],"tags":[],"class_list":["post-53463","post","type-post","status-publish","format-standard","has-post-thumbnail","hentry","category-queretaro"],"_links":{"self":[{"href":"https:\/\/informebajio.com.mx\/index.php?rest_route=\/wp\/v2\/posts\/53463","targetHints":{"allow":["GET"]}}],"collection":[{"href":"https:\/\/informebajio.com.mx\/index.php?rest_route=\/wp\/v2\/posts"}],"about":[{"href":"https:\/\/informebajio.com.mx\/index.php?rest_route=\/wp\/v2\/types\/post"}],"author":[{"embeddable":true,"href":"https:\/\/informebajio.com.mx\/index.php?rest_route=\/wp\/v2\/users\/2"}],"replies":[{"embeddable":true,"href":"https:\/\/informebajio.com.mx\/index.php?rest_route=%2Fwp%2Fv2%2Fcomments&post=53463"}],"version-history":[{"count":0,"href":"https:\/\/informebajio.com.mx\/index.php?rest_route=\/wp\/v2\/posts\/53463\/revisions"}],"wp:featuredmedia":[{"embeddable":true,"href":"https:\/\/informebajio.com.mx\/index.php?rest_route=\/wp\/v2\/media\/53464"}],"wp:attachment":[{"href":"https:\/\/informebajio.com.mx\/index.php?rest_route=%2Fwp%2Fv2%2Fmedia&parent=53463"}],"wp:term":[{"taxonomy":"category","embeddable":true,"href":"https:\/\/informebajio.com.mx\/index.php?rest_route=%2Fwp%2Fv2%2Fcategories&post=53463"},{"taxonomy":"post_tag","embeddable":true,"href":"https:\/\/informebajio.com.mx\/index.php?rest_route=%2Fwp%2Fv2%2Ftags&post=53463"}],"curies":[{"name":"wp","href":"https:\/\/api.w.org\/{rel}","templated":true}]}}