{"id":53471,"date":"2025-12-09T17:59:48","date_gmt":"2025-12-09T23:59:48","guid":{"rendered":"https:\/\/informebajio.com.mx\/?p=53471"},"modified":"2025-12-09T17:59:48","modified_gmt":"2025-12-09T23:59:48","slug":"alla-callan-y-aqui-gritan-memo-vega","status":"publish","type":"post","link":"https:\/\/informebajio.com.mx\/?p=53471","title":{"rendered":"\u201cAll\u00e1 callan y aqu\u00ed gritan\u201d: Memo Vega"},"content":{"rendered":"<div>\n<h2><span style=\"font-weight: 400;\">Gilberto, Rufina y Luis Humberto votaron a favor de reducir el presupuesto para Quer\u00e9taro, critic\u00f3 el diputado del PAN<\/span><\/h2>\n<p><span style=\"font-weight: 400;\">Noticias<\/span><\/p>\n<p>\u00a0<\/p>\n<p><span style=\"font-weight: 400;\">El coordinador de las y los Diputados del PAN, Guillermo Vega Guerrero llam\u00f3 a los Diputados Federales de Morena a que dejen de simular que les interesa el bienestar de las familias queretanas, pues no s\u00f3lo no han conseguido recursos para Quer\u00e9taro, sino que aprobaron los recortes federales que suman m\u00e1s de 2 mil millones de pesos para el 2026.<\/span><\/p>\n<p><span style=\"font-weight: 400;\">El legislador explic\u00f3 que: \u201cen la pasada aprobaci\u00f3n del Presupuesto Federal para el a\u00f1o siguiente, Quer\u00e9taro tuvo un recorte grave, injusto y profundamente preocupante\u201d.<\/span><\/p>\n<p><span style=\"font-weight: 400;\">\u201cAnte este recorte, los tres Diputados Federales de Morena, Gilberto, Rufina y Luis Alberto no dijeron nada, estuvieron de acuerdo, votaron a favor de la reducci\u00f3n de ese dinero para los Queretanos. Hoy que se lleva a cabo el debate del Presupuesto Estatal, vienen a contaminar la discusi\u00f3n, intentan enga\u00f1ar, \u00bfvienen a hablar de justicia presupuestal?, esto es una mentira y una simulaci\u00f3n, ya que el recorte que ellos avalaron, no es solo una cifra en el presupuesto: es menos salud para las familias, menos oportunidades para nuestros hijos, menos obras para nuestros municipios, y menos desarrollo para todo el estado\u201d, a\u00f1adi\u00f3.<\/span><\/p>\n<p><span style=\"font-weight: 400;\">En particular sobre algunos rubros refiri\u00f3: En el sector salud, a trav\u00e9s del FASSA, que es el fondo federal que paga m\u00e9dicos, enfermeras, hospitales y servicios de salud, nuestro estado perdi\u00f3 758 millones de pesos, recursos que afectan directamente la atenci\u00f3n a las familias.<\/span><\/p>\n<p><span style=\"font-weight: 400;\">En infraestructura educativa, el Fondo de Aportaci\u00f3n M\u00faltiple B\u00e1sica, que sirve para financiar la construcci\u00f3n y rehabilitaci\u00f3n de escuelas,\u00a0 sufri\u00f3 una reducci\u00f3n de 144 millones de pesos, frenando obras para miles de ni\u00f1as y ni\u00f1os.<\/span><\/p>\n<p><span style=\"font-weight: 400;\">A esto se suma una disminuci\u00f3n de 1,267 millones de pesos en las participaciones federales del Ramo 28, que son recursos de libre uso para que los municipios presten servicios b\u00e1sicos como seguridad, alumbrado y obra p\u00fablica, golpeando directamente a los 18 ayuntamientos.<\/span><\/p>\n<p><span style=\"font-weight: 400;\">Y adem\u00e1s, del Fondo de Aportaciones para la Infraestructura Social (FAIS) \u2014fondo destinado a combatir la pobreza y llevar infraestructura social a las comunidades\u2014, se descontaron 124.7 millones de pesos, recortando obras comunitarias esenciales.<\/span><\/p>\n<p><span style=\"font-weight: 400;\">Agreg\u00f3 que: \u201cEn total, Quer\u00e9taro perdi\u00f3 m\u00e1s de 2,000 millones de pesos. Dos mil millones que hoy no llegar\u00e1n a hospitales, escuelas, calles ni comunidades\u201d.<\/span><\/p>\n<p><span style=\"font-weight: 400;\">Finalmente reiter\u00f3 que buscar\u00e1n que el presupuesto estatal logr\u00e9 el consenso de las diversas fuerzas pol\u00edticas anteponiendo el beneficio social por encima de los intereses partidistas.<\/span><\/p>\n<\/div>\n<p><script>(function(d, s, id) {\n  var js, fjs = d.getElementsByTagName(s)[0];\n  if (d.getElementById(id)) return;\n  js = d.createElement(s); js.id = id;\n  js.src = \"\/\/connect.facebook.net\/es_LA\/sdk.js#xfbml=1&appId=546007945598485&version=v2.3\";\n  fjs.parentNode.insertBefore(js, fjs);\n}(document, 'script', 'facebook-jssdk'));<\/script><\/p>\n","protected":false},"excerpt":{"rendered":"<p>Gilberto, Rufina y Luis Humberto votaron a favor de reducir el presupuesto para Quer\u00e9taro, critic\u00f3 el diputado del PAN Noticias \u00a0 El coordinador de las y los Diputados del PAN, Guillermo Vega Guerrero llam\u00f3 a los Diputados Federales de Morena a que dejen de simular que les interesa el bienestar de las familias queretanas, pues [&hellip;]<\/p>\n","protected":false},"author":2,"featured_media":53472,"comment_status":"","ping_status":"","sticky":false,"template":"","format":"standard","meta":{"_monsterinsights_skip_tracking":false,"_monsterinsights_sitenote_active":false,"_monsterinsights_sitenote_note":"","_monsterinsights_sitenote_category":0,"footnotes":""},"categories":[4],"tags":[],"class_list":["post-53471","post","type-post","status-publish","format-standard","has-post-thumbnail","hentry","category-queretaro"],"_links":{"self":[{"href":"https:\/\/informebajio.com.mx\/index.php?rest_route=\/wp\/v2\/posts\/53471","targetHints":{"allow":["GET"]}}],"collection":[{"href":"https:\/\/informebajio.com.mx\/index.php?rest_route=\/wp\/v2\/posts"}],"about":[{"href":"https:\/\/informebajio.com.mx\/index.php?rest_route=\/wp\/v2\/types\/post"}],"author":[{"embeddable":true,"href":"https:\/\/informebajio.com.mx\/index.php?rest_route=\/wp\/v2\/users\/2"}],"replies":[{"embeddable":true,"href":"https:\/\/informebajio.com.mx\/index.php?rest_route=%2Fwp%2Fv2%2Fcomments&post=53471"}],"version-history":[{"count":0,"href":"https:\/\/informebajio.com.mx\/index.php?rest_route=\/wp\/v2\/posts\/53471\/revisions"}],"wp:featuredmedia":[{"embeddable":true,"href":"https:\/\/informebajio.com.mx\/index.php?rest_route=\/wp\/v2\/media\/53472"}],"wp:attachment":[{"href":"https:\/\/informebajio.com.mx\/index.php?rest_route=%2Fwp%2Fv2%2Fmedia&parent=53471"}],"wp:term":[{"taxonomy":"category","embeddable":true,"href":"https:\/\/informebajio.com.mx\/index.php?rest_route=%2Fwp%2Fv2%2Fcategories&post=53471"},{"taxonomy":"post_tag","embeddable":true,"href":"https:\/\/informebajio.com.mx\/index.php?rest_route=%2Fwp%2Fv2%2Ftags&post=53471"}],"curies":[{"name":"wp","href":"https:\/\/api.w.org\/{rel}","templated":true}]}}