{"id":53475,"date":"2025-12-09T23:00:02","date_gmt":"2025-12-10T05:00:02","guid":{"rendered":"https:\/\/informebajio.com.mx\/?p=53475"},"modified":"2025-12-09T23:00:02","modified_gmt":"2025-12-10T05:00:02","slug":"inaugura-uaq-cuatro-nuevos-murales","status":"publish","type":"post","link":"https:\/\/informebajio.com.mx\/?p=53475","title":{"rendered":"Inaugura UAQ cuatro nuevos murales"},"content":{"rendered":"<div>\n<h2><span style=\"font-weight: 400;\">Las obras se integran a su patrimonio art\u00edstico universitario<\/span><\/h2>\n<p><span style=\"font-weight: 400;\">Noticias\u00a0<\/span><\/p>\n<p>\u00a0<\/p>\n<p><span style=\"font-weight: 400;\">Autoridades universitarias encabezadas por el Secretario de Extensi\u00f3n y Cultura Universitaria (SECU) de la M\u00e1xima Casa de Estudios queretana, Dr. Eduardo N\u00fa\u00f1ez Rojas, inauguraron cuatro nuevos murales ubicados en la Direcci\u00f3n de Servicios Acad\u00e9micos de la Universidad Aut\u00f3noma de Quer\u00e9taro (UAQ).<\/span><\/p>\n<p><span style=\"font-weight: 400;\">Estas intervenciones fueron realizadas -desde su conceptualizaci\u00f3n hasta su ejecuci\u00f3n- por estudiantes del s\u00e9ptimo semestre de la Licenciatura en Artes Visuales, bajo la direcci\u00f3n de la Mtra. Noem\u00ed Mart\u00ednez Osorio, coordinadora General de la SECU.<\/span><\/p>\n<p><span style=\"font-weight: 400;\">El objetivo del proyecto fue revitalizar, embellecer y dotar de identidad, mediante pintura mural, a las \u00e1reas de la Direcci\u00f3n de Servicios Acad\u00e9micos y la Direcci\u00f3n de Becas, dependencias que atienden cotidianamente a gran parte de la comunidad universitaria.<\/span><\/p>\n<p><span style=\"font-weight: 400;\">Como parte del proceso creativo, las y los estudiantes llevaron a cabo una investigaci\u00f3n de campo para conocer las funciones, tr\u00e1mites y din\u00e1micas de trabajo de dichas oficinas, as\u00ed como las expectativas del personal administrativo respecto a los elementos visuales que podr\u00edan contribuir a su bienestar psicoemocional.<\/span><\/p>\n<p><span style=\"font-weight: 400;\">Con base en ello, desarrollaron las propuestas conceptuales y pl\u00e1sticas que dieron origen a los murales titulados: Biblioteca Mental, Primavera Universitaria, M\u00e1ximo Aprovechamiento; y Comunidad Universitaria.<\/span><\/p>\n<p><span style=\"font-weight: 400;\">Durante el protocolo de inauguraci\u00f3n, el Dr. N\u00fa\u00f1ez Rojas se\u00f1al\u00f3 que estas obras se integran de manera permanente al patrimonio art\u00edstico universitario; lo que implica su inscripci\u00f3n formal en el acervo de la UAQ y su conservaci\u00f3n como piezas institucionales. Asimismo, subray\u00f3 que los murales representan un legado de estudiantes universitarios para la propia comunidad universitaria y asegur\u00f3 que a trav\u00e9s de estas iniciativas \u201cel arte se mantiene vivo\u201d.<\/span><\/p>\n<p><span style=\"font-weight: 400;\">En su intervenci\u00f3n, el Dr. Dar\u00edo Hurtado Maldonado, director de Servicios Acad\u00e9mico de la UAQ, agradeci\u00f3 a la Secretar\u00eda de Extensi\u00f3n y Cultura Universitaria por impulsar la intervenci\u00f3n art\u00edstica de los espacios e indic\u00f3 que los motivos representados en los murales funcionan como recordatorio activo del compromiso de servicio que se brinda en estas oficinas.<\/span><\/p>\n<p><span style=\"font-weight: 400;\">Los artistas que participaron en estos murales fueron: Dulce Rodr\u00edguez, Julio Salazar, Alejandra Vigueras, Mariana Hern\u00e1ndez, Mariana Villagr\u00e1n, Hanna Tapia, Xisela Guti\u00e9rrez, Regina Carrascosa, Jhoanny Gallardo, Alaiya Achcar, N\u00e9stor Aguilar, Karen Carrillo, Sandra Gonz\u00e1lez, Carla Garc\u00eda, Diego Ayala y Ana Zepeda.<\/span><\/p>\n<\/div>\n<p><script>(function(d, s, id) {\n  var js, fjs = d.getElementsByTagName(s)[0];\n  if (d.getElementById(id)) return;\n  js = d.createElement(s); js.id = id;\n  js.src = \"\/\/connect.facebook.net\/es_LA\/sdk.js#xfbml=1&appId=546007945598485&version=v2.3\";\n  fjs.parentNode.insertBefore(js, fjs);\n}(document, 'script', 'facebook-jssdk'));<\/script><\/p>\n","protected":false},"excerpt":{"rendered":"<p>Las obras se integran a su patrimonio art\u00edstico universitario Noticias\u00a0 \u00a0 Autoridades universitarias encabezadas por el Secretario de Extensi\u00f3n y Cultura Universitaria (SECU) de la M\u00e1xima Casa de Estudios queretana, Dr. Eduardo N\u00fa\u00f1ez Rojas, inauguraron cuatro nuevos murales ubicados en la Direcci\u00f3n de Servicios Acad\u00e9micos de la Universidad Aut\u00f3noma de Quer\u00e9taro (UAQ). Estas intervenciones fueron [&hellip;]<\/p>\n","protected":false},"author":2,"featured_media":53476,"comment_status":"","ping_status":"","sticky":false,"template":"","format":"standard","meta":{"_monsterinsights_skip_tracking":false,"_monsterinsights_sitenote_active":false,"_monsterinsights_sitenote_note":"","_monsterinsights_sitenote_category":0,"footnotes":""},"categories":[4],"tags":[],"class_list":["post-53475","post","type-post","status-publish","format-standard","has-post-thumbnail","hentry","category-queretaro"],"_links":{"self":[{"href":"https:\/\/informebajio.com.mx\/index.php?rest_route=\/wp\/v2\/posts\/53475","targetHints":{"allow":["GET"]}}],"collection":[{"href":"https:\/\/informebajio.com.mx\/index.php?rest_route=\/wp\/v2\/posts"}],"about":[{"href":"https:\/\/informebajio.com.mx\/index.php?rest_route=\/wp\/v2\/types\/post"}],"author":[{"embeddable":true,"href":"https:\/\/informebajio.com.mx\/index.php?rest_route=\/wp\/v2\/users\/2"}],"replies":[{"embeddable":true,"href":"https:\/\/informebajio.com.mx\/index.php?rest_route=%2Fwp%2Fv2%2Fcomments&post=53475"}],"version-history":[{"count":0,"href":"https:\/\/informebajio.com.mx\/index.php?rest_route=\/wp\/v2\/posts\/53475\/revisions"}],"wp:featuredmedia":[{"embeddable":true,"href":"https:\/\/informebajio.com.mx\/index.php?rest_route=\/wp\/v2\/media\/53476"}],"wp:attachment":[{"href":"https:\/\/informebajio.com.mx\/index.php?rest_route=%2Fwp%2Fv2%2Fmedia&parent=53475"}],"wp:term":[{"taxonomy":"category","embeddable":true,"href":"https:\/\/informebajio.com.mx\/index.php?rest_route=%2Fwp%2Fv2%2Fcategories&post=53475"},{"taxonomy":"post_tag","embeddable":true,"href":"https:\/\/informebajio.com.mx\/index.php?rest_route=%2Fwp%2Fv2%2Ftags&post=53475"}],"curies":[{"name":"wp","href":"https:\/\/api.w.org\/{rel}","templated":true}]}}