{"id":53479,"date":"2025-12-10T01:38:00","date_gmt":"2025-12-10T07:38:00","guid":{"rendered":"https:\/\/informebajio.com.mx\/?p=53479"},"modified":"2025-12-10T01:38:00","modified_gmt":"2025-12-10T07:38:00","slug":"el-gobierno-de-michoacan-nombra-a-un-nuevo-secretario-de-seguridad-en-plena-crisis-de-violencia","status":"publish","type":"post","link":"https:\/\/informebajio.com.mx\/?p=53479","title":{"rendered":"El Gobierno de Michoac\u00e1n nombra a un nuevo secretario de Seguridad en plena crisis de violencia"},"content":{"rendered":"<div data-dtm-region=\"articulo_cuerpo\">\n<p class=\"\">El Gobierno de Michoac\u00e1n ha nombrado al polic\u00eda Jos\u00e9 Antonio Cruz Medina como nuevo secretario de Seguridad en el Estado. El funcionario, que fue director en la Guardia Nacional y en la extinta Polic\u00eda Federal, ha sido anunciado como \u201cun relevo estrat\u00e9gico\u201d tras la crisis desatada por el asesinato del alcalde Uruapan, Carlos Manzo. Cruz Medina llega a sustituir a Juan Carlos Oseguera, <a href=\"https:\/\/elpais.com\/mexico\/2025-11-09\/sheinbaum-presenta-la-ofensiva-del-estado-para-michoacan-la-seguridad-y-la-paz-son-frutos-de-la-justicia-no-traicionaremos-la-confianza-del-pueblo.html\" target=\"_self\" rel=\"\" title=\"https:\/\/elpais.com\/mexico\/2025-11-09\/sheinbaum-presenta-la-ofensiva-del-estado-para-michoacan-la-seguridad-y-la-paz-son-frutos-de-la-justicia-no-traicionaremos-la-confianza-del-pueblo.html\">como parte del Plan Michoac\u00e1n<\/a>, la estrategia ideada por la presidenta Claudia Sheinbaum para atender la espiral de violencia de la entidad. <\/p>\n<p class=\"\">El brutal homicidio de Manzo en la celebraci\u00f3n del D\u00eda de Muertos, <a href=\"https:\/\/elpais.com\/mexico\/2025-10-21\/los-ultimos-pasos-del-lider-agricultor-bernardo-bravo-manriquez-en-michoacan-antes-de-ser-asesinado.html\" target=\"_self\" rel=\"\" title=\"https:\/\/elpais.com\/mexico\/2025-10-21\/los-ultimos-pasos-del-lider-agricultor-bernardo-bravo-manriquez-en-michoacan-antes-de-ser-asesinado.html\">solo unos d\u00edas despu\u00e9s del asesinato del l\u00edder limonero de Apatzing\u00e1n Bernardo Bravo<\/a>, ha vuelto a poner a Michoac\u00e1n como una \u201cprioridad nacional\u201d del Gobierno mexicano. Sheinbaum anunci\u00f3 el que es ya el cuarto plan de pacificaci\u00f3n del Estado en dos d\u00e9cadas. La presidenta ha anunciado una bater\u00eda de un centenar de medidas <a href=\"https:\/\/elpais.com\/mexico\/2025-11-11\/el-profundo-calado-del-crimen-en-michoacan-reta-el-ambicioso-plan-de-paz.html\" target=\"_self\" rel=\"\" title=\"https:\/\/elpais.com\/mexico\/2025-11-11\/el-profundo-calado-del-crimen-en-michoacan-reta-el-ambicioso-plan-de-paz.html\">para atajar el problema de ra\u00edz<\/a>. Las acciones incluyen la inversi\u00f3n de 57.000 millones y el env\u00edo de 10.000 militares a la entidad, adem\u00e1s de nuevas estrategias de combate a la extorsi\u00f3n de agricultores, la ampliaci\u00f3n de becas estudiantiles y apoyos sociales, y la inversi\u00f3n en carreteras y alambrado p\u00fablico.<\/p>\n<p class=\"\">Es para consolidar esta estrategia que ha sido nombrado el experto en inteligencia y seguridad, Jos\u00e9 Antonio Cruz Medina. El funcionario proviene, igual que el poderoso secretario de Seguridad, <a href=\"https:\/\/elpais.com\/mexico\/2025-08-24\/todo-pasa-por-harfuch-en-mexico.html\" target=\"_self\" rel=\"\" title=\"https:\/\/elpais.com\/mexico\/2025-08-24\/todo-pasa-por-harfuch-en-mexico.html\">Omar Garc\u00eda Harfuch<\/a>, de la extinta Polic\u00eda Federal. Esta dependencia, que fue eliminada por el expresidente Andr\u00e9s Manuel L\u00f3pez Obrador para crear la Guardia Nacional, ha ido recobrando protagonismo bajo la administraci\u00f3n de Sheinbaum. La estrategia de la presidenta, que ha dado poder total a Garc\u00eda Harfuch para atender la crisis de violencia del pa\u00eds, <a href=\"https:\/\/elpais.com\/mexico\/2025-09-29\/sheinbaum-se-escuda-en-una-policia-federal-20-para-afianzar-la-estrategia-de-seguridad-en-mexico.html\" target=\"_self\" rel=\"\" title=\"https:\/\/elpais.com\/mexico\/2025-09-29\/sheinbaum-se-escuda-en-una-policia-federal-20-para-afianzar-la-estrategia-de-seguridad-en-mexico.html\">se apoya ahora en mandos formados en la Polic\u00eda Federal. <\/a><\/p>\n<p class=\"\">A Francisco Almaz\u00e1n, director del Centro Nacional de Inteligencia; H\u00e9ctor Elizalde, subsecretario de Investigaci\u00f3n, u Omar Reyes, al frente de la Unidad de Inteligencia Financiera (de la Secretar\u00eda de Hacienda), se le suma ahora Cruz Medina. El Gobierno michoacano ha anunciado que el nombramiento del polic\u00eda \u201cbusca reforzar las acciones articuladas entre instituciones federales y estatales en materia de combate a la delincuencia y reducci\u00f3n de la violencia\u201d. Es la misma l\u00ednea que, por ejemplo, <a href=\"https:\/\/elpais.com\/mexico\/2025-09-30\/el-milagro-de-la-reduccion-de-homicidios-en-guanajuato-no-protegio-a-jaqueline.html\" target=\"_self\" rel=\"\" title=\"https:\/\/elpais.com\/mexico\/2025-09-30\/el-milagro-de-la-reduccion-de-homicidios-en-guanajuato-no-protegio-a-jaqueline.html\">se est\u00e1 llevando a cabo en Guanajuato<\/a>, otro de los Estados prioritarios para Sheinbaum. En esta entidad, la gobernadora panista Libia Denisse Garc\u00eda nombr\u00f3 a Mauro Gonz\u00e1lez, tambi\u00e9n de la vieja Polic\u00eda Federal. <\/p>\n<p class=\"\">Cruz Medina llega al cargo tras desempe\u00f1arse como vicefiscal de la Fiscal\u00eda de Michoac\u00e1n, donde encabez\u00f3 \u00e1reas de an\u00e1lisis, inteligencia y operaci\u00f3n policial. Antes, hasta 2022, el funcionario hab\u00eda sido director en la Guardia Nacional, en la Coordinaci\u00f3n Nacional Antisecuestro, a cargo del \u00e1rea de investigaci\u00f3n de campo, y de 2017 a 2019 fue director de Operaciones T\u00e9cnicas y T\u00e1cticas de la Polic\u00eda Federal, desde ah\u00ed \u201ccoordin\u00f3 investigaciones contra grupos delictivos de alto impacto y logr\u00f3 la captura de diversos objetivos prioritarios\u201d. Con sus dos d\u00e9cadas de trayectoria, afirma el comunicado del Gobierno de Michoac\u00e1n, \u201cfortalecer\u00e1 la estrategia de seguridad en la entidad\u201d. <\/p>\n<p class=\"\">La administraci\u00f3n del gobernador morenista Alfredo Ram\u00edrez qued\u00f3 muy malparada tras el asesinato de Manzo. El alcalde de Uruapan ya hab\u00eda advertido que iban a matarlo y hab\u00eda solicitado ayuda. Sin embargo, la presencia de una decena de integrantes de la Guardia Nacional no evit\u00f3 que un sicario \u2014<a href=\"https:\/\/elpais.com\/mexico\/2025-11-06\/las-autoridades-de-michoacan-identifican-al-asesino-de-carlos-manzo-como-victor-manuel-un-adolescente-de-17-anos-originario-de-paracho.html\" target=\"_self\" rel=\"\" title=\"https:\/\/elpais.com\/mexico\/2025-11-06\/las-autoridades-de-michoacan-identifican-al-asesino-de-carlos-manzo-como-victor-manuel-un-adolescente-de-17-anos-originario-de-paracho.html\">de solo 17 a\u00f1os<\/a>\u2014 le quitara la vida al <a href=\"https:\/\/elpais.com\/mexico\/2025-11-16\/el-movimiento-del-sombrero-de-un-proyecto-regional-a-la-primera-linea-de-la-politica-mexicana.html\" target=\"_self\" rel=\"\" title=\"https:\/\/elpais.com\/mexico\/2025-11-16\/el-movimiento-del-sombrero-de-un-proyecto-regional-a-la-primera-linea-de-la-politica-mexicana.html\">fundador del Movimiento del Sombrero<\/a>. <\/p>\n<\/div>\n<p><\/p>\n","protected":false},"excerpt":{"rendered":"<p>El Gobierno de Michoac\u00e1n ha nombrado al polic\u00eda Jos\u00e9 Antonio Cruz Medina como nuevo secretario de Seguridad en el Estado. El funcionario, que fue director en la Guardia Nacional y en la extinta Polic\u00eda Federal, ha sido anunciado como \u201cun relevo estrat\u00e9gico\u201d tras la crisis desatada por el asesinato del alcalde Uruapan, Carlos Manzo. Cruz [&hellip;]<\/p>\n","protected":false},"author":2,"featured_media":53480,"comment_status":"","ping_status":"","sticky":false,"template":"","format":"standard","meta":{"_monsterinsights_skip_tracking":false,"_monsterinsights_sitenote_active":false,"_monsterinsights_sitenote_note":"","_monsterinsights_sitenote_category":0,"footnotes":""},"categories":[7],"tags":[],"class_list":["post-53479","post","type-post","status-publish","format-standard","has-post-thumbnail","hentry","category-michoacan"],"_links":{"self":[{"href":"https:\/\/informebajio.com.mx\/index.php?rest_route=\/wp\/v2\/posts\/53479","targetHints":{"allow":["GET"]}}],"collection":[{"href":"https:\/\/informebajio.com.mx\/index.php?rest_route=\/wp\/v2\/posts"}],"about":[{"href":"https:\/\/informebajio.com.mx\/index.php?rest_route=\/wp\/v2\/types\/post"}],"author":[{"embeddable":true,"href":"https:\/\/informebajio.com.mx\/index.php?rest_route=\/wp\/v2\/users\/2"}],"replies":[{"embeddable":true,"href":"https:\/\/informebajio.com.mx\/index.php?rest_route=%2Fwp%2Fv2%2Fcomments&post=53479"}],"version-history":[{"count":0,"href":"https:\/\/informebajio.com.mx\/index.php?rest_route=\/wp\/v2\/posts\/53479\/revisions"}],"wp:featuredmedia":[{"embeddable":true,"href":"https:\/\/informebajio.com.mx\/index.php?rest_route=\/wp\/v2\/media\/53480"}],"wp:attachment":[{"href":"https:\/\/informebajio.com.mx\/index.php?rest_route=%2Fwp%2Fv2%2Fmedia&parent=53479"}],"wp:term":[{"taxonomy":"category","embeddable":true,"href":"https:\/\/informebajio.com.mx\/index.php?rest_route=%2Fwp%2Fv2%2Fcategories&post=53479"},{"taxonomy":"post_tag","embeddable":true,"href":"https:\/\/informebajio.com.mx\/index.php?rest_route=%2Fwp%2Fv2%2Ftags&post=53479"}],"curies":[{"name":"wp","href":"https:\/\/api.w.org\/{rel}","templated":true}]}}