{"id":53485,"date":"2025-12-10T08:15:10","date_gmt":"2025-12-10T14:15:10","guid":{"rendered":"https:\/\/informebajio.com.mx\/?p=53485"},"modified":"2025-12-10T08:15:10","modified_gmt":"2025-12-10T14:15:10","slug":"es-positiva-la-reforma-para-implementar-la-jornada-laboral-de-40-horas-semanales-dip-roberto-garcia-castillo","status":"publish","type":"post","link":"https:\/\/informebajio.com.mx\/?p=53485","title":{"rendered":"ES POSITIVA LA REFORMA PARA IMPLEMENTAR LA JORNADA LABORAL DE 40 HORAS SEMANALES: DIP. ROBERTO GARC\u00cdA CASTILLO"},"content":{"rendered":"<div>\n<p>ES UNA REFORMA SOCIALMENTE CONSENSUADA, T\u00c9CNICA Y RESPONSABLE, QUE PONE AL TRABAJADOR AL CENTRO DE LA VIDA P\u00daBLICA DEL PA\u00cdS<\/p>\n<p>El diputado Roberto Garc\u00eda Castillo calific\u00f3 como positiva la reforma federal para implementar la jornada laboral de 40 horas semanales, ya que se trata de una de las transformaciones laborales m\u00e1s importantes de los \u00faltimos a\u00f1os, beneficiando a miles de familias potosinas.<\/p>\n<p>De acuerdo con la informaci\u00f3n presentada por la Secretar\u00eda del Trabajo, esta reforma fue construida mediante m\u00e1s de 40 mesas de trabajo y la participaci\u00f3n de 2 mil personas de sectores empresariales, sindicales, acad\u00e9micos y sociales.<\/p>\n<p>Subray\u00f3 que la propuesta no reduce salarios ni prestaciones, protege a j\u00f3venes al prohibir horas extras para menores y establece una implementaci\u00f3n gradual que iniciar\u00e1 en 2027, hasta alcanzar la jornada de 40 horas en 2030.<\/p>\n<figure class=\"wp-block-image aligncenter size-full is-resized\"><img fetchpriority=\"high\" decoding=\"async\" width=\"936\" height=\"648\" src=\"https:\/\/b559124.smushcdn.com\/559124\/wp-content\/uploads\/2025\/12\/1000106918.jpg?lossy=2&amp;strip=1&amp;webp=1\" alt=\"\" class=\"wp-image-211418\" style=\"width:656px;height:auto\" srcset=\"https:\/\/b559124.smushcdn.com\/559124\/wp-content\/uploads\/2025\/12\/1000106918.jpg?lossy=2&amp;strip=1&amp;webp=1 936w, https:\/\/b559124.smushcdn.com\/559124\/wp-content\/uploads\/2025\/12\/1000106918-600x415.jpg?lossy=2&amp;strip=1&amp;webp=1 600w, https:\/\/b559124.smushcdn.com\/559124\/wp-content\/uploads\/2025\/12\/1000106918.jpg?size=160x111&amp;lossy=2&amp;strip=1&amp;webp=1 160w, https:\/\/b559124.smushcdn.com\/559124\/wp-content\/uploads\/2025\/12\/1000106918.jpg?size=320x222&amp;lossy=2&amp;strip=1&amp;webp=1 320w, https:\/\/b559124.smushcdn.com\/559124\/wp-content\/uploads\/2025\/12\/1000106918.jpg?size=480x332&amp;lossy=2&amp;strip=1&amp;webp=1 480w, https:\/\/b559124.smushcdn.com\/559124\/wp-content\/uploads\/2025\/12\/1000106918.jpg?size=800x554&amp;lossy=2&amp;strip=1&amp;webp=1 800w\" sizes=\"(max-width: 936px) 100vw, 936px\"\/><\/figure>\n<p>\u201cNo se pone en riesgo la econom\u00eda, al contrario, se fortalece la productividad y se dignifica el esfuerzo de quienes sostienen la producci\u00f3n local y nacional\u201d.<\/p>\n<p>Se\u00f1al\u00f3 que la Organizaci\u00f3n Internacional del Trabajo establece que la reducci\u00f3n de la jornada trae beneficios como menor fatiga, menos accidentes laborales, mejor salud y mayor equilibrio entre la vida familiar y laboral.<\/p>\n<p>Asimismo, destac\u00f3 que los sectores con mayor beneficio ser\u00e1n la industria manufacturera, comercio, transporte, servicios de alimentos y hospedaje, rubros con alta presencia laboral en San Luis Potos\u00ed.<\/p>\n<\/p><\/div>\n<p><\/p>\n","protected":false},"excerpt":{"rendered":"<p>ES UNA REFORMA SOCIALMENTE CONSENSUADA, T\u00c9CNICA Y RESPONSABLE, QUE PONE AL TRABAJADOR AL CENTRO DE LA VIDA P\u00daBLICA DEL PA\u00cdS El diputado Roberto Garc\u00eda Castillo calific\u00f3 como positiva la reforma federal para implementar la jornada laboral de 40 horas semanales, ya que se trata de una de las transformaciones laborales m\u00e1s importantes de los \u00faltimos [&hellip;]<\/p>\n","protected":false},"author":2,"featured_media":53486,"comment_status":"","ping_status":"","sticky":false,"template":"","format":"standard","meta":{"_monsterinsights_skip_tracking":false,"_monsterinsights_sitenote_active":false,"_monsterinsights_sitenote_note":"","_monsterinsights_sitenote_category":0,"footnotes":""},"categories":[5],"tags":[],"class_list":["post-53485","post","type-post","status-publish","format-standard","has-post-thumbnail","hentry","category-san-luis-potosi"],"_links":{"self":[{"href":"https:\/\/informebajio.com.mx\/index.php?rest_route=\/wp\/v2\/posts\/53485","targetHints":{"allow":["GET"]}}],"collection":[{"href":"https:\/\/informebajio.com.mx\/index.php?rest_route=\/wp\/v2\/posts"}],"about":[{"href":"https:\/\/informebajio.com.mx\/index.php?rest_route=\/wp\/v2\/types\/post"}],"author":[{"embeddable":true,"href":"https:\/\/informebajio.com.mx\/index.php?rest_route=\/wp\/v2\/users\/2"}],"replies":[{"embeddable":true,"href":"https:\/\/informebajio.com.mx\/index.php?rest_route=%2Fwp%2Fv2%2Fcomments&post=53485"}],"version-history":[{"count":0,"href":"https:\/\/informebajio.com.mx\/index.php?rest_route=\/wp\/v2\/posts\/53485\/revisions"}],"wp:featuredmedia":[{"embeddable":true,"href":"https:\/\/informebajio.com.mx\/index.php?rest_route=\/wp\/v2\/media\/53486"}],"wp:attachment":[{"href":"https:\/\/informebajio.com.mx\/index.php?rest_route=%2Fwp%2Fv2%2Fmedia&parent=53485"}],"wp:term":[{"taxonomy":"category","embeddable":true,"href":"https:\/\/informebajio.com.mx\/index.php?rest_route=%2Fwp%2Fv2%2Fcategories&post=53485"},{"taxonomy":"post_tag","embeddable":true,"href":"https:\/\/informebajio.com.mx\/index.php?rest_route=%2Fwp%2Fv2%2Ftags&post=53485"}],"curies":[{"name":"wp","href":"https:\/\/api.w.org\/{rel}","templated":true}]}}