{"id":53489,"date":"2025-12-10T13:15:53","date_gmt":"2025-12-10T19:15:53","guid":{"rendered":"https:\/\/informebajio.com.mx\/?p=53489"},"modified":"2025-12-10T13:15:53","modified_gmt":"2025-12-10T19:15:53","slug":"cine-con-causa-soledad-invita-a-compartir-abrigo-y-alegria-esta-navidad-con-usuarios-de-las-ubrs","status":"publish","type":"post","link":"https:\/\/informebajio.com.mx\/?p=53489","title":{"rendered":"CINE CON CAUSA: SOLEDAD INVITA A COMPARTIR ABRIGO Y ALEGR\u00cdA ESTA NAVIDAD CON USUARIOS DE LAS UBR\u2019S"},"content":{"rendered":"<div>\n<p>La Direcci\u00f3n de Cultura Municipal invita a participar en el ciclo \u201cNavidad en Pantalla Grande\u201d, que permite apoyar a ni\u00f1as y ni\u00f1os de las UBR mientras se comparte cine navide\u00f1o en un espacio seguro, c\u00e1lido y accesible.<\/p>\n<p>El Ayuntamiento de Soledad de Graciano S\u00e1nchez hace un llamado especial a las familias para sumarse al ciclo de cine \u201cNavidad en Pantalla Grande\u201d, una experiencia pensada para unir solidaridad y entretenimiento en el Teatro y Centro Cultural \u201cDoroteo Arango\u201d; con solo llevar un juguete, frazada, cobija, ropa abrigadora o pants, cada asistente puede convertirse en parte de una gran cadena de amor que brindar\u00e1 abrigo y alegr\u00eda a ni\u00f1as y ni\u00f1os que reciben terapias en las Unidades B\u00e1sicas de Rehabilitaci\u00f3n, y al mismo tiempo, podr\u00e1n disfrutar funciones de cine.<\/p>\n<figure class=\"wp-block-image aligncenter size-large is-resized\"><img fetchpriority=\"high\" decoding=\"async\" width=\"763\" height=\"950\" src=\"https:\/\/b559124.smushcdn.com\/559124\/wp-content\/uploads\/2025\/12\/1000106944-763x950.jpg?lossy=2&amp;strip=1&amp;webp=1\" alt=\"\" class=\"wp-image-211451\" style=\"width:635px;height:auto\" srcset=\"https:\/\/b559124.smushcdn.com\/559124\/wp-content\/uploads\/2025\/12\/1000106944-763x950.jpg?lossy=2&amp;strip=1&amp;webp=1 763w, https:\/\/b559124.smushcdn.com\/559124\/wp-content\/uploads\/2025\/12\/1000106944-482x600.jpg?lossy=2&amp;strip=1&amp;webp=1 482w, https:\/\/b559124.smushcdn.com\/559124\/wp-content\/uploads\/2025\/12\/1000106944-1234x1536.jpg?lossy=2&amp;strip=1&amp;webp=1 1234w, https:\/\/b559124.smushcdn.com\/559124\/wp-content\/uploads\/2025\/12\/1000106944-scaled.jpg?lossy=2&amp;strip=1&amp;webp=1 803w, https:\/\/b559124.smushcdn.com\/559124\/wp-content\/uploads\/2025\/12\/1000106944.jpg?size=160x199&amp;lossy=2&amp;strip=1&amp;webp=1 160w, https:\/\/b559124.smushcdn.com\/559124\/wp-content\/uploads\/2025\/12\/1000106944.jpg?size=320x398&amp;lossy=2&amp;strip=1&amp;webp=1 320w, https:\/\/b559124.smushcdn.com\/559124\/wp-content\/uploads\/2025\/12\/1000106944.jpg?size=640x797&amp;lossy=2&amp;strip=1&amp;webp=1 640w\" sizes=\"(max-width: 763px) 100vw, 763px\"\/><\/figure>\n<p>La Direcci\u00f3n de Cultura y Turismo proyectar\u00e1 pel\u00edculas como \u201cPinocchio\u201d el 11 de diciembre a las 18:00 horas, \u201cEl Grinch\u201d el 14 de diciembre a las 12:00 horas y \u201cLos Gremlins\u201d el 21 de diciembre a las 12:00 horas, que llenar\u00e1n de esp\u00edritu navide\u00f1o este emblem\u00e1tico recinto, con lo que el Gobierno Municipal reafirma su compromiso de escuchar y atender a la poblaci\u00f3n, mediante espacios donde la convivencia y la solidaridad van de la mano.<\/p>\n<p>Felipe C\u00e1rdenas Quibrera, director de Cultura y Turismo Municipal, destac\u00f3 la esencia del programa: \u201cQueremos que cada familia viva momentos especiales; venir al cine y al mismo tiempo ayudar es una manera hermosa de unirnos como comunidad y demostrar que en Soledad sabemos tender la mano\u201d, expres\u00f3.<\/p>\n<figure class=\"wp-block-image aligncenter size-large is-resized\"><img loading=\"lazy\" decoding=\"async\" width=\"763\" height=\"950\" src=\"https:\/\/b559124.smushcdn.com\/559124\/wp-content\/uploads\/2025\/12\/1000106943-763x950.jpg?lossy=2&amp;strip=1&amp;webp=1\" alt=\"\" class=\"wp-image-211452 lazyload\" style=\"--smush-placeholder-width: 763px; --smush-placeholder-aspect-ratio: 763\/950;width:633px;height:auto\" srcset=\"https:\/\/b559124.smushcdn.com\/559124\/wp-content\/uploads\/2025\/12\/1000106943-763x950.jpg?lossy=2&amp;strip=1&amp;webp=1 763w, https:\/\/b559124.smushcdn.com\/559124\/wp-content\/uploads\/2025\/12\/1000106943-482x600.jpg?lossy=2&amp;strip=1&amp;webp=1 482w, https:\/\/b559124.smushcdn.com\/559124\/wp-content\/uploads\/2025\/12\/1000106943-1234x1536.jpg?lossy=2&amp;strip=1&amp;webp=1 1234w, https:\/\/b559124.smushcdn.com\/559124\/wp-content\/uploads\/2025\/12\/1000106943-scaled.jpg?lossy=2&amp;strip=1&amp;webp=1 803w, https:\/\/b559124.smushcdn.com\/559124\/wp-content\/uploads\/2025\/12\/1000106943.jpg?size=160x199&amp;lossy=2&amp;strip=1&amp;webp=1 160w, https:\/\/b559124.smushcdn.com\/559124\/wp-content\/uploads\/2025\/12\/1000106943.jpg?size=320x398&amp;lossy=2&amp;strip=1&amp;webp=1 320w, https:\/\/b559124.smushcdn.com\/559124\/wp-content\/uploads\/2025\/12\/1000106943.jpg?size=640x797&amp;lossy=2&amp;strip=1&amp;webp=1 640w\" data-sizes=\"auto\" data-original-sizes=\"(max-width: 763px) 100vw, 763px\"\/><\/figure>\n<p>La Administraci\u00f3n Municipal invita a la ciudadan\u00eda a mantenerse pendiente de las actividades decembrinas que contin\u00faan a lo largo del mes, con el prop\u00f3sito de ofrecer alternativas que fortalezcan la convivencia, despierten empat\u00eda y permitan que cada rinc\u00f3n de Soledad de Graciano S\u00e1nchez viva una temporada navide\u00f1a cercana, c\u00e1lida y accesible.<\/p>\n<figure class=\"wp-block-image aligncenter size-large is-resized\"><img loading=\"lazy\" decoding=\"async\" width=\"763\" height=\"950\" src=\"https:\/\/b559124.smushcdn.com\/559124\/wp-content\/uploads\/2025\/12\/1000106945-763x950.jpg?lossy=2&amp;strip=1&amp;webp=1\" alt=\"\" class=\"wp-image-211453 lazyload\" style=\"--smush-placeholder-width: 763px; --smush-placeholder-aspect-ratio: 763\/950;width:652px;height:auto\" srcset=\"https:\/\/b559124.smushcdn.com\/559124\/wp-content\/uploads\/2025\/12\/1000106945-763x950.jpg?lossy=2&amp;strip=1&amp;webp=1 763w, https:\/\/b559124.smushcdn.com\/559124\/wp-content\/uploads\/2025\/12\/1000106945-482x600.jpg?lossy=2&amp;strip=1&amp;webp=1 482w, https:\/\/b559124.smushcdn.com\/559124\/wp-content\/uploads\/2025\/12\/1000106945-1234x1536.jpg?lossy=2&amp;strip=1&amp;webp=1 1234w, https:\/\/b559124.smushcdn.com\/559124\/wp-content\/uploads\/2025\/12\/1000106945-scaled.jpg?lossy=2&amp;strip=1&amp;webp=1 803w, https:\/\/b559124.smushcdn.com\/559124\/wp-content\/uploads\/2025\/12\/1000106945.jpg?size=160x199&amp;lossy=2&amp;strip=1&amp;webp=1 160w, https:\/\/b559124.smushcdn.com\/559124\/wp-content\/uploads\/2025\/12\/1000106945.jpg?size=320x398&amp;lossy=2&amp;strip=1&amp;webp=1 320w, https:\/\/b559124.smushcdn.com\/559124\/wp-content\/uploads\/2025\/12\/1000106945.jpg?size=640x797&amp;lossy=2&amp;strip=1&amp;webp=1 640w\" data-sizes=\"auto\" data-original-sizes=\"(max-width: 763px) 100vw, 763px\"\/><\/figure>\n<\/p><\/div>\n<p><\/p>\n","protected":false},"excerpt":{"rendered":"<p>La Direcci\u00f3n de Cultura Municipal invita a participar en el ciclo \u201cNavidad en Pantalla Grande\u201d, que permite apoyar a ni\u00f1as y ni\u00f1os de las UBR mientras se comparte cine navide\u00f1o en un espacio seguro, c\u00e1lido y accesible. El Ayuntamiento de Soledad de Graciano S\u00e1nchez hace un llamado especial a las familias para sumarse al ciclo [&hellip;]<\/p>\n","protected":false},"author":2,"featured_media":53490,"comment_status":"","ping_status":"","sticky":false,"template":"","format":"standard","meta":{"_monsterinsights_skip_tracking":false,"_monsterinsights_sitenote_active":false,"_monsterinsights_sitenote_note":"","_monsterinsights_sitenote_category":0,"footnotes":""},"categories":[5],"tags":[],"class_list":["post-53489","post","type-post","status-publish","format-standard","has-post-thumbnail","hentry","category-san-luis-potosi"],"_links":{"self":[{"href":"https:\/\/informebajio.com.mx\/index.php?rest_route=\/wp\/v2\/posts\/53489","targetHints":{"allow":["GET"]}}],"collection":[{"href":"https:\/\/informebajio.com.mx\/index.php?rest_route=\/wp\/v2\/posts"}],"about":[{"href":"https:\/\/informebajio.com.mx\/index.php?rest_route=\/wp\/v2\/types\/post"}],"author":[{"embeddable":true,"href":"https:\/\/informebajio.com.mx\/index.php?rest_route=\/wp\/v2\/users\/2"}],"replies":[{"embeddable":true,"href":"https:\/\/informebajio.com.mx\/index.php?rest_route=%2Fwp%2Fv2%2Fcomments&post=53489"}],"version-history":[{"count":0,"href":"https:\/\/informebajio.com.mx\/index.php?rest_route=\/wp\/v2\/posts\/53489\/revisions"}],"wp:featuredmedia":[{"embeddable":true,"href":"https:\/\/informebajio.com.mx\/index.php?rest_route=\/wp\/v2\/media\/53490"}],"wp:attachment":[{"href":"https:\/\/informebajio.com.mx\/index.php?rest_route=%2Fwp%2Fv2%2Fmedia&parent=53489"}],"wp:term":[{"taxonomy":"category","embeddable":true,"href":"https:\/\/informebajio.com.mx\/index.php?rest_route=%2Fwp%2Fv2%2Fcategories&post=53489"},{"taxonomy":"post_tag","embeddable":true,"href":"https:\/\/informebajio.com.mx\/index.php?rest_route=%2Fwp%2Fv2%2Ftags&post=53489"}],"curies":[{"name":"wp","href":"https:\/\/api.w.org\/{rel}","templated":true}]}}