{"id":53499,"date":"2025-12-11T05:05:38","date_gmt":"2025-12-11T11:05:38","guid":{"rendered":"https:\/\/informebajio.com.mx\/?p=53499"},"modified":"2025-12-11T05:05:38","modified_gmt":"2025-12-11T11:05:38","slug":"mercados-y-tianguis-se-rinden-ante-la-morenita","status":"publish","type":"post","link":"https:\/\/informebajio.com.mx\/?p=53499","title":{"rendered":"Mercados y tianguis se rinden ante la Morenita"},"content":{"rendered":"<div>\n<h2><span style=\"font-weight: 400;\">Entre luces, mariachis y globos tricolores, se realiz\u00f3 la peregrinaci\u00f3n anual de los mercados de Quer\u00e9taro<\/span><\/h2>\n<p><span style=\"font-weight: 400;\">Nayeli Hern\u00e1ndez\u00a0<\/span><\/p>\n<p><span style=\"font-weight: 400;\">Fotos: Sixto Picones\u00a0<\/span><\/p>\n<p><span style=\"font-weight: 400;\">Noticias\u00a0<\/span><\/p>\n<p>\u00a0<\/p>\n<p><span style=\"font-weight: 400;\">La tarde cay\u00f3 despacio sobre el Centro Hist\u00f3rico, pero las calles ya estaban encendidas mucho antes del anochecer.\u00a0<\/span><\/p>\n<p><span style=\"font-weight: 400;\">Desde lejos se ve\u00eda el destello de las camionetas adornadas: focos multicolores, tiras luminosas que dibujaban siluetas en movimiento y, en medio de todo, las im\u00e1genes de la Virgen de Guadalupe elevadas sobre montajes florales.\u00a0<\/span><\/p>\n<p><span style=\"font-weight: 400;\">Era el aviso de que comenzaba la tradicional peregrinaci\u00f3n anual de los mercados de Quer\u00e9taro, una fiesta que cada a\u00f1o re\u00fane a locatarios y comerciantes para honrar a La Morenita antes de su d\u00eda.<\/span><\/p>\n<p><span style=\"font-weight: 400;\">Desde los mercados de la capital: el Mercado Escobedo, el 4 de Marzo, El Tepe, Santa Rosa J\u00e1uregui, entre otros; fueron saliendo el grupo de fieles, quienes avanzaban entre risas, c\u00e1nticos y el bullicio que dejaban ver que se trataba de una celebraci\u00f3n.\u00a0<\/span><\/p>\n<p><span style=\"font-weight: 400;\">Algunos caminaban, otros iban en camionetas cuya batea se convert\u00eda, por una noche, en altar rodante. Globos verde, blanco y rojo ondeaban al ritmo del viento, flotando encima de las flores y los arreglos que resguardaban la imagen guadalupana.<\/span><\/p>\n<p><span style=\"font-weight: 400;\">Cuando la procesi\u00f3n tom\u00f3 las primeras calles del Centro, los mariachis hicieron lo suyo: las notas de Las Ma\u00f1anitas se desbordaron entre balcones, comercios y casonas antiguas. A su paso, curiosos se deten\u00edan a grabar, comerciantes y transe\u00fantes sal\u00edan a las puertas y se deten\u00edan para ver pasar el agrupamiento.<\/span><\/p>\n<p><span style=\"font-weight: 400;\">La mezcla de devoci\u00f3n con estridencia festiva reson\u00f3 por las principales calles del centro hist\u00f3rico, como s\u00f3lo los locatarios saben celebrar y agradecer los milagros cumplidos, un a\u00f1o m\u00e1s de ventas y de salud.\u00a0<\/span><\/p>\n<p><span style=\"font-weight: 400;\">La caravana avanz\u00f3 sin prisa, iluminando cada esquina que tocaba; entre los participantes hab\u00eda j\u00f3venes y ni\u00f1os, quienes caminaban a paso veloz, pero tambi\u00e9n adultos mayores, quienes llevaban su propio ritmo, algunos asistidos por bastones o el brazo de alg\u00fan familiar. Otros cargaban rosas y algunos llevaban collares de luz colgados al cuello, pero nadie parec\u00eda cansado.\u00a0<\/span><\/p>\n<p><span style=\"font-weight: 400;\">La peregrinaci\u00f3n, esa mezcla de fe, tradici\u00f3n y oficio, segu\u00eda movi\u00e9ndose como un r\u00edo colorido hacia la Congregaci\u00f3n, donde en el primer minuto del 12 de diciembre sonar\u00e1n con fuerza las ma\u00f1anitas a la morenita en su gran d\u00eda.<\/span><\/p>\n<p><span style=\"font-weight: 400;\">Y as\u00ed, entre plegarias, m\u00fasica y el tintinear de cientos de adornos, los locatarios completaron su recorrido, reafirmando una tradici\u00f3n que para ellos no solo se celebra: se vive, se canta y se acompa\u00f1a con todo el coraz\u00f3n. Cada a\u00f1o, dicen, la Virgen los gu\u00eda. Esta vez, como siempre, tambi\u00e9n los ilumin\u00f3.<\/span><\/p>\n<p><img fetchpriority=\"high\" decoding=\"async\" class=\"alignnone size-medium wp-image-707506\" src=\"https:\/\/cdn.noticiasdequeretaro.com.mx\/wp-content\/uploads\/2025\/12\/10055003\/Mercados-y-tianguis-se-rinden-ante-la-Morenita-3-600x400.jpg\" alt=\"\" width=\"600\" height=\"400\" srcset=\"https:\/\/cdn.noticiasdequeretaro.com.mx\/wp-content\/uploads\/2025\/12\/10055003\/Mercados-y-tianguis-se-rinden-ante-la-Morenita-3-600x400.jpg 600w, https:\/\/cdn.noticiasdequeretaro.com.mx\/wp-content\/uploads\/2025\/12\/10055003\/Mercados-y-tianguis-se-rinden-ante-la-Morenita-3-1024x683.jpg 1024w, https:\/\/cdn.noticiasdequeretaro.com.mx\/wp-content\/uploads\/2025\/12\/10055003\/Mercados-y-tianguis-se-rinden-ante-la-Morenita-3-300x200.jpg 300w, https:\/\/cdn.noticiasdequeretaro.com.mx\/wp-content\/uploads\/2025\/12\/10055003\/Mercados-y-tianguis-se-rinden-ante-la-Morenita-3-768x512.jpg 768w, https:\/\/cdn.noticiasdequeretaro.com.mx\/wp-content\/uploads\/2025\/12\/10055003\/Mercados-y-tianguis-se-rinden-ante-la-Morenita-3-1536x1024.jpg 1536w, https:\/\/cdn.noticiasdequeretaro.com.mx\/wp-content\/uploads\/2025\/12\/10055003\/Mercados-y-tianguis-se-rinden-ante-la-Morenita-3-2048x1365.jpg 2048w\" sizes=\"(max-width: 600px) 100vw, 600px\"\/> <img loading=\"lazy\" decoding=\"async\" class=\"alignnone size-medium wp-image-707507\" src=\"https:\/\/cdn.noticiasdequeretaro.com.mx\/wp-content\/uploads\/2025\/12\/10055052\/Mercados-y-tianguis-se-rinden-ante-la-Morenita-1-600x400.jpg\" alt=\"\" width=\"600\" height=\"400\" srcset=\"https:\/\/cdn.noticiasdequeretaro.com.mx\/wp-content\/uploads\/2025\/12\/10055052\/Mercados-y-tianguis-se-rinden-ante-la-Morenita-1-600x400.jpg 600w, https:\/\/cdn.noticiasdequeretaro.com.mx\/wp-content\/uploads\/2025\/12\/10055052\/Mercados-y-tianguis-se-rinden-ante-la-Morenita-1-1024x683.jpg 1024w, https:\/\/cdn.noticiasdequeretaro.com.mx\/wp-content\/uploads\/2025\/12\/10055052\/Mercados-y-tianguis-se-rinden-ante-la-Morenita-1-300x200.jpg 300w, https:\/\/cdn.noticiasdequeretaro.com.mx\/wp-content\/uploads\/2025\/12\/10055052\/Mercados-y-tianguis-se-rinden-ante-la-Morenita-1-768x512.jpg 768w, https:\/\/cdn.noticiasdequeretaro.com.mx\/wp-content\/uploads\/2025\/12\/10055052\/Mercados-y-tianguis-se-rinden-ante-la-Morenita-1-1536x1024.jpg 1536w, https:\/\/cdn.noticiasdequeretaro.com.mx\/wp-content\/uploads\/2025\/12\/10055052\/Mercados-y-tianguis-se-rinden-ante-la-Morenita-1-2048x1365.jpg 2048w\" sizes=\"auto, (max-width: 600px) 100vw, 600px\"\/><\/p>\n<\/div>\n<p><script>(function(d, s, id) {\n  var js, fjs = d.getElementsByTagName(s)[0];\n  if (d.getElementById(id)) return;\n  js = d.createElement(s); js.id = id;\n  js.src = \"\/\/connect.facebook.net\/es_LA\/sdk.js#xfbml=1&appId=546007945598485&version=v2.3\";\n  fjs.parentNode.insertBefore(js, fjs);\n}(document, 'script', 'facebook-jssdk'));<\/script><\/p>\n","protected":false},"excerpt":{"rendered":"<p>Entre luces, mariachis y globos tricolores, se realiz\u00f3 la peregrinaci\u00f3n anual de los mercados de Quer\u00e9taro Nayeli Hern\u00e1ndez\u00a0 Fotos: Sixto Picones\u00a0 Noticias\u00a0 \u00a0 La tarde cay\u00f3 despacio sobre el Centro Hist\u00f3rico, pero las calles ya estaban encendidas mucho antes del anochecer.\u00a0 Desde lejos se ve\u00eda el destello de las camionetas adornadas: focos multicolores, tiras luminosas [&hellip;]<\/p>\n","protected":false},"author":2,"featured_media":53500,"comment_status":"","ping_status":"","sticky":false,"template":"","format":"standard","meta":{"_monsterinsights_skip_tracking":false,"_monsterinsights_sitenote_active":false,"_monsterinsights_sitenote_note":"","_monsterinsights_sitenote_category":0,"footnotes":""},"categories":[4],"tags":[],"class_list":["post-53499","post","type-post","status-publish","format-standard","has-post-thumbnail","hentry","category-queretaro"],"_links":{"self":[{"href":"https:\/\/informebajio.com.mx\/index.php?rest_route=\/wp\/v2\/posts\/53499","targetHints":{"allow":["GET"]}}],"collection":[{"href":"https:\/\/informebajio.com.mx\/index.php?rest_route=\/wp\/v2\/posts"}],"about":[{"href":"https:\/\/informebajio.com.mx\/index.php?rest_route=\/wp\/v2\/types\/post"}],"author":[{"embeddable":true,"href":"https:\/\/informebajio.com.mx\/index.php?rest_route=\/wp\/v2\/users\/2"}],"replies":[{"embeddable":true,"href":"https:\/\/informebajio.com.mx\/index.php?rest_route=%2Fwp%2Fv2%2Fcomments&post=53499"}],"version-history":[{"count":0,"href":"https:\/\/informebajio.com.mx\/index.php?rest_route=\/wp\/v2\/posts\/53499\/revisions"}],"wp:featuredmedia":[{"embeddable":true,"href":"https:\/\/informebajio.com.mx\/index.php?rest_route=\/wp\/v2\/media\/53500"}],"wp:attachment":[{"href":"https:\/\/informebajio.com.mx\/index.php?rest_route=%2Fwp%2Fv2%2Fmedia&parent=53499"}],"wp:term":[{"taxonomy":"category","embeddable":true,"href":"https:\/\/informebajio.com.mx\/index.php?rest_route=%2Fwp%2Fv2%2Fcategories&post=53499"},{"taxonomy":"post_tag","embeddable":true,"href":"https:\/\/informebajio.com.mx\/index.php?rest_route=%2Fwp%2Fv2%2Ftags&post=53499"}],"curies":[{"name":"wp","href":"https:\/\/api.w.org\/{rel}","templated":true}]}}