{"id":53505,"date":"2025-12-11T10:05:41","date_gmt":"2025-12-11T16:05:41","guid":{"rendered":"https:\/\/informebajio.com.mx\/?p=53505"},"modified":"2025-12-11T10:05:41","modified_gmt":"2025-12-11T16:05:41","slug":"obispo-presidira-misa-del-12-de-diciembre-en-la-congregacion","status":"publish","type":"post","link":"https:\/\/informebajio.com.mx\/?p=53505","title":{"rendered":"\u00a0Obispo presidir\u00e1 misa del 12 de diciembre en La Congregaci\u00f3n"},"content":{"rendered":"<div>\n<p><span style=\"font-weight: 400;\">Diego Gonz\u00e1lez<\/span><\/p>\n<p><span style=\"font-weight: 400;\">Foto: Karen Guti\u00e9rrez\u00a0\u00a0<\/span><\/p>\n<p><span style=\"font-weight: 400;\">Noticias<\/span><\/p>\n<p>\u00a0<\/p>\n<p><span style=\"font-weight: 400;\">Con motivo de la Solemnidad de Nuestra Se\u00f1ora de Guadalupe, en punto de las 20:00 horas de este viernes 12 de diciembre el obispo de Quer\u00e9taro, Mons. Fidencio L\u00f3pez Plaza presidir\u00e1 la Santa Eucarist\u00eda en el Santuario de La Congregaci\u00f3n, as\u00ed lo dio a conocer el vocero de la Iglesia en Quer\u00e9taro, Mons. Mart\u00edn Lara.<\/span><\/p>\n<p><span style=\"font-weight: 400;\">Seg\u00fan el vicario, la costumbre consiste en comenzar a las 5 de la ma\u00f1ana y celebrar misas cada hora, de modo que los fieles tengan la oportunidad de participar a alguna de ellas.<\/span><\/p>\n<p><span style=\"font-weight: 400;\">Calcul\u00f3 que por celebraci\u00f3n acuden alrededor de 300 personas a La Congregaci\u00f3n, por lo que pr\u00e1cticamente todas ellas lucen llenas.<\/span><\/p>\n<p><span style=\"font-weight: 400;\">Proyecci\u00f3n de nuevas parroquias:<\/span><\/p>\n<p><span style=\"font-weight: 400;\">En otro orden de ideas, tras referirse al crecimiento de Quer\u00e9taro, el tambi\u00e9n vicario se\u00f1al\u00f3 que se tiene una lista de posibles parroquias para el futuro; sin embargo, a\u00fan falta un estudio minucioso para poder realizarlas, por lo que solo las tienen vislumbradas.<\/span><\/p>\n<p><span style=\"font-weight: 400;\">Al preguntarle por las zonas en las que han detectado dicho crecimiento, el vocero mencion\u00f3 a El Marqu\u00e9s, en la zona de Zibat\u00e1 y \u2014la parte\u2014 aleda\u00f1a al aeropuerto.<\/span><\/p>\n<p><span style=\"font-weight: 400;\">\u201cLa otra zona que est\u00e1 tambi\u00e9n en un amplio crecimiento es la que est\u00e1 pegada a Santa Rosa de Viterbo, lo que nosotros le llamamos Las Tres Solanas, y del otro lado de Santa Rosa, que es toda la zona de San Miguelito. Toda esa zona tiene un crecimiento exponencial muy fuerte\u201d.\u00a0<\/span><\/p>\n<p><span style=\"font-weight: 400;\">\u201cOtra de las zonas donde el crecimiento tambi\u00e9n es muy grande es la parte pegada a Huertas La Joya, toda la zona que est\u00e1 vecina al estado de Guanajuato tambi\u00e9n tiene crecimientos muy grandes. De hecho, ya hay unas colonias que tienen parte en Quer\u00e9taro, parte en Guanajuato. Todas esas zonas son de amplios crecimientos, donde vemos que pudieran hacer all\u00ed nuevas parroquias\u2026\u201d.<\/span><\/p>\n<\/div>\n<p><script>(function(d, s, id) {\n  var js, fjs = d.getElementsByTagName(s)[0];\n  if (d.getElementById(id)) return;\n  js = d.createElement(s); js.id = id;\n  js.src = \"\/\/connect.facebook.net\/es_LA\/sdk.js#xfbml=1&appId=546007945598485&version=v2.3\";\n  fjs.parentNode.insertBefore(js, fjs);\n}(document, 'script', 'facebook-jssdk'));<\/script><\/p>\n","protected":false},"excerpt":{"rendered":"<p>Diego Gonz\u00e1lez Foto: Karen Guti\u00e9rrez\u00a0\u00a0 Noticias \u00a0 Con motivo de la Solemnidad de Nuestra Se\u00f1ora de Guadalupe, en punto de las 20:00 horas de este viernes 12 de diciembre el obispo de Quer\u00e9taro, Mons. Fidencio L\u00f3pez Plaza presidir\u00e1 la Santa Eucarist\u00eda en el Santuario de La Congregaci\u00f3n, as\u00ed lo dio a conocer el vocero de [&hellip;]<\/p>\n","protected":false},"author":2,"featured_media":53506,"comment_status":"","ping_status":"","sticky":false,"template":"","format":"standard","meta":{"_monsterinsights_skip_tracking":false,"_monsterinsights_sitenote_active":false,"_monsterinsights_sitenote_note":"","_monsterinsights_sitenote_category":0,"footnotes":""},"categories":[4],"tags":[],"class_list":["post-53505","post","type-post","status-publish","format-standard","has-post-thumbnail","hentry","category-queretaro"],"_links":{"self":[{"href":"https:\/\/informebajio.com.mx\/index.php?rest_route=\/wp\/v2\/posts\/53505","targetHints":{"allow":["GET"]}}],"collection":[{"href":"https:\/\/informebajio.com.mx\/index.php?rest_route=\/wp\/v2\/posts"}],"about":[{"href":"https:\/\/informebajio.com.mx\/index.php?rest_route=\/wp\/v2\/types\/post"}],"author":[{"embeddable":true,"href":"https:\/\/informebajio.com.mx\/index.php?rest_route=\/wp\/v2\/users\/2"}],"replies":[{"embeddable":true,"href":"https:\/\/informebajio.com.mx\/index.php?rest_route=%2Fwp%2Fv2%2Fcomments&post=53505"}],"version-history":[{"count":0,"href":"https:\/\/informebajio.com.mx\/index.php?rest_route=\/wp\/v2\/posts\/53505\/revisions"}],"wp:featuredmedia":[{"embeddable":true,"href":"https:\/\/informebajio.com.mx\/index.php?rest_route=\/wp\/v2\/media\/53506"}],"wp:attachment":[{"href":"https:\/\/informebajio.com.mx\/index.php?rest_route=%2Fwp%2Fv2%2Fmedia&parent=53505"}],"wp:term":[{"taxonomy":"category","embeddable":true,"href":"https:\/\/informebajio.com.mx\/index.php?rest_route=%2Fwp%2Fv2%2Fcategories&post=53505"},{"taxonomy":"post_tag","embeddable":true,"href":"https:\/\/informebajio.com.mx\/index.php?rest_route=%2Fwp%2Fv2%2Ftags&post=53505"}],"curies":[{"name":"wp","href":"https:\/\/api.w.org\/{rel}","templated":true}]}}