{"id":53531,"date":"2025-12-13T02:09:03","date_gmt":"2025-12-13T08:09:03","guid":{"rendered":"https:\/\/informebajio.com.mx\/?p=53531"},"modified":"2025-12-13T02:09:03","modified_gmt":"2025-12-13T08:09:03","slug":"es-un-tema-municipal-senala-la-delegacion-de-segob-sobre-trifulca-en-plaza-de-armas","status":"publish","type":"post","link":"https:\/\/informebajio.com.mx\/?p=53531","title":{"rendered":"\u201cEs un tema municipal\u201d, se\u00f1ala la delegaci\u00f3n de SEGOB sobre trifulca en Plaza de Armas"},"content":{"rendered":"<div>\n<p><span style=\"font-weight: 400;\">Nayeli Hern\u00e1ndez\u00a0<\/span><\/p>\n<p><span style=\"font-weight: 400;\">Noticias\u00a0<\/span><\/p>\n<p>\u00a0<\/p>\n<p><span style=\"font-weight: 400;\">La Secretar\u00eda de Gobernaci\u00f3n (SEGOB) en Quer\u00e9taro, entreg\u00f3 a la federaci\u00f3n la informaci\u00f3n solicitada respecto a las agresiones ocurridas entre inspectores municipales y vendedoras ind\u00edgenas en Plaza de Armas, pero descart\u00f3 haber encontrado irregularidades adicionales a lo que se observa en los videos difundidos p\u00fablicamente.<\/span><\/p>\n<p><span style=\"font-weight: 400;\">Samuel Mena Steilman, representante de la SEGOB en el estado, explic\u00f3 que desde el primer momento notificaron a la federaci\u00f3n sobre lo ocurrido y remitieron los datos requeridos por la titular de la dependencia, Rosa Icela Rodr\u00edguez.<\/span><\/p>\n<p><span style=\"font-weight: 400;\">\u201cdesde el d\u00eda que sucedi\u00f3 en Plaza de Armas el asunto, pues nosotros le informamos y bueno, ya la Presidenta de la Rep\u00fablica, de alguna manera a trav\u00e9s de la Secretar\u00eda de Gobernaci\u00f3n, la licenciada Rosa Icela, nos solicit\u00f3 una informaci\u00f3n. Nosotros completamos esa informaci\u00f3n de manera objetiva y bueno, pues estamos a la espera de las indicaciones que se nos den\u201d, se\u00f1al\u00f3.<\/span><\/p>\n<p><span style=\"font-weight: 400;\">Mena Steinman enfatiz\u00f3 que su revisi\u00f3n se limit\u00f3 a lo que aparece en las evidencias disponibles y que la Federaci\u00f3n no tiene facultades para intervenir en los procedimientos internos del gobierno municipal.<\/span><\/p>\n<p><span style=\"font-weight: 400;\">\u201cNo, de manera objetiva nosotros, no m\u00e1s lo que vimos en los videos y bueno, por supuesto, si hubo agresi\u00f3n por parte de los supervisores, de los inspectores, bueno, por supuesto, tambi\u00e9n escuch\u00e9 que por parte del municipio van a hacer lo propio. Recordemos que son tres poderes completamente diferentes, nosotros no tenemos injerencia en los temas municipales, simplemente estamos pendientes de todo lo que tenga que ver con gobernabilidad\u201d, aclar\u00f3.<\/span><\/p>\n<p><span style=\"font-weight: 400;\">El delegado reiter\u00f3 que el ordenamiento del comercio, las sanciones administrativas y el actuar de inspectores son atribuciones exclusivas del municipio, por lo que su participaci\u00f3n se limita al acompa\u00f1amiento institucional, en caso de ser requerido.<\/span><\/p>\n<p><span style=\"font-weight: 400;\">\u201cLa delegaci\u00f3n s\u00f3lo participar\u00e1 en este informe. Nosotros nada m\u00e1s compartimos una informaci\u00f3n y en caso de que se nos solicite alg\u00fan otro acompa\u00f1amiento, con mucho gusto lo hacemos como siempre\u201d, dijo.<\/span><\/p>\n<p><span style=\"font-weight: 400;\">Asimismo, confirm\u00f3 que no sostuvieron entrevistas con las vendedoras o comerciantes ind\u00edgenas involucradas en los hechos, pues la instrucci\u00f3n federal fue \u00fanicamente recabar y entregar informaci\u00f3n imparcial.<\/span><\/p>\n<p><span style=\"font-weight: 400;\">\u201cNo, en este caso nada m\u00e1s nosotros nos enfocamos a la informaci\u00f3n imparcial de todo lo que sucedi\u00f3 y nosotros as\u00ed tal cual lo compartimos. Es un tema que no compete a la federaci\u00f3n, es un tema que compete directamente al municipio\u201d, indic\u00f3.<\/span><\/p>\n<p><span style=\"font-weight: 400;\">Sobre una posible intervenci\u00f3n m\u00e1s profunda del gobierno federal, Mena Steilman apunt\u00f3 que s\u00f3lo ocurrir\u00eda si la Presidencia lo solicita, particularmente en temas relacionados con pueblos originarios.<\/span><\/p>\n<p><span style=\"font-weight: 400;\">\u201cPor supuesto, con el tema de los artesanos, el tema de los ind\u00edgenas, que es un tema muy importante para la presidenta, por supuesto, si nos solicitan el acompa\u00f1amiento nosotros en Segob, con mucho gusto lo hacemos. En este momento no nos han solicitado\u201d, sostuvo.<\/span><\/p>\n<p><span style=\"font-weight: 400;\">Por ahora, la federaci\u00f3n permanece a la espera de instrucciones, mientras el municipio adelanta sus propios procedimientos tras las im\u00e1genes que generaron indignaci\u00f3n p\u00fablica.<\/span><\/p>\n<\/div>\n<p><script>(function(d, s, id) {\n  var js, fjs = d.getElementsByTagName(s)[0];\n  if (d.getElementById(id)) return;\n  js = d.createElement(s); js.id = id;\n  js.src = \"\/\/connect.facebook.net\/es_LA\/sdk.js#xfbml=1&appId=546007945598485&version=v2.3\";\n  fjs.parentNode.insertBefore(js, fjs);\n}(document, 'script', 'facebook-jssdk'));<\/script><\/p>\n","protected":false},"excerpt":{"rendered":"<p>Nayeli Hern\u00e1ndez\u00a0 Noticias\u00a0 \u00a0 La Secretar\u00eda de Gobernaci\u00f3n (SEGOB) en Quer\u00e9taro, entreg\u00f3 a la federaci\u00f3n la informaci\u00f3n solicitada respecto a las agresiones ocurridas entre inspectores municipales y vendedoras ind\u00edgenas en Plaza de Armas, pero descart\u00f3 haber encontrado irregularidades adicionales a lo que se observa en los videos difundidos p\u00fablicamente. Samuel Mena Steilman, representante de la [&hellip;]<\/p>\n","protected":false},"author":2,"featured_media":53532,"comment_status":"","ping_status":"","sticky":false,"template":"","format":"standard","meta":{"_monsterinsights_skip_tracking":false,"_monsterinsights_sitenote_active":false,"_monsterinsights_sitenote_note":"","_monsterinsights_sitenote_category":0,"footnotes":""},"categories":[4],"tags":[],"class_list":["post-53531","post","type-post","status-publish","format-standard","has-post-thumbnail","hentry","category-queretaro"],"_links":{"self":[{"href":"https:\/\/informebajio.com.mx\/index.php?rest_route=\/wp\/v2\/posts\/53531","targetHints":{"allow":["GET"]}}],"collection":[{"href":"https:\/\/informebajio.com.mx\/index.php?rest_route=\/wp\/v2\/posts"}],"about":[{"href":"https:\/\/informebajio.com.mx\/index.php?rest_route=\/wp\/v2\/types\/post"}],"author":[{"embeddable":true,"href":"https:\/\/informebajio.com.mx\/index.php?rest_route=\/wp\/v2\/users\/2"}],"replies":[{"embeddable":true,"href":"https:\/\/informebajio.com.mx\/index.php?rest_route=%2Fwp%2Fv2%2Fcomments&post=53531"}],"version-history":[{"count":0,"href":"https:\/\/informebajio.com.mx\/index.php?rest_route=\/wp\/v2\/posts\/53531\/revisions"}],"wp:featuredmedia":[{"embeddable":true,"href":"https:\/\/informebajio.com.mx\/index.php?rest_route=\/wp\/v2\/media\/53532"}],"wp:attachment":[{"href":"https:\/\/informebajio.com.mx\/index.php?rest_route=%2Fwp%2Fv2%2Fmedia&parent=53531"}],"wp:term":[{"taxonomy":"category","embeddable":true,"href":"https:\/\/informebajio.com.mx\/index.php?rest_route=%2Fwp%2Fv2%2Fcategories&post=53531"},{"taxonomy":"post_tag","embeddable":true,"href":"https:\/\/informebajio.com.mx\/index.php?rest_route=%2Fwp%2Fv2%2Ftags&post=53531"}],"curies":[{"name":"wp","href":"https:\/\/api.w.org\/{rel}","templated":true}]}}