{"id":53533,"date":"2025-12-13T07:10:02","date_gmt":"2025-12-13T13:10:02","guid":{"rendered":"https:\/\/informebajio.com.mx\/?p=53533"},"modified":"2025-12-13T07:10:02","modified_gmt":"2025-12-13T13:10:02","slug":"apoyara-gobierno-estatal-a-simon-el-migrante-deportado-por-error","status":"publish","type":"post","link":"https:\/\/informebajio.com.mx\/?p=53533","title":{"rendered":"Apoyar\u00e1 gobierno estatal a Sim\u00f3n, el migrante deportado por error"},"content":{"rendered":"<div>\n<p><span style=\"font-weight: 400;\">Lo vincular\u00e1 con programas laborales para que pueda reintegrarse con su familia en Quer\u00e9taro.<\/span><\/p>\n<p>\u00a0<\/p>\n<p><span style=\"font-weight: 400;\">Nayeli Hern\u00e1ndez<\/span><\/p>\n<p><span style=\"font-weight: 400;\">Noticias\u00a0<\/span><\/p>\n<p>\u00a0<\/p>\n<p><span style=\"font-weight: 400;\">El gobierno del estado ofrecer\u00e1 apoyo laboral y acompa\u00f1amiento institucional a Sim\u00f3n, el migrante queretano que fue deportado por error a Guatemala, inform\u00f3 el secretario de Gobierno, Eric Gudi\u00f1o Torres.\u00a0<\/span><\/p>\n<p><span style=\"font-weight: 400;\">El funcionario detall\u00f3 que, tras conocerse su caso, la administraci\u00f3n estatal intervino para comprobar su identidad y gestionar su retorno seguro.<\/span><\/p>\n<p><span style=\"font-weight: 400;\">\u201cInteresados en que Sim\u00f3n pudiera llegar a Quer\u00e9taro sano y salvo, la verdad es que tambi\u00e9n es un tema de comentarlo porque lleg\u00f3 con vida y regres\u00f3 de Estados Unidos con vida a Quer\u00e9taro (\u2026) Vamos a vincularlo con la propia Secretar\u00eda del Trabajo y con la Sedesu para apoyarle para que pueda tener trabajo aqu\u00ed en Quer\u00e9taro y est\u00e9 con su familia, que fue algo que el gobernador Mauricio Kuri nos pidi\u00f3 coment\u00e1rselo, ya se lo hicimos saber y bueno, vamos a apoyarle en ese sentido\u201d, dijo.<\/span><\/p>\n<p><span style=\"font-weight: 400;\">El secretario explic\u00f3 que Sim\u00f3n fue enviado a Guatemala luego de que, durante su detenci\u00f3n en Estados Unidos, las autoridades migratorias encontraran una identificaci\u00f3n perteneciente a un ciudadano guatemalteco.\u00a0<\/span><\/p>\n<p><span style=\"font-weight: 400;\">\u201cCuando lo detienen, ven\u00edan en una camioneta y encuentran una identificaci\u00f3n de un guatemalteco, entonces dijeron que \u00e9l era de Guatemala y te vas a Guatemala, no le dieron oportunidad de registrarse o de que le checaran sus datos, fue lo que nos dijo, y por eso es por lo que llega a Guatemala\u201d, detall\u00f3.<\/span><\/p>\n<p><span style=\"font-weight: 400;\">Agreg\u00f3 que, una vez en ese pa\u00eds, las autoridades locales detectaron que no correspond\u00eda a la nacionalidad indicada, lo que desencaden\u00f3 \u201ctodo el viacrucis\u201d que Sim\u00f3n relat\u00f3 tras su regreso y para lo que el gobierno estatal envi\u00f3 la documentaci\u00f3n necesaria para acreditar su identidad.<\/span><\/p>\n<p><span style=\"font-weight: 400;\">\u201cNosotros contactamos y lo que hicimos fue enviar documentos, como su acta de nacimiento, como una carta de identidad, que tambi\u00e9n proporciona el municipio de Tolim\u00e1n; y con eso fue como se solvent\u00f3 su identidad, y tambi\u00e9n agradecer a la c\u00f3nsul, a esta M\u00f3nica Velarde, quien estuvo con Sim\u00f3n\u201d.<\/span><\/p>\n<p><span style=\"font-weight: 400;\">Gudi\u00f1o Torres indic\u00f3 que actualmente no se tienen reportes de otros casos similares de queretanos deportados err\u00f3neamente, aunque enfatiz\u00f3 que existe comunicaci\u00f3n permanente con asociaciones y representantes de la comunidad migrante.\u00a0<\/span><\/p>\n<p><span style=\"font-weight: 400;\">\u201cNormalmente mantenemos comunicaci\u00f3n a trav\u00e9s de la propia Subsecretaria de Derechos Humanos, a trav\u00e9s de la Asociaci\u00f3n de Migrantes que nos est\u00e1 apoyando, que encabeza Fernando Rocha, con los diferentes migrantes que tenemos en Estados Unidos o en otras partes\u201d, agreg\u00f3.<\/span><\/p>\n<p><span style=\"font-weight: 400;\">El funcionario anunci\u00f3 adem\u00e1s que el pr\u00f3ximo s\u00e1bado viajar\u00e1n a Laredo, Texas, para participar en la caravana migrante y acompa\u00f1ar el retorno de connacionales e inform\u00f3 que sostendr\u00e1n encuentros con bomberos de San Antonio y, posteriormente, con comunidades migrantes en Estados Unidos.\u00a0<\/span><\/p>\n<p><span style=\"font-weight: 400;\">\u201cVamos a estar ah\u00ed tambi\u00e9n acompa\u00f1ando el regreso de todos los migrantes que vienen a Quer\u00e9taro, vamos a participar en la caravana migrante. El lunes comenzamos una agenda con migrantes all\u00e1 en Estados Unidos, en Laredo espec\u00edficamente, con la intenci\u00f3n de apoyarles en su retorno a Quer\u00e9taro\u201d, concluy\u00f3.<\/span><\/p>\n<\/div>\n<p><script>(function(d, s, id) {\n  var js, fjs = d.getElementsByTagName(s)[0];\n  if (d.getElementById(id)) return;\n  js = d.createElement(s); js.id = id;\n  js.src = \"\/\/connect.facebook.net\/es_LA\/sdk.js#xfbml=1&appId=546007945598485&version=v2.3\";\n  fjs.parentNode.insertBefore(js, fjs);\n}(document, 'script', 'facebook-jssdk'));<\/script><\/p>\n","protected":false},"excerpt":{"rendered":"<p>Lo vincular\u00e1 con programas laborales para que pueda reintegrarse con su familia en Quer\u00e9taro. \u00a0 Nayeli Hern\u00e1ndez Noticias\u00a0 \u00a0 El gobierno del estado ofrecer\u00e1 apoyo laboral y acompa\u00f1amiento institucional a Sim\u00f3n, el migrante queretano que fue deportado por error a Guatemala, inform\u00f3 el secretario de Gobierno, Eric Gudi\u00f1o Torres.\u00a0 El funcionario detall\u00f3 que, tras conocerse [&hellip;]<\/p>\n","protected":false},"author":2,"featured_media":53534,"comment_status":"","ping_status":"","sticky":false,"template":"","format":"standard","meta":{"_monsterinsights_skip_tracking":false,"_monsterinsights_sitenote_active":false,"_monsterinsights_sitenote_note":"","_monsterinsights_sitenote_category":0,"footnotes":""},"categories":[4],"tags":[],"class_list":["post-53533","post","type-post","status-publish","format-standard","has-post-thumbnail","hentry","category-queretaro"],"_links":{"self":[{"href":"https:\/\/informebajio.com.mx\/index.php?rest_route=\/wp\/v2\/posts\/53533","targetHints":{"allow":["GET"]}}],"collection":[{"href":"https:\/\/informebajio.com.mx\/index.php?rest_route=\/wp\/v2\/posts"}],"about":[{"href":"https:\/\/informebajio.com.mx\/index.php?rest_route=\/wp\/v2\/types\/post"}],"author":[{"embeddable":true,"href":"https:\/\/informebajio.com.mx\/index.php?rest_route=\/wp\/v2\/users\/2"}],"replies":[{"embeddable":true,"href":"https:\/\/informebajio.com.mx\/index.php?rest_route=%2Fwp%2Fv2%2Fcomments&post=53533"}],"version-history":[{"count":0,"href":"https:\/\/informebajio.com.mx\/index.php?rest_route=\/wp\/v2\/posts\/53533\/revisions"}],"wp:featuredmedia":[{"embeddable":true,"href":"https:\/\/informebajio.com.mx\/index.php?rest_route=\/wp\/v2\/media\/53534"}],"wp:attachment":[{"href":"https:\/\/informebajio.com.mx\/index.php?rest_route=%2Fwp%2Fv2%2Fmedia&parent=53533"}],"wp:term":[{"taxonomy":"category","embeddable":true,"href":"https:\/\/informebajio.com.mx\/index.php?rest_route=%2Fwp%2Fv2%2Fcategories&post=53533"},{"taxonomy":"post_tag","embeddable":true,"href":"https:\/\/informebajio.com.mx\/index.php?rest_route=%2Fwp%2Fv2%2Ftags&post=53533"}],"curies":[{"name":"wp","href":"https:\/\/api.w.org\/{rel}","templated":true}]}}