{"id":53541,"date":"2025-12-14T08:12:50","date_gmt":"2025-12-14T14:12:50","guid":{"rendered":"https:\/\/informebajio.com.mx\/?p=53541"},"modified":"2025-12-14T08:12:50","modified_gmt":"2025-12-14T14:12:50","slug":"celebraran-cierre-del-ano-jubilar-y-caminata-por-la-paz","status":"publish","type":"post","link":"https:\/\/informebajio.com.mx\/?p=53541","title":{"rendered":"Celebrar\u00e1n cierre del a\u00f1o jubilar y caminata por la Paz"},"content":{"rendered":"<div>\n<p><span style=\"font-weight: 400;\">Diego Gonz\u00e1lez\u00a0<\/span><\/p>\n<p><span style=\"font-weight: 400;\">Noticias<\/span><\/p>\n<p>\u00a0<\/p>\n<p><span style=\"font-weight: 400;\">Este primero de enero de 2026 se llevar\u00e1 a cabo la conclusi\u00f3n del A\u00f1o Jubilar y el cierre de la puerta en la Santa Catedral de Quer\u00e9taro, as\u00ed como la Caminata por la Paz.<\/span><\/p>\n<p><span style=\"font-weight: 400;\">De acuerdo con informaci\u00f3n de la Di\u00f3cesis de Quer\u00e9taro, dichos actos se llevar\u00e1n a cabo en punto de las 15:30 horas de ese d\u00eda y, posteriormente, se tendr\u00e1 la caminata, que concluir\u00e1 en el Santuario de la Cruz, donde el obispo de Quer\u00e9taro, Mons. Fidencio L\u00f3pez presidir\u00e1 una misa.<\/span><\/p>\n<p><span style=\"font-weight: 400;\">La Iglesia en el estado recuerda que el A\u00f1o Jubilar de la Esperanza inici\u00f3 el 24 de diciembre de 2024, con la apertura de la Puerta Santa en la Bas\u00edlica de San Pedro.<\/span><\/p>\n<p><span style=\"font-weight: 400;\">\u201c\u2014Ello\u2014 fue convocado por el Papa Francisco como un tiempo especial de gracia para toda la Iglesia, una invitaci\u00f3n a los fieles a renovar su fe, a buscar la reconciliaci\u00f3n y a fortalecer la esperanza cristiana\u201d.<\/span><\/p>\n<p><span style=\"font-weight: 400;\">Asimismo, puntualiza que el Jubileo Universal concluir\u00e1 el 6 de enero de 2026, en Roma.<\/span><\/p>\n<\/div>\n<p><script>(function(d, s, id) {\n  var js, fjs = d.getElementsByTagName(s)[0];\n  if (d.getElementById(id)) return;\n  js = d.createElement(s); js.id = id;\n  js.src = \"\/\/connect.facebook.net\/es_LA\/sdk.js#xfbml=1&appId=546007945598485&version=v2.3\";\n  fjs.parentNode.insertBefore(js, fjs);\n}(document, 'script', 'facebook-jssdk'));<\/script><\/p>\n","protected":false},"excerpt":{"rendered":"<p>Diego Gonz\u00e1lez\u00a0 Noticias \u00a0 Este primero de enero de 2026 se llevar\u00e1 a cabo la conclusi\u00f3n del A\u00f1o Jubilar y el cierre de la puerta en la Santa Catedral de Quer\u00e9taro, as\u00ed como la Caminata por la Paz. De acuerdo con informaci\u00f3n de la Di\u00f3cesis de Quer\u00e9taro, dichos actos se llevar\u00e1n a cabo en punto [&hellip;]<\/p>\n","protected":false},"author":2,"featured_media":53542,"comment_status":"","ping_status":"","sticky":false,"template":"","format":"standard","meta":{"_monsterinsights_skip_tracking":false,"_monsterinsights_sitenote_active":false,"_monsterinsights_sitenote_note":"","_monsterinsights_sitenote_category":0,"footnotes":""},"categories":[4],"tags":[],"class_list":["post-53541","post","type-post","status-publish","format-standard","has-post-thumbnail","hentry","category-queretaro"],"_links":{"self":[{"href":"https:\/\/informebajio.com.mx\/index.php?rest_route=\/wp\/v2\/posts\/53541","targetHints":{"allow":["GET"]}}],"collection":[{"href":"https:\/\/informebajio.com.mx\/index.php?rest_route=\/wp\/v2\/posts"}],"about":[{"href":"https:\/\/informebajio.com.mx\/index.php?rest_route=\/wp\/v2\/types\/post"}],"author":[{"embeddable":true,"href":"https:\/\/informebajio.com.mx\/index.php?rest_route=\/wp\/v2\/users\/2"}],"replies":[{"embeddable":true,"href":"https:\/\/informebajio.com.mx\/index.php?rest_route=%2Fwp%2Fv2%2Fcomments&post=53541"}],"version-history":[{"count":0,"href":"https:\/\/informebajio.com.mx\/index.php?rest_route=\/wp\/v2\/posts\/53541\/revisions"}],"wp:featuredmedia":[{"embeddable":true,"href":"https:\/\/informebajio.com.mx\/index.php?rest_route=\/wp\/v2\/media\/53542"}],"wp:attachment":[{"href":"https:\/\/informebajio.com.mx\/index.php?rest_route=%2Fwp%2Fv2%2Fmedia&parent=53541"}],"wp:term":[{"taxonomy":"category","embeddable":true,"href":"https:\/\/informebajio.com.mx\/index.php?rest_route=%2Fwp%2Fv2%2Fcategories&post=53541"},{"taxonomy":"post_tag","embeddable":true,"href":"https:\/\/informebajio.com.mx\/index.php?rest_route=%2Fwp%2Fv2%2Ftags&post=53541"}],"curies":[{"name":"wp","href":"https:\/\/api.w.org\/{rel}","templated":true}]}}