{"id":53547,"date":"2025-12-14T18:13:45","date_gmt":"2025-12-15T00:13:45","guid":{"rendered":"https:\/\/informebajio.com.mx\/?p=53547"},"modified":"2025-12-14T18:13:45","modified_gmt":"2025-12-15T00:13:45","slug":"acusa-frente-por-las-40-horas-de-trampa-patronal-la-reforma-laboral","status":"publish","type":"post","link":"https:\/\/informebajio.com.mx\/?p=53547","title":{"rendered":"Acusa Frente por las 40 horas de trampa patronal la reforma laboral\u00a0"},"content":{"rendered":"<div>\n<p>\u00a0<\/p>\n<p><span style=\"font-weight: 400;\">Howard Salas\u00a0<\/span><\/p>\n<p><span style=\"font-weight: 400;\">Noticias<\/span><\/p>\n<p>\u00a0<\/p>\n<p><span style=\"font-weight: 400;\">En conferencia de prensa, el Frente por las 40 horas laborales, declar\u00f3 que la iniciativa para cambiar el art\u00edculo 123 de la constituci\u00f3n, donde se cambiar\u00eda las jornadas laborales entregado el 3 de diciembre, no cumple con la reducci\u00f3n prometida por el gobierno federal, y lo califican como un retroceso en los derechos laborales.<\/span><\/p>\n<p><span style=\"font-weight: 400;\">Esto como resultado de que en la reforma no se garantizaron las peticiones del frente de dos d\u00edas de descanso obligatorio y, en cambio, se mantuvo la semana laboral con 6 d\u00edas. Se\u00f1alan que la reducci\u00f3n gradual a 40 horas es m\u00e1s un disfraz para el beneficio patronal.\u00a0<\/span><\/p>\n<p><span style=\"font-weight: 400;\">\u201cEste cambio regresivo es la prueba clara de que la iniciativa est\u00e1 dise\u00f1ada para el beneficio patronal y no para la dignidad obrera. La supuesta reducci\u00f3n gradual a 40 horas para el 2030 es una simulaci\u00f3n\u201d.\u00a0<\/span><\/p>\n<p><span style=\"font-weight: 400;\">Seg\u00fan la organizaci\u00f3n, la propuesta del gobierno pospuso el pago triple por las horas extras\u00a0 hasta despu\u00e9s de la cuarta hora diaria, o la doceava semanal, lo que califican como un \u201crecorte salarial encubierto\u201d.<\/span><\/p>\n<p><span style=\"font-weight: 400;\">\u201cLa trampa es a\u00fan m\u00e1s perversa en los detalles. El pago triple de las horas extras que hoy aplica despu\u00e9s de la tercera hora extra por d\u00eda se pospone hasta despu\u00e9s de la cuarta hora o doceava hora semanal. Esto es un recorte salarial encubierto a las horas extra\u201d, sentenci\u00f3 la comitiva.<\/span><\/p>\n<p><span style=\"font-weight: 400;\">Otro de los se\u00f1alamientos por parte del frente fue la iniciativa de poner un checador digital, donde muestran preocupaci\u00f3n ante las posibilidades de que los patrones puedan alterar los registros de tiempo laboral, quit\u00e1ndole hora de trabajo al obrero.\u00a0<\/span><\/p>\n<p><span style=\"font-weight: 400;\">\u201cEste checador digital en teor\u00eda eliminar\u00eda la no voluntariedad de\u00a0 las horas extra\u2026 No tuvimos una respuesta clara, solo muchas divagaciones y una aceptaci\u00f3n incluso entre l\u00edneas de que no, no hay forma de que este mecanismo vaya a eliminar la no voluntariedad de las horas extra\u2026 Tenemos tambi\u00e9n una preocupaci\u00f3n y es que como est\u00e1 construida la iniciativa, todo apunta a que est\u00e1n apost\u00e1ndole a una transformaci\u00f3n en la remuneraci\u00f3n de trabajo en M\u00e9xico de una jornada por d\u00eda a horas, a un pago que sea por horas. Con este mecanismo de registro digital va a estar checado al minuto pr\u00e1cticamente\u2026 Si los patrones hoy en d\u00eda no respetan los derechos m\u00ednimos, c\u00f3mo vamos a saber que van a tener un registro fidedigno del tiempo ordinario y extraordinario.\u201d Apunt\u00f3 la organizaci\u00f3n.<\/span><\/p>\n<\/div>\n<p><script>(function(d, s, id) {\n  var js, fjs = d.getElementsByTagName(s)[0];\n  if (d.getElementById(id)) return;\n  js = d.createElement(s); js.id = id;\n  js.src = \"\/\/connect.facebook.net\/es_LA\/sdk.js#xfbml=1&appId=546007945598485&version=v2.3\";\n  fjs.parentNode.insertBefore(js, fjs);\n}(document, 'script', 'facebook-jssdk'));<\/script><\/p>\n","protected":false},"excerpt":{"rendered":"<p>\u00a0 Howard Salas\u00a0 Noticias \u00a0 En conferencia de prensa, el Frente por las 40 horas laborales, declar\u00f3 que la iniciativa para cambiar el art\u00edculo 123 de la constituci\u00f3n, donde se cambiar\u00eda las jornadas laborales entregado el 3 de diciembre, no cumple con la reducci\u00f3n prometida por el gobierno federal, y lo califican como un retroceso [&hellip;]<\/p>\n","protected":false},"author":2,"featured_media":53548,"comment_status":"","ping_status":"","sticky":false,"template":"","format":"standard","meta":{"_monsterinsights_skip_tracking":false,"_monsterinsights_sitenote_active":false,"_monsterinsights_sitenote_note":"","_monsterinsights_sitenote_category":0,"footnotes":""},"categories":[4],"tags":[],"class_list":["post-53547","post","type-post","status-publish","format-standard","has-post-thumbnail","hentry","category-queretaro"],"_links":{"self":[{"href":"https:\/\/informebajio.com.mx\/index.php?rest_route=\/wp\/v2\/posts\/53547","targetHints":{"allow":["GET"]}}],"collection":[{"href":"https:\/\/informebajio.com.mx\/index.php?rest_route=\/wp\/v2\/posts"}],"about":[{"href":"https:\/\/informebajio.com.mx\/index.php?rest_route=\/wp\/v2\/types\/post"}],"author":[{"embeddable":true,"href":"https:\/\/informebajio.com.mx\/index.php?rest_route=\/wp\/v2\/users\/2"}],"replies":[{"embeddable":true,"href":"https:\/\/informebajio.com.mx\/index.php?rest_route=%2Fwp%2Fv2%2Fcomments&post=53547"}],"version-history":[{"count":0,"href":"https:\/\/informebajio.com.mx\/index.php?rest_route=\/wp\/v2\/posts\/53547\/revisions"}],"wp:featuredmedia":[{"embeddable":true,"href":"https:\/\/informebajio.com.mx\/index.php?rest_route=\/wp\/v2\/media\/53548"}],"wp:attachment":[{"href":"https:\/\/informebajio.com.mx\/index.php?rest_route=%2Fwp%2Fv2%2Fmedia&parent=53547"}],"wp:term":[{"taxonomy":"category","embeddable":true,"href":"https:\/\/informebajio.com.mx\/index.php?rest_route=%2Fwp%2Fv2%2Fcategories&post=53547"},{"taxonomy":"post_tag","embeddable":true,"href":"https:\/\/informebajio.com.mx\/index.php?rest_route=%2Fwp%2Fv2%2Ftags&post=53547"}],"curies":[{"name":"wp","href":"https:\/\/api.w.org\/{rel}","templated":true}]}}