{"id":53549,"date":"2025-12-14T23:13:57","date_gmt":"2025-12-15T05:13:57","guid":{"rendered":"https:\/\/informebajio.com.mx\/?p=53549"},"modified":"2025-12-14T23:13:57","modified_gmt":"2025-12-15T05:13:57","slug":"festejan-a-la-morenita-del-tepeyac-en-la-congregacio","status":"publish","type":"post","link":"https:\/\/informebajio.com.mx\/?p=53549","title":{"rendered":"Festejan a la Morenita del Tepeyac en la Congregaci\u00f3"},"content":{"rendered":"<div>\n<p><span style=\"font-weight: 400;\">Diego Gonz\u00e1lez\u00a0<\/span><\/p>\n<p><span style=\"font-weight: 400;\">Noticias\u00a0<\/span><\/p>\n<p>\u00a0<\/p>\n<p><span style=\"font-weight: 400;\">Con profunda devoci\u00f3n y una fe inquebrantable, este viernes 12 de diciembre cientos de fieles acudieron al Santuario de la Congregaci\u00f3n \u2014ubicada en el Centro Hist\u00f3rico de Quer\u00e9taro\u2014 para celebrar a la Virgen Morena en su d\u00eda, aprovechando la ocasi\u00f3n para agradecer las bendiciones de este a\u00f1o y elevar plegarias para tener un buen inicio de a\u00f1o con salud y dicha.<\/span><\/p>\n<p><span style=\"font-weight: 400;\">Como ya es costumbre, cientos de fieles acudieron a la congregaci\u00f3n desde las primeras horas de este viernes para festejar a la morenita linda en el d\u00eda en que, seg\u00fan la tradici\u00f3n cat\u00f3lica, se apareci\u00f3 ante Juan Diego en el cerro del Tepeyac.<\/span><\/p>\n<p><span style=\"font-weight: 400;\">Las expresiones de devoci\u00f3n y agradecimiento fueron diversas: ni\u00f1os y ni\u00f1as vestidos con trajes alusivos a la Virgen Morena y a San Juan Diego, ramos y arreglos florales cuidadosamente preparados, adem\u00e1s de cuadros e im\u00e1genes que los fieles llevaron para ser bendecidos.<\/span><\/p>\n<p><span style=\"font-weight: 400;\">Tal fue el caso de la familia Mart\u00ednez, quienes llevaron a su beb\u00e9 vestida de la Virgen para agradecer a la Madre de Dios el milagro de su nacimiento con buena salud.<\/span><\/p>\n<p><span style=\"font-weight: 400;\">A modo de agradecimiento y festejo por haber tenido un a\u00f1o lleno de ventas, vendedores de comida y antojitos se instalaron en las calles Pasteur y 16 de Septiembre, aleda\u00f1as al recinto religioso, con el prop\u00f3sito de saciar el hambre de quienes ya hab\u00edan cumplido su visita a la Virgencita o de ofrecer algo para picar a quienes prefer\u00edan llenar el est\u00f3mago antes de entrar a rezarle.<\/span><\/p>\n<p><span style=\"font-weight: 400;\">En el patio contiguo al santuario se realiz\u00f3 la venta de comida casera con el prop\u00f3sito de reunir recursos destinados a la restauraci\u00f3n del propio recinto.<\/span><\/p>\n<p><span style=\"font-weight: 400;\">Fue as\u00ed como la feligres\u00eda acudi\u00f3 a las misas celebradas durante el d\u00eda para renovar su fe, agradecer los favores recibidos y pedir por un a\u00f1o venidero lleno de salud y esperanza. Entre cantos, oraciones y ofrendas, la comunidad guadalupana reafirm\u00f3 la devoci\u00f3n que mantiene viva esta tradici\u00f3n que, a\u00f1o con a\u00f1o, convoca a cientos de creyentes en torno a la Virgen Morena.<\/span><\/p>\n<div id=\"attachment_707721\" style=\"width: 610px\" class=\"wp-caption alignnone\"><img fetchpriority=\"high\" decoding=\"async\" aria-describedby=\"caption-attachment-707721\" class=\"size-medium wp-image-707721\" src=\"https:\/\/cdn.noticiasdequeretaro.com.mx\/wp-content\/uploads\/2025\/12\/13080518\/Festejan-a-la-Morenita-del-Tepeyac-en-la-Congregacio-1-600x443.jpg\" alt=\"\" width=\"600\" height=\"443\" srcset=\"https:\/\/cdn.noticiasdequeretaro.com.mx\/wp-content\/uploads\/2025\/12\/13080518\/Festejan-a-la-Morenita-del-Tepeyac-en-la-Congregacio-1-600x443.jpg 600w, https:\/\/cdn.noticiasdequeretaro.com.mx\/wp-content\/uploads\/2025\/12\/13080518\/Festejan-a-la-Morenita-del-Tepeyac-en-la-Congregacio-1-1024x756.jpg 1024w, https:\/\/cdn.noticiasdequeretaro.com.mx\/wp-content\/uploads\/2025\/12\/13080518\/Festejan-a-la-Morenita-del-Tepeyac-en-la-Congregacio-1-300x222.jpg 300w, https:\/\/cdn.noticiasdequeretaro.com.mx\/wp-content\/uploads\/2025\/12\/13080518\/Festejan-a-la-Morenita-del-Tepeyac-en-la-Congregacio-1-768x567.jpg 768w, https:\/\/cdn.noticiasdequeretaro.com.mx\/wp-content\/uploads\/2025\/12\/13080518\/Festejan-a-la-Morenita-del-Tepeyac-en-la-Congregacio-1.jpg 1179w\" sizes=\"(max-width: 600px) 100vw, 600px\"\/><\/p>\n<p id=\"caption-attachment-707721\" class=\"wp-caption-text\">Screenshot<\/p>\n<\/div>\n<\/div>\n<p><script>(function(d, s, id) {\n  var js, fjs = d.getElementsByTagName(s)[0];\n  if (d.getElementById(id)) return;\n  js = d.createElement(s); js.id = id;\n  js.src = \"\/\/connect.facebook.net\/es_LA\/sdk.js#xfbml=1&appId=546007945598485&version=v2.3\";\n  fjs.parentNode.insertBefore(js, fjs);\n}(document, 'script', 'facebook-jssdk'));<\/script><\/p>\n","protected":false},"excerpt":{"rendered":"<p>Diego Gonz\u00e1lez\u00a0 Noticias\u00a0 \u00a0 Con profunda devoci\u00f3n y una fe inquebrantable, este viernes 12 de diciembre cientos de fieles acudieron al Santuario de la Congregaci\u00f3n \u2014ubicada en el Centro Hist\u00f3rico de Quer\u00e9taro\u2014 para celebrar a la Virgen Morena en su d\u00eda, aprovechando la ocasi\u00f3n para agradecer las bendiciones de este a\u00f1o y elevar plegarias para [&hellip;]<\/p>\n","protected":false},"author":2,"featured_media":53550,"comment_status":"","ping_status":"","sticky":false,"template":"","format":"standard","meta":{"_monsterinsights_skip_tracking":false,"_monsterinsights_sitenote_active":false,"_monsterinsights_sitenote_note":"","_monsterinsights_sitenote_category":0,"footnotes":""},"categories":[4],"tags":[],"class_list":["post-53549","post","type-post","status-publish","format-standard","has-post-thumbnail","hentry","category-queretaro"],"_links":{"self":[{"href":"https:\/\/informebajio.com.mx\/index.php?rest_route=\/wp\/v2\/posts\/53549","targetHints":{"allow":["GET"]}}],"collection":[{"href":"https:\/\/informebajio.com.mx\/index.php?rest_route=\/wp\/v2\/posts"}],"about":[{"href":"https:\/\/informebajio.com.mx\/index.php?rest_route=\/wp\/v2\/types\/post"}],"author":[{"embeddable":true,"href":"https:\/\/informebajio.com.mx\/index.php?rest_route=\/wp\/v2\/users\/2"}],"replies":[{"embeddable":true,"href":"https:\/\/informebajio.com.mx\/index.php?rest_route=%2Fwp%2Fv2%2Fcomments&post=53549"}],"version-history":[{"count":0,"href":"https:\/\/informebajio.com.mx\/index.php?rest_route=\/wp\/v2\/posts\/53549\/revisions"}],"wp:featuredmedia":[{"embeddable":true,"href":"https:\/\/informebajio.com.mx\/index.php?rest_route=\/wp\/v2\/media\/53550"}],"wp:attachment":[{"href":"https:\/\/informebajio.com.mx\/index.php?rest_route=%2Fwp%2Fv2%2Fmedia&parent=53549"}],"wp:term":[{"taxonomy":"category","embeddable":true,"href":"https:\/\/informebajio.com.mx\/index.php?rest_route=%2Fwp%2Fv2%2Fcategories&post=53549"},{"taxonomy":"post_tag","embeddable":true,"href":"https:\/\/informebajio.com.mx\/index.php?rest_route=%2Fwp%2Fv2%2Ftags&post=53549"}],"curies":[{"name":"wp","href":"https:\/\/api.w.org\/{rel}","templated":true}]}}