{"id":53553,"date":"2025-12-15T04:14:57","date_gmt":"2025-12-15T10:14:57","guid":{"rendered":"https:\/\/informebajio.com.mx\/?p=53553"},"modified":"2025-12-15T04:14:57","modified_gmt":"2025-12-15T10:14:57","slug":"nuestra-noche-guadalupana","status":"publish","type":"post","link":"https:\/\/informebajio.com.mx\/?p=53553","title":{"rendered":"Nuestra noche Guadalupana"},"content":{"rendered":"<div>\n<p><span style=\"font-weight: 400;\">El templo de La Congregaci\u00f3n se convirti\u00f3 en el epicentro de la devoci\u00f3n guadalupana<\/span><\/p>\n<p>\u00a0<\/p>\n<p><span style=\"font-weight: 400;\">Howard Salas\u00a0<\/span><\/p>\n<p><span style=\"font-weight: 400;\">Noticias\u00a0<\/span><\/p>\n<p>\u00a0<\/p>\n<p><span style=\"font-weight: 400;\">Miles de personas se reunieron con el tradicional motivo de cantarle las ma\u00f1anitas a la Virgen Mar\u00eda. Desde las 22:00 horas, fueron pasando, ordenados y juntos, hacia el Templo de la Congregaci\u00f3n, bajo las luces amarillas y \u00e1mbar de los puestos de comida, para llegar finalmente al Templo para, as\u00ed, honrar a la Guadalupana.<\/span><\/p>\n<p><span style=\"font-weight: 400;\">Mientras avanzaban en direcci\u00f3n al altar, poco a poco entre todos se fueron rodeando, apretando, con una sensaci\u00f3n de calidez, y hermandad que un\u00eda a los fieles. Toda la b\u00f3veda del templo estaba retumbando\u00a0 por el canto ominoso de la Estudiantina de la UAQ.<\/span><\/p>\n<p><span style=\"font-weight: 400;\">A las 23:02, mientras la estudiantina segu\u00eda cantando para la Virgen, el Padre Juan Vega, se present\u00f3, junto al altar, alegr\u00e1ndose de ver a tantos feligreses juntos para cantarle a la Virgen de Guadalupe. Poco despu\u00e9s,\u00a0 antes de las 23:30 el padre volvi\u00f3 a hablarle a la gente reunida, y celebr\u00f3 a la estudiantina por la importancia, que tiene para la ciudad con su valor hist\u00f3rico, as\u00ed mismo el Padre continu\u00f3 pidiendo a los creyentes que lo acompa\u00f1aran en oraci\u00f3n ante la cercan\u00eda de la medianoche todos los presentes se unieron con oraci\u00f3n por la Virgen.\u00a0<\/span><\/p>\n<p><span style=\"font-weight: 400;\">Mientras el acto de la Estudiantina segu\u00eda con cantos eclesi\u00e1sticos y cl\u00e1sicos para conservar la atm\u00f3sfera de celebraci\u00f3n. A las 23:43\u00a0 el Padre Vega, permiti\u00f3 que un ni\u00f1o pasara al altar para que juntos gritaran \u201cViva la Virgen de Guadalupe\u201d todos los asistentes siguieron juntos aquel clamor.\u00a0<\/span><\/p>\n<p><span style=\"font-weight: 400;\">Posteriormente, poco antes de las 23:50, el cl\u00e9rigo despidi\u00f3 a la Estudiantina\u00a0 de la UAQ, d\u00e1ndoles su bendici\u00f3n y agradeci\u00e9ndoles por tan bello acto que hicieron frente a la Santa Mar\u00eda de Guadalupe, esto para proceder con una plegaria, que marc\u00f3 a las personas presentes, pues, declar\u00f3 que \u201cM\u00e9xico necesita de hijos de dios comprometidos que pongan su grano de arena para que el pa\u00eds est\u00e9 en paz. As\u00ed debe estar nuestro pa\u00eds, unido\u201d. Fue as\u00ed que el sacerdote pidi\u00f3 que la Guadalupana nos concediera el pa\u00eds que merecemos.\u00a0<\/span><\/p>\n<p><span style=\"font-weight: 400;\">Finalmente, a las 23:57, el eclesi\u00e1stico Juan Vega mand\u00f3 la se\u00f1al para que se prepare el campanazo de repique doble junto al Coro del Santuario, los creyentes se fueron preparando para cantar a Nuestra Virgen Mar\u00eda. El ambiente se fue cargando de emociones de todos los presentes; hasta que, dando exactamente las 00:00 horas; sonaron las campanas junto al coro, todos cantaran con pasi\u00f3n por la advocaci\u00f3n mariana del Tepeyac. Y juntos fueron entonando hasta que finalmente los cantos cesaron, y las campanas\u00a0 y fuegos artificiales turbaron el Centro de Quer\u00e9taro en conmemoraci\u00f3n a la fiesta que acabar\u00eda hasta las 05:00 horas.<\/span><\/p>\n<\/div>\n<p><script>(function(d, s, id) {\n  var js, fjs = d.getElementsByTagName(s)[0];\n  if (d.getElementById(id)) return;\n  js = d.createElement(s); js.id = id;\n  js.src = \"\/\/connect.facebook.net\/es_LA\/sdk.js#xfbml=1&appId=546007945598485&version=v2.3\";\n  fjs.parentNode.insertBefore(js, fjs);\n}(document, 'script', 'facebook-jssdk'));<\/script><\/p>\n","protected":false},"excerpt":{"rendered":"<p>El templo de La Congregaci\u00f3n se convirti\u00f3 en el epicentro de la devoci\u00f3n guadalupana \u00a0 Howard Salas\u00a0 Noticias\u00a0 \u00a0 Miles de personas se reunieron con el tradicional motivo de cantarle las ma\u00f1anitas a la Virgen Mar\u00eda. Desde las 22:00 horas, fueron pasando, ordenados y juntos, hacia el Templo de la Congregaci\u00f3n, bajo las luces amarillas [&hellip;]<\/p>\n","protected":false},"author":2,"featured_media":53554,"comment_status":"","ping_status":"","sticky":false,"template":"","format":"standard","meta":{"_monsterinsights_skip_tracking":false,"_monsterinsights_sitenote_active":false,"_monsterinsights_sitenote_note":"","_monsterinsights_sitenote_category":0,"footnotes":""},"categories":[4],"tags":[],"class_list":["post-53553","post","type-post","status-publish","format-standard","has-post-thumbnail","hentry","category-queretaro"],"_links":{"self":[{"href":"https:\/\/informebajio.com.mx\/index.php?rest_route=\/wp\/v2\/posts\/53553","targetHints":{"allow":["GET"]}}],"collection":[{"href":"https:\/\/informebajio.com.mx\/index.php?rest_route=\/wp\/v2\/posts"}],"about":[{"href":"https:\/\/informebajio.com.mx\/index.php?rest_route=\/wp\/v2\/types\/post"}],"author":[{"embeddable":true,"href":"https:\/\/informebajio.com.mx\/index.php?rest_route=\/wp\/v2\/users\/2"}],"replies":[{"embeddable":true,"href":"https:\/\/informebajio.com.mx\/index.php?rest_route=%2Fwp%2Fv2%2Fcomments&post=53553"}],"version-history":[{"count":0,"href":"https:\/\/informebajio.com.mx\/index.php?rest_route=\/wp\/v2\/posts\/53553\/revisions"}],"wp:featuredmedia":[{"embeddable":true,"href":"https:\/\/informebajio.com.mx\/index.php?rest_route=\/wp\/v2\/media\/53554"}],"wp:attachment":[{"href":"https:\/\/informebajio.com.mx\/index.php?rest_route=%2Fwp%2Fv2%2Fmedia&parent=53553"}],"wp:term":[{"taxonomy":"category","embeddable":true,"href":"https:\/\/informebajio.com.mx\/index.php?rest_route=%2Fwp%2Fv2%2Fcategories&post=53553"},{"taxonomy":"post_tag","embeddable":true,"href":"https:\/\/informebajio.com.mx\/index.php?rest_route=%2Fwp%2Fv2%2Ftags&post=53553"}],"curies":[{"name":"wp","href":"https:\/\/api.w.org\/{rel}","templated":true}]}}