{"id":53567,"date":"2025-12-16T07:48:46","date_gmt":"2025-12-16T13:48:46","guid":{"rendered":"https:\/\/informebajio.com.mx\/?p=53567"},"modified":"2025-12-16T07:48:46","modified_gmt":"2025-12-16T13:48:46","slug":"el-movimiento-del-sombrero-de-un-proyecto-regional-a-la-primera-linea-de-la-politica-mexicana","status":"publish","type":"post","link":"https:\/\/informebajio.com.mx\/?p=53567","title":{"rendered":"El Movimiento del Sombrero, de un proyecto regional a la primera l\u00ednea de la pol\u00edtica mexicana"},"content":{"rendered":"<div data-dtm-region=\"articulo_cuerpo\">\n<p class=\"\">Un sombrero se ha convertido en s\u00edmbolo de resistencia ante la crudeza de la violencia en M\u00e9xico. Tambi\u00e9n es el legado de <a href=\"https:\/\/elpais.com\/mexico\/2025-11-05\/el-asesinato-de-carlos-manzo-choca-con-la-distribucion-del-presupuesto-de-sheinbaum-en-el-congreso-mexicano.html\" target=\"_self\" rel=\"\" title=\"https:\/\/elpais.com\/mexico\/2025-11-05\/el-asesinato-de-carlos-manzo-choca-con-la-distribucion-del-presupuesto-de-sheinbaum-en-el-congreso-mexicano.html\">Carlos Manzo<\/a> en <a href=\"https:\/\/elpais.com\/mexico\/2025-11-12\/uruapan-cancela-el-desfile-del-20-de-noviembre-por-la-inseguridad.html\" target=\"_self\" rel=\"\" title=\"https:\/\/elpais.com\/mexico\/2025-11-12\/uruapan-cancela-el-desfile-del-20-de-noviembre-por-la-inseguridad.html\">Uruapan, Michoac\u00e1n<\/a>, despu\u00e9s de que fuera acribillado en la plaza del pueblo durante las festividades del D\u00eda de Muertos. Ese mismo sombrero, un morral cruzado al pecho y una vestimenta modesta, atuendo t\u00edpico en muchas regiones del pa\u00eds con vocaci\u00f3n campesina, distinguieron a Manzo en su paso por el Congreso mexicano (2021-2024) antes de convertirse en alcalde y perder la vida en ese cargo. Cuando el michoacano tomaba la palabra como diputado, el sombrero descansaba en la tribuna, ese accesorio facilitaba su identificaci\u00f3n cuando la bancada mayoritaria de Morena era a\u00fan un compendio de nuevos rostros, incluido el suyo. El final de ese periodo legislativo marc\u00f3 el fin de su corta relaci\u00f3n con el oficialismo y el nacimiento ese mismo a\u00f1o de su proyecto pol\u00edtico integrado por liderazgos locales sin partido: el Movimiento del Sombrero.<\/p>\n<p class=\"\">El nombre que dio a la apuesta pol\u00edtica encarrilada electoralmente como independiente, en alusi\u00f3n a su caracter\u00edstico accesorio, simbolizaba entonces al pueblo, a la clase trabajadora del campo, y ahora aglutina a muchos cr\u00edticos con la situaci\u00f3n de inseguridad, que han alzado la voz o se han sumado a la ola opositora aprovechando la efervescente indignaci\u00f3n que dej\u00f3 el asesinato de Manzo a manos del crimen organizado. <\/p>\n<p class=\"\">En 2024, el Movimiento del Sombrero logr\u00f3 colarse en el mapa pol\u00edtico, ganando espacios en todos los niveles. Manzo, con 95.000 votos, se convirti\u00f3 en el primer presidente municipal de Uruapan en llegar a ese cargo sin partido. Su corriente, tambi\u00e9n conocida como La Sombreriza, gan\u00f3 a Morena, el segundo mejor posicionado, tres diputaciones: dos locales, con Carlos Bautista Tafolla y Conrado Paz, y una federal con Guadalupe Mendoza. Todas por <a href=\"https:\/\/elpais.com\/mexico\/2025-11-08\/michoacan-es-uno-de-los-estados-mas-letales-para-los-alcaldes-a-pesar-de-las-intervenciones-federales.html\" target=\"_self\" rel=\"\" title=\"https:\/\/elpais.com\/mexico\/2025-11-08\/michoacan-es-uno-de-los-estados-mas-letales-para-los-alcaldes-a-pesar-de-las-intervenciones-federales.html\">Michoac\u00e1n<\/a>. Un despegue remarcable para tan joven agrupaci\u00f3n. <\/p>\n<p class=\"\">Ahora ha dado un salto decisivo a la primera l\u00ednea de la pol\u00edtica mexicana. <a href=\"https:\/\/elpais.com\/mexico\/2025-11-04\/un-atentado-con-el-sello-del-cartel-jalisco-un-pistolero-suicida-y-un-gobernador-distraido-confluyen-como-pistas-del-crimen-contra-carlos-manzo.html\" target=\"_self\" rel=\"\" title=\"https:\/\/elpais.com\/mexico\/2025-11-04\/un-atentado-con-el-sello-del-cartel-jalisco-un-pistolero-suicida-y-un-gobernador-distraido-confluyen-como-pistas-del-crimen-contra-carlos-manzo.html\">El asesinato de Manzo<\/a> y la crisis de violencia en esa y otras regiones del pa\u00eds, ha catapultado por el momento a su agrupaci\u00f3n pol\u00edtica hasta el punto de que las casas encuestadoras la ven con posibilidad de pelearle el poder al oficialismo, al menos en Michoac\u00e1n, uno de los Estados m\u00e1s golpeados por el pu\u00f1o del <a href=\"https:\/\/elpais.com\/mexico\/2025-11-06\/michoacan-territorio-indomable.html\" target=\"_self\" rel=\"\" title=\"https:\/\/elpais.com\/mexico\/2025-11-06\/michoacan-territorio-indomable.html\">crimen organizado<\/a>. Aunque la duraci\u00f3n del efecto del sombrero a\u00fan es incierta y, antes de cualquier pron\u00f3stico aventurado, los herederos pol\u00edticos de Manzo deber\u00e1n sostenerse m\u00e1s all\u00e1 de esta etapa coyuntural. <\/p>\n<p class=\"\">El analista pol\u00edtico <a href=\"https:\/\/elpais.com\/mexico\/2025-11-08\/michoacan-crisis-sistemica-o-el-plan-sin-futuro.html\" target=\"_self\" rel=\"\" title=\"https:\/\/elpais.com\/mexico\/2025-11-08\/michoacan-crisis-sistemica-o-el-plan-sin-futuro.html\">Salvador Camarena<\/a> considera prudente no adelantarse. \u201cUn movimiento requiere varias pruebas de \u00e1cido, qu\u00e9 pretenden y cu\u00e1l es su agenda\u201d, argumenta. Ha pasado menos de un mes desde el asesinato del alcalde, los \u00e1nimos siguen encendidos y cualquier pron\u00f3stico sobre los alcances de <a href=\"https:\/\/elpais.com\/mexico\/2025-11-09\/la-vida-despues-de-carlos-manzo.html\" target=\"_self\" rel=\"\" title=\"https:\/\/elpais.com\/mexico\/2025-11-09\/la-vida-despues-de-carlos-manzo.html\">La Sombreriza<\/a> son inciertos. \u201cNo minimizo ni la legitimidad de sus demandas ni que ha venido de una regi\u00f3n del pa\u00eds y ha sacudido el centralismo de un Gobierno federal ensimismado, pero es muy pronto para dar por sentado que ha llegado un movimiento que a mediano o a largo plazo se constituir\u00e1 en un referente\u201d, recalca, mientras plantea que sea un efecto estrictamente coyuntural. <\/p>\n<p class=\"\">Morena, el partido m\u00e1s poderoso de M\u00e9xico fundado por el expresidente Andr\u00e9s Manuel L\u00f3pez Obrador, transit\u00f3 por caminos largos y pedregosos antes de ganar las presidenciales. A su registro como agrupaci\u00f3n pol\u00edtica nacional en 2014 le antecedi\u00f3 casi una d\u00e9cada de campa\u00f1as, de recorridos por el pa\u00eds, de m\u00edtines sin quorum, de plantones en el Z\u00f3calo y en las avenidas m\u00e1s transitadas de Ciudad de M\u00e9xico. Paso por tres campa\u00f1as presidenciales antes de llegar a la silla de poder. A este otro movimiento, el del sombrero, le ha bastado un asesinato y la indignaci\u00f3n colectiva para avanzar 41 puntos en la preferencia electoral -el porcentaje con el que gan\u00f3 el gobernador de Michoac\u00e1n, <a href=\"https:\/\/elpais.com\/mexico\/2025-11-12\/ramirez-bedolla-el-gobernador-al-que-se-le-incendio-michoacan-en-un-mes.html\" target=\"_self\" rel=\"\" title=\"https:\/\/elpais.com\/mexico\/2025-11-12\/ramirez-bedolla-el-gobernador-al-que-se-le-incendio-michoacan-en-un-mes.html\">Alfredo Ram\u00edrez Bedolla<\/a>, en 2021-, seg\u00fan las encuestas locales. Los integrantes del movimiento que enarbol\u00f3 Manzo se han sujetado del efecto pol\u00edtico que ha despertado el asesinato del alcalde. \u201cV\u00e1yanse despidiendo de los lujos del poder, de las tranzas y la corrupci\u00f3n que a todas luces brilla, porque ahora nos toca a nosotros, a los del Movimiento del Sombrero\u201d, lanz\u00f3 contra el oficialismo Guadalupe Mendoza desde la tribuna de la C\u00e1mara de Diputados. <\/p>\n<p class=\"\">Hace unos d\u00edas, en la entrada del Congreso de Michoac\u00e1n, resonaba una arenga. \u201c\u00a1Pura sombreriza!, \u00a1pura sombreriza!, \u00a1pura sombreriza!\u201c, decenas de personas enardecidas agitaban los sombreros en mano. En paralelo a la protesta, Grecia Quiroz, viuda de Manzo, abrazada al sombrero de su esposo, recib\u00eda el Gobierno que al padre de sus dos hijos le cost\u00f3 la vida. \u201cEste Movimiento del Sombrero no lo callaron y no lo van a callar\u201d, lanz\u00f3, flanqueada por legisladores ataviados con el accesorio, frente a un Legislativo de mayor\u00eda oficialista. Un d\u00eda antes, sombreros ensangrentados y veladoras cubrieron las curules de la oposici\u00f3n en la C\u00e1mara de Diputados durante la discusi\u00f3n del presupuesto del Gobierno de Sheinbaum para el pr\u00f3ximo a\u00f1o. <\/p>\n<p class=\"\">\u201cQuienes mandaron matar a Carlos Manzo no supieron que este sombrero tiene una fuerza imparable, incansable con la que en el 2027 les vamos a dar un voto de castigo porque nos vamos a hacer valer y vamos a honrar la memoria de Manzo\u201d, dijo Quiroz de nuevo el fin de semana durante una jornada de protestas en Uruapan, ya como presidenta municipal en funciones. El mensaje pol\u00edtico en un Estado gobernado por el morenismo ha sido directo. La tragedia en Uruapan ha marcado un punto de inflexi\u00f3n en la pol\u00edtica mexicana. La viuda de Manzo ha delineado sus objetivos. \u201cVoy a seguir los pasos de Carlos Manzo, les voy a dejar un Uruapan, un Michoac\u00e1n y un M\u00e9xico que \u00e9l hubiese querido\u201d, dijo en su toma de protesta.<\/p>\n<p class=\"\">El Movimiento del Sombrero se enfrenta este fin de semana a su primera prueba. La convocatoria a una marcha multitudinaria en Ciudad de M\u00e9xico, en memoria del alcalde de Uruapan y en contra de la violencia. Grecia Quiroz, se ha desmarcado. \u201cNo somos quienes estamos encabezando esta marcha\u201d, dijo este jueves despu\u00e9s de la reuni\u00f3n que sostuvo con el secretario de seguridad, Omar Garc\u00eda Harfuch. La movilizaci\u00f3n confluir\u00e1 con la de la <a href=\"https:\/\/elpais.com\/mexico\/2025-11-13\/el-gobierno-vincula-la-marcha-de-la-generacion-z-con-una-campana-internacional-de-desinformacion-estimada-en-mas-de-90-millones-de-pesos.html\" target=\"_self\" rel=\"\" title=\"https:\/\/elpais.com\/mexico\/2025-11-13\/el-gobierno-vincula-la-marcha-de-la-generacion-z-con-una-campana-internacional-de-desinformacion-estimada-en-mas-de-90-millones-de-pesos.html\">generaci\u00f3n Z<\/a>, que ha sido desacreditada por Sheinbaum como una campa\u00f1a internacional de desinformaci\u00f3n. Antes del deslinde de la presidenta municipal de Uruapan los integrantes de La Sombreriza hab\u00edan llamado a una manifestaci\u00f3n pac\u00edfica. \u201cEsta marcha debe ser s\u00edmbolo de un M\u00e9xico que exige justicia, que est\u00e1 cansado de los circos del poder, de los abrazos falsos y las promesas vac\u00edas\u201d, dijo Carlos Bautista. La movilizaci\u00f3n pondr\u00e1 a prueba cu\u00e1nto m\u00fasculo ha ganado El Movimiento del Sombrero, mientras los tiempos pol\u00edticos definen si lleg\u00f3 o no para quedarse.<\/p>\n<\/div>\n<p><\/p>\n","protected":false},"excerpt":{"rendered":"<p>Un sombrero se ha convertido en s\u00edmbolo de resistencia ante la crudeza de la violencia en M\u00e9xico. Tambi\u00e9n es el legado de Carlos Manzo en Uruapan, Michoac\u00e1n, despu\u00e9s de que fuera acribillado en la plaza del pueblo durante las festividades del D\u00eda de Muertos. Ese mismo sombrero, un morral cruzado al pecho y una vestimenta [&hellip;]<\/p>\n","protected":false},"author":2,"featured_media":53568,"comment_status":"","ping_status":"","sticky":false,"template":"","format":"standard","meta":{"_monsterinsights_skip_tracking":false,"_monsterinsights_sitenote_active":false,"_monsterinsights_sitenote_note":"","_monsterinsights_sitenote_category":0,"footnotes":""},"categories":[7],"tags":[],"class_list":["post-53567","post","type-post","status-publish","format-standard","has-post-thumbnail","hentry","category-michoacan"],"_links":{"self":[{"href":"https:\/\/informebajio.com.mx\/index.php?rest_route=\/wp\/v2\/posts\/53567","targetHints":{"allow":["GET"]}}],"collection":[{"href":"https:\/\/informebajio.com.mx\/index.php?rest_route=\/wp\/v2\/posts"}],"about":[{"href":"https:\/\/informebajio.com.mx\/index.php?rest_route=\/wp\/v2\/types\/post"}],"author":[{"embeddable":true,"href":"https:\/\/informebajio.com.mx\/index.php?rest_route=\/wp\/v2\/users\/2"}],"replies":[{"embeddable":true,"href":"https:\/\/informebajio.com.mx\/index.php?rest_route=%2Fwp%2Fv2%2Fcomments&post=53567"}],"version-history":[{"count":0,"href":"https:\/\/informebajio.com.mx\/index.php?rest_route=\/wp\/v2\/posts\/53567\/revisions"}],"wp:featuredmedia":[{"embeddable":true,"href":"https:\/\/informebajio.com.mx\/index.php?rest_route=\/wp\/v2\/media\/53568"}],"wp:attachment":[{"href":"https:\/\/informebajio.com.mx\/index.php?rest_route=%2Fwp%2Fv2%2Fmedia&parent=53567"}],"wp:term":[{"taxonomy":"category","embeddable":true,"href":"https:\/\/informebajio.com.mx\/index.php?rest_route=%2Fwp%2Fv2%2Fcategories&post=53567"},{"taxonomy":"post_tag","embeddable":true,"href":"https:\/\/informebajio.com.mx\/index.php?rest_route=%2Fwp%2Fv2%2Ftags&post=53567"}],"curies":[{"name":"wp","href":"https:\/\/api.w.org\/{rel}","templated":true}]}}