{"id":53577,"date":"2025-12-17T00:39:22","date_gmt":"2025-12-17T06:39:22","guid":{"rendered":"https:\/\/informebajio.com.mx\/?p=53577"},"modified":"2025-12-17T00:39:22","modified_gmt":"2025-12-17T06:39:22","slug":"se-aprueba-iniciativa-para-declarar-el-22-de-noviembre-de-cada-ano-como-dia-del-maestro-de-educacion-musical-y-de-artes-dip-crisogono-perez-lopez","status":"publish","type":"post","link":"https:\/\/informebajio.com.mx\/?p=53577","title":{"rendered":"SE APRUEBA INICIATIVA PARA DECLARAR EL 22 DE NOVIEMBRE DE CADA A\u00d1O COMO \u201cD\u00cdA DEL MAESTRO DE EDUCACI\u00d3N MUSICAL Y DE ARTES\u201d: DIP. CRIS\u00d3GONO P\u00c9REZ L\u00d3PEZ"},"content":{"rendered":"<div>\n<p>EL PROP\u00d3SITO ES VISIBILIZAR A LOS DOCENTES DEDICADOS A LA EDUCACI\u00d3N ART\u00cdSTICA EN SUS DIFERENTES EXPRESIONES<\/p>\n<p>La Comisi\u00f3n de Educaci\u00f3n, Cultura, Ciencia y Tecnolog\u00eda del Congreso del Estado, aprob\u00f3 la iniciativa para declarar el d\u00eda 22 de noviembre de cada a\u00f1o como \u201cD\u00eda del Maestro de Educaci\u00f3n Musical y de Artes\u201d, inform\u00f3 el diputado Cris\u00f3gono P\u00e9rez L\u00f3pez.<\/p>\n<p>En la sesi\u00f3n de trabajo, las y los diputados de la Comisi\u00f3n de Educaci\u00f3n, Cultura, Ciencia y Tecnolog\u00eda reconocieron que la educaci\u00f3n art\u00edstica en sus expresiones de m\u00fasica, artes visuales, teatro y danza es un componente esencial en la formaci\u00f3n integral de la ni\u00f1ez y la juventud. <\/p>\n<p>Las maestras y maestros dedicados a \u00e9stas disciplinas, desempe\u00f1an un papel fundamental en el desarrollo cognitivo, emocional, sensorial, social y creativo de la educaci\u00f3n; por ello, es indispensable reconocer su labor de manera formal y permanente.<\/p>\n<figure class=\"wp-block-image aligncenter size-full is-resized\"><img fetchpriority=\"high\" decoding=\"async\" width=\"936\" height=\"648\" src=\"https:\/\/b559124.smushcdn.com\/559124\/wp-content\/uploads\/2025\/12\/1000107598.jpg?lossy=2&amp;strip=1&amp;webp=1\" alt=\"\" class=\"wp-image-211485\" style=\"width:703px;height:auto\" srcset=\"https:\/\/b559124.smushcdn.com\/559124\/wp-content\/uploads\/2025\/12\/1000107598.jpg?lossy=2&amp;strip=1&amp;webp=1 936w, https:\/\/b559124.smushcdn.com\/559124\/wp-content\/uploads\/2025\/12\/1000107598-600x415.jpg?lossy=2&amp;strip=1&amp;webp=1 600w, https:\/\/b559124.smushcdn.com\/559124\/wp-content\/uploads\/2025\/12\/1000107598.jpg?size=160x111&amp;lossy=2&amp;strip=1&amp;webp=1 160w, https:\/\/b559124.smushcdn.com\/559124\/wp-content\/uploads\/2025\/12\/1000107598.jpg?size=320x222&amp;lossy=2&amp;strip=1&amp;webp=1 320w, https:\/\/b559124.smushcdn.com\/559124\/wp-content\/uploads\/2025\/12\/1000107598.jpg?size=480x332&amp;lossy=2&amp;strip=1&amp;webp=1 480w, https:\/\/b559124.smushcdn.com\/559124\/wp-content\/uploads\/2025\/12\/1000107598.jpg?size=800x554&amp;lossy=2&amp;strip=1&amp;webp=1 800w\" sizes=\"(max-width: 936px) 100vw, 936px\"\/><\/figure>\n<p>La iniciativa es promovida por el diputado Cris\u00f3gono P\u00e9rez L\u00f3pez, as\u00ed como Juan Carlos B\u00e1rcenas Ram\u00edrez y Elizabeth Bibiana Guerrero, secretarios generales de las secciones 26 y 52 del Sindicato Nacional de Trabajadores de la Educaci\u00f3n (SNTE), respectivamente.<\/p>\n<p>El legislador P\u00e9rez L\u00f3pez se\u00f1al\u00f3 que la m\u00fasica y las artes han acompa\u00f1ado al ser humano a lo largo de toda su historia, \u201cpor ello, es importante visibilizar el trabajo de los maestros de m\u00fasica y de artes, ya que estas habilidades son esenciales para el desarrollo integral del estudiantado, fortaleciendo tanto su pensamiento cr\u00edtico como su sensibilidad art\u00edstica\u201d.<\/p>\n<p>Coment\u00f3 que el docente de educaci\u00f3n musical y art\u00edstica no s\u00f3lo ense\u00f1a t\u00e9cnica o contenidos, sino que forma ciudadan\u00eda, comunidad y valores, integrando a trav\u00e9s del arte el trabajo colaborativo, la identidad cultural y la creatividad.<\/p>\n<p>La iniciativa que busca declarar el d\u00eda 22 de noviembre de cada a\u00f1o como \u201cD\u00eda del Maestro de Educaci\u00f3n Musical y de Artes\u201d, ser\u00e1 turnada al Pleno del Congreso del Estado, para su discusi\u00f3n y votaci\u00f3n.<\/p>\n<figure class=\"wp-block-image aligncenter size-full is-resized\"><img loading=\"lazy\" decoding=\"async\" width=\"936\" height=\"648\" src=\"https:\/\/b559124.smushcdn.com\/559124\/wp-content\/uploads\/2025\/12\/1000107597.jpg?lossy=2&amp;strip=1&amp;webp=1\" alt=\"\" class=\"wp-image-211486 lazyload\" style=\"--smush-placeholder-width: 936px; --smush-placeholder-aspect-ratio: 936\/648;width:703px;height:auto\" srcset=\"https:\/\/b559124.smushcdn.com\/559124\/wp-content\/uploads\/2025\/12\/1000107597.jpg?lossy=2&amp;strip=1&amp;webp=1 936w, https:\/\/b559124.smushcdn.com\/559124\/wp-content\/uploads\/2025\/12\/1000107597-600x415.jpg?lossy=2&amp;strip=1&amp;webp=1 600w, https:\/\/b559124.smushcdn.com\/559124\/wp-content\/uploads\/2025\/12\/1000107597.jpg?size=160x111&amp;lossy=2&amp;strip=1&amp;webp=1 160w, https:\/\/b559124.smushcdn.com\/559124\/wp-content\/uploads\/2025\/12\/1000107597.jpg?size=320x222&amp;lossy=2&amp;strip=1&amp;webp=1 320w, https:\/\/b559124.smushcdn.com\/559124\/wp-content\/uploads\/2025\/12\/1000107597.jpg?size=480x332&amp;lossy=2&amp;strip=1&amp;webp=1 480w, https:\/\/b559124.smushcdn.com\/559124\/wp-content\/uploads\/2025\/12\/1000107597.jpg?size=800x554&amp;lossy=2&amp;strip=1&amp;webp=1 800w\" data-sizes=\"auto\" data-original-sizes=\"(max-width: 936px) 100vw, 936px\"\/><\/figure>\n<\/p><\/div>\n<p><\/p>\n","protected":false},"excerpt":{"rendered":"<p>EL PROP\u00d3SITO ES VISIBILIZAR A LOS DOCENTES DEDICADOS A LA EDUCACI\u00d3N ART\u00cdSTICA EN SUS DIFERENTES EXPRESIONES La Comisi\u00f3n de Educaci\u00f3n, Cultura, Ciencia y Tecnolog\u00eda del Congreso del Estado, aprob\u00f3 la iniciativa para declarar el d\u00eda 22 de noviembre de cada a\u00f1o como \u201cD\u00eda del Maestro de Educaci\u00f3n Musical y de Artes\u201d, inform\u00f3 el diputado Cris\u00f3gono [&hellip;]<\/p>\n","protected":false},"author":2,"featured_media":53578,"comment_status":"","ping_status":"","sticky":false,"template":"","format":"standard","meta":{"_monsterinsights_skip_tracking":false,"_monsterinsights_sitenote_active":false,"_monsterinsights_sitenote_note":"","_monsterinsights_sitenote_category":0,"footnotes":""},"categories":[5],"tags":[],"class_list":["post-53577","post","type-post","status-publish","format-standard","has-post-thumbnail","hentry","category-san-luis-potosi"],"_links":{"self":[{"href":"https:\/\/informebajio.com.mx\/index.php?rest_route=\/wp\/v2\/posts\/53577","targetHints":{"allow":["GET"]}}],"collection":[{"href":"https:\/\/informebajio.com.mx\/index.php?rest_route=\/wp\/v2\/posts"}],"about":[{"href":"https:\/\/informebajio.com.mx\/index.php?rest_route=\/wp\/v2\/types\/post"}],"author":[{"embeddable":true,"href":"https:\/\/informebajio.com.mx\/index.php?rest_route=\/wp\/v2\/users\/2"}],"replies":[{"embeddable":true,"href":"https:\/\/informebajio.com.mx\/index.php?rest_route=%2Fwp%2Fv2%2Fcomments&post=53577"}],"version-history":[{"count":0,"href":"https:\/\/informebajio.com.mx\/index.php?rest_route=\/wp\/v2\/posts\/53577\/revisions"}],"wp:featuredmedia":[{"embeddable":true,"href":"https:\/\/informebajio.com.mx\/index.php?rest_route=\/wp\/v2\/media\/53578"}],"wp:attachment":[{"href":"https:\/\/informebajio.com.mx\/index.php?rest_route=%2Fwp%2Fv2%2Fmedia&parent=53577"}],"wp:term":[{"taxonomy":"category","embeddable":true,"href":"https:\/\/informebajio.com.mx\/index.php?rest_route=%2Fwp%2Fv2%2Fcategories&post=53577"},{"taxonomy":"post_tag","embeddable":true,"href":"https:\/\/informebajio.com.mx\/index.php?rest_route=%2Fwp%2Fv2%2Ftags&post=53577"}],"curies":[{"name":"wp","href":"https:\/\/api.w.org\/{rel}","templated":true}]}}