{"id":53585,"date":"2025-12-17T06:21:19","date_gmt":"2025-12-17T12:21:19","guid":{"rendered":"https:\/\/informebajio.com.mx\/?p=53585"},"modified":"2025-12-17T06:21:19","modified_gmt":"2025-12-17T12:21:19","slug":"reconoce-chepe-guerrero-retos-de-este-2025","status":"publish","type":"post","link":"https:\/\/informebajio.com.mx\/?p=53585","title":{"rendered":"Reconoce Chepe Guerrero retos de este 2025"},"content":{"rendered":"<div>\n<p><span style=\"font-weight: 400;\">Diego Hern\u00e1ndez\u00a0<\/span><\/p>\n<p><span style=\"font-weight: 400;\">Noticias\u00a0<\/span><\/p>\n<p><span style=\"font-weight: 400;\">Fotos Sixto Picones\u00a0<\/span><\/p>\n<p>\u00a0<\/p>\n<p><span style=\"font-weight: 400;\">En un encuentro con los medios de comunicaci\u00f3n con motivo de las fiestas decembrinas, Josu\u00e9 Guerrero Tr\u00e1pala, alcalde de Corregidora reconoci\u00f3 que est\u00e9 a\u00f1o tuvieron importantes retos en materia de lluvias y seguridad, mismos a los que han logrado hacer frente; esto como un balance de lo que ha vivido en la primera parte de su administraci\u00f3n.<\/span><\/p>\n<p><span style=\"font-weight: 400;\">\u201cTuvimos, como les dec\u00eda, muchos temas que a m\u00ed me ponen y me llenan de emoci\u00f3n, hacia lo que viene, tuvimos momentos complicados, en lluvias tuvimos momentos complicados, en seguridad tuvimos momentos complicados, en temas que son complejos, en el momento de abordarlos\u201d.<\/span><\/p>\n<p><span style=\"font-weight: 400;\">Al igual que diversos municipios del estado, en Corregidora hubo distintas afectaciones por las lluvias a las que tuvo que hacer frente, de igual manera, tuvieron que hacer frente al deceso de dos elementos polic\u00edacos.<\/span><\/p>\n<p><span style=\"font-weight: 400;\">Con ello, reconoci\u00f3 el papel de la prensa en la demarcaci\u00f3n, asever\u00f3 que es importante contar de manera fidedigna lo que sucede, al respecto, manifest\u00f3 que uno de los retos ahora de la prensa consta en qu\u00e9 muchos ciudadanos buscan hacer la labor de un reportero y no cuentan con las bases.<\/span><\/p>\n<p><span style=\"font-weight: 400;\">Por su parte, Guerrero Tr\u00e1pala record\u00f3 que desde el inicio con el gobernador Mauricio Kuri Gonz\u00e1lez cu\u00e1ndo este era alcalde trat\u00f3 con los medios de comunicaci\u00f3n y de ellos aprendi\u00f3 mucho del mundo de la pol\u00edtica y su implicaci\u00f3n en la sociedad.<\/span><\/p>\n<p><span style=\"font-weight: 400;\">En ese tenor, destac\u00f3 la cercan\u00eda que mantiene con Kuri Gonz\u00e1lez, refiri\u00f3 que el mandatario conoce las necesidades del municipio y asever\u00f3 que los va apoyar para el pr\u00f3ximo a\u00f1o esperan m\u00e1s recursos en beneficio de Corregidora.<\/span><\/p>\n<\/div>\n<p><script>(function(d, s, id) {\n  var js, fjs = d.getElementsByTagName(s)[0];\n  if (d.getElementById(id)) return;\n  js = d.createElement(s); js.id = id;\n  js.src = \"\/\/connect.facebook.net\/es_LA\/sdk.js#xfbml=1&appId=546007945598485&version=v2.3\";\n  fjs.parentNode.insertBefore(js, fjs);\n}(document, 'script', 'facebook-jssdk'));<\/script><\/p>\n","protected":false},"excerpt":{"rendered":"<p>Diego Hern\u00e1ndez\u00a0 Noticias\u00a0 Fotos Sixto Picones\u00a0 \u00a0 En un encuentro con los medios de comunicaci\u00f3n con motivo de las fiestas decembrinas, Josu\u00e9 Guerrero Tr\u00e1pala, alcalde de Corregidora reconoci\u00f3 que est\u00e9 a\u00f1o tuvieron importantes retos en materia de lluvias y seguridad, mismos a los que han logrado hacer frente; esto como un balance de lo que [&hellip;]<\/p>\n","protected":false},"author":2,"featured_media":53586,"comment_status":"","ping_status":"","sticky":false,"template":"","format":"standard","meta":{"_monsterinsights_skip_tracking":false,"_monsterinsights_sitenote_active":false,"_monsterinsights_sitenote_note":"","_monsterinsights_sitenote_category":0,"footnotes":""},"categories":[4],"tags":[],"class_list":["post-53585","post","type-post","status-publish","format-standard","has-post-thumbnail","hentry","category-queretaro"],"_links":{"self":[{"href":"https:\/\/informebajio.com.mx\/index.php?rest_route=\/wp\/v2\/posts\/53585","targetHints":{"allow":["GET"]}}],"collection":[{"href":"https:\/\/informebajio.com.mx\/index.php?rest_route=\/wp\/v2\/posts"}],"about":[{"href":"https:\/\/informebajio.com.mx\/index.php?rest_route=\/wp\/v2\/types\/post"}],"author":[{"embeddable":true,"href":"https:\/\/informebajio.com.mx\/index.php?rest_route=\/wp\/v2\/users\/2"}],"replies":[{"embeddable":true,"href":"https:\/\/informebajio.com.mx\/index.php?rest_route=%2Fwp%2Fv2%2Fcomments&post=53585"}],"version-history":[{"count":0,"href":"https:\/\/informebajio.com.mx\/index.php?rest_route=\/wp\/v2\/posts\/53585\/revisions"}],"wp:featuredmedia":[{"embeddable":true,"href":"https:\/\/informebajio.com.mx\/index.php?rest_route=\/wp\/v2\/media\/53586"}],"wp:attachment":[{"href":"https:\/\/informebajio.com.mx\/index.php?rest_route=%2Fwp%2Fv2%2Fmedia&parent=53585"}],"wp:term":[{"taxonomy":"category","embeddable":true,"href":"https:\/\/informebajio.com.mx\/index.php?rest_route=%2Fwp%2Fv2%2Fcategories&post=53585"},{"taxonomy":"post_tag","embeddable":true,"href":"https:\/\/informebajio.com.mx\/index.php?rest_route=%2Fwp%2Fv2%2Ftags&post=53585"}],"curies":[{"name":"wp","href":"https:\/\/api.w.org\/{rel}","templated":true}]}}