{"id":53587,"date":"2025-12-17T10:40:26","date_gmt":"2025-12-17T16:40:26","guid":{"rendered":"https:\/\/informebajio.com.mx\/?p=53587"},"modified":"2025-12-17T10:40:26","modified_gmt":"2025-12-17T16:40:26","slug":"el-incremento-al-salario-minimo-del-13-por-ciento-para-el-2026-representa-un-avance-significativo-para-las-y-los-trabajadores-con-menores-ingresos-en-el-pais","status":"publish","type":"post","link":"https:\/\/informebajio.com.mx\/?p=53587","title":{"rendered":"EL INCREMENTO AL SALARIO M\u00cdNIMO DEL 13 POR CIENTO PARA EL 2026, REPRESENTA UN AVANCE SIGNIFICATIVO PARA LAS Y LOS TRABAJADORES CON MENORES INGRESOS EN EL PA\u00cdS"},"content":{"rendered":"<div>\n<p>PESE A VOCES QUE ADVIERTEN POSIBLES EFECTOS INFLACIONARIOS, NO SE DETONAR\u00c1N ESTOS \u00cdNDICES: DIP. C\u00c9SAR ARTURO LARA ROCHA<\/p>\n<p>El diputado C\u00e9sar Arturo Lara Rocha dijo que la aprobaci\u00f3n del incremento al salario m\u00ednimo del 13 por ciento que acord\u00f3 la Comisi\u00f3n Nacional de los Salarios M\u00ednimos (CONASAMI) y que entrar\u00e1 en vigor a partir del primero de enero del pr\u00f3ximo a\u00f1o, genera una buena expectativa para el sector obrero que recibir\u00e1 un ajuste superior a lo previsto en el Plan Nacional de Desarrollo.<\/p>\n<p>Reconoci\u00f3 que la decisi\u00f3n de la CONASAMI sorprendi\u00f3 incluso a sectores productivos, pues se esperaba un incremento cercano al 12 por ciento y \u201crecibir m\u00e1s de lo que se esperaba, siempre es una buena noticia para los trabajadores\u201d.<\/p>\n<p>Destac\u00f3 que, pese a voces que advierten posibles efectos inflacionarios, la experiencia de los \u00faltimos siete a\u00f1os demuestra que los ingresos de los trabajadores han aumentado de forma considerable, sin que ello haya detonado una inflaci\u00f3n descontrolada. \u201cLa inflaci\u00f3n ha sido controlada, aun cuando los salarios han mejorado\u201d, indic\u00f3.<\/p>\n<figure class=\"wp-block-image aligncenter size-full is-resized\"><img fetchpriority=\"high\" decoding=\"async\" width=\"936\" height=\"648\" src=\"https:\/\/b559124.smushcdn.com\/559124\/wp-content\/uploads\/2025\/12\/1000107614.jpg?lossy=2&amp;strip=1&amp;webp=1\" alt=\"\" class=\"wp-image-211489\" style=\"width:665px;height:auto\" srcset=\"https:\/\/b559124.smushcdn.com\/559124\/wp-content\/uploads\/2025\/12\/1000107614.jpg?lossy=2&amp;strip=1&amp;webp=1 936w, https:\/\/b559124.smushcdn.com\/559124\/wp-content\/uploads\/2025\/12\/1000107614-600x415.jpg?lossy=2&amp;strip=1&amp;webp=1 600w, https:\/\/b559124.smushcdn.com\/559124\/wp-content\/uploads\/2025\/12\/1000107614.jpg?size=160x111&amp;lossy=2&amp;strip=1&amp;webp=1 160w, https:\/\/b559124.smushcdn.com\/559124\/wp-content\/uploads\/2025\/12\/1000107614.jpg?size=320x222&amp;lossy=2&amp;strip=1&amp;webp=1 320w, https:\/\/b559124.smushcdn.com\/559124\/wp-content\/uploads\/2025\/12\/1000107614.jpg?size=480x332&amp;lossy=2&amp;strip=1&amp;webp=1 480w, https:\/\/b559124.smushcdn.com\/559124\/wp-content\/uploads\/2025\/12\/1000107614.jpg?size=800x554&amp;lossy=2&amp;strip=1&amp;webp=1 800w\" sizes=\"(max-width: 936px) 100vw, 936px\"\/><\/figure>\n<p>El diputado Lara Rocha subray\u00f3 que el aumento impactar\u00e1 directamente en las revisiones de los contratos colectivos de trabajo programadas para 2026, debido a que el incremento del 13 por ciento obligar\u00e1 a ajustar hacia arriba el resto de las categor\u00edas salariales para mantener equilibrios internos. <\/p>\n<p>\u201cIncluso algunas industrias, deber\u00e1n revisar tabuladores que ya hab\u00edan sido pactados para ese a\u00f1o, pues quedaron rebasados con el nuevo monto\u201d, agreg\u00f3.<\/p>\n<p>El diputado C\u00e9sar Arturo Lara advirti\u00f3 que se deber\u00e1 poner especial atenci\u00f3n en las peque\u00f1as y medianas empresas, donde podr\u00eda presentarse alg\u00fan grado de afectaci\u00f3n por el aumento salarial y consider\u00f3 que, \u201ccon est\u00edmulos adecuados, acciones de ordenamiento y la creatividad conjunta de empleadores y trabajadores, se podr\u00e1n evitar impactos mayores\u201d.<\/p>\n<\/p><\/div>\n<p><\/p>\n","protected":false},"excerpt":{"rendered":"<p>PESE A VOCES QUE ADVIERTEN POSIBLES EFECTOS INFLACIONARIOS, NO SE DETONAR\u00c1N ESTOS \u00cdNDICES: DIP. C\u00c9SAR ARTURO LARA ROCHA El diputado C\u00e9sar Arturo Lara Rocha dijo que la aprobaci\u00f3n del incremento al salario m\u00ednimo del 13 por ciento que acord\u00f3 la Comisi\u00f3n Nacional de los Salarios M\u00ednimos (CONASAMI) y que entrar\u00e1 en vigor a partir del [&hellip;]<\/p>\n","protected":false},"author":2,"featured_media":53588,"comment_status":"","ping_status":"","sticky":false,"template":"","format":"standard","meta":{"_monsterinsights_skip_tracking":false,"_monsterinsights_sitenote_active":false,"_monsterinsights_sitenote_note":"","_monsterinsights_sitenote_category":0,"footnotes":""},"categories":[5],"tags":[],"class_list":["post-53587","post","type-post","status-publish","format-standard","has-post-thumbnail","hentry","category-san-luis-potosi"],"_links":{"self":[{"href":"https:\/\/informebajio.com.mx\/index.php?rest_route=\/wp\/v2\/posts\/53587","targetHints":{"allow":["GET"]}}],"collection":[{"href":"https:\/\/informebajio.com.mx\/index.php?rest_route=\/wp\/v2\/posts"}],"about":[{"href":"https:\/\/informebajio.com.mx\/index.php?rest_route=\/wp\/v2\/types\/post"}],"author":[{"embeddable":true,"href":"https:\/\/informebajio.com.mx\/index.php?rest_route=\/wp\/v2\/users\/2"}],"replies":[{"embeddable":true,"href":"https:\/\/informebajio.com.mx\/index.php?rest_route=%2Fwp%2Fv2%2Fcomments&post=53587"}],"version-history":[{"count":0,"href":"https:\/\/informebajio.com.mx\/index.php?rest_route=\/wp\/v2\/posts\/53587\/revisions"}],"wp:featuredmedia":[{"embeddable":true,"href":"https:\/\/informebajio.com.mx\/index.php?rest_route=\/wp\/v2\/media\/53588"}],"wp:attachment":[{"href":"https:\/\/informebajio.com.mx\/index.php?rest_route=%2Fwp%2Fv2%2Fmedia&parent=53587"}],"wp:term":[{"taxonomy":"category","embeddable":true,"href":"https:\/\/informebajio.com.mx\/index.php?rest_route=%2Fwp%2Fv2%2Fcategories&post=53587"},{"taxonomy":"post_tag","embeddable":true,"href":"https:\/\/informebajio.com.mx\/index.php?rest_route=%2Fwp%2Fv2%2Ftags&post=53587"}],"curies":[{"name":"wp","href":"https:\/\/api.w.org\/{rel}","templated":true}]}}