{"id":53595,"date":"2025-12-17T21:26:18","date_gmt":"2025-12-18T03:26:18","guid":{"rendered":"https:\/\/informebajio.com.mx\/?p=53595"},"modified":"2025-12-17T21:26:18","modified_gmt":"2025-12-18T03:26:18","slug":"regresa-el-tri","status":"publish","type":"post","link":"https:\/\/informebajio.com.mx\/?p=53595","title":{"rendered":"Regresa el Tri"},"content":{"rendered":"<div>\n<h2><b>La Selecci\u00f3n Mexicana jugar\u00e1 contra Islandia el pr\u00f3ximo 25 de febrero en el Estadio Corregidora<\/b><\/h2>\n<p><b>Por V\u00edctor Terr\u00f3n<\/b><\/p>\n<p><b>Fotos Sixto Picones<\/b><\/p>\n<p><b>Noticias<\/b><\/p>\n<p><span style=\"font-weight: 400;\">La Selecci\u00f3n Mexicana confirm\u00f3 que el pr\u00f3ximo 25 de febrero a las 20:00 horas disputar\u00e1 un partido amistoso contra la Selecci\u00f3n de Islandia en el Estadio Corregidora, encuentro que servir\u00e1 de preparaci\u00f3n a los dirigidos por Javier Aguirre de cara a la Copa del Mundo de 2026.<\/span><\/p>\n<p><span style=\"font-weight: 400;\">La cancha del Coloso del Cimatario fue el escenario de la presentaci\u00f3n oficial de este encuentro, la cual fue encabezada por Ivar Sisniega, presidente de la Federaci\u00f3n Mexicana de Futbol, y Duilio Davino, director de selecciones nacionales, quienes hicieron hincapi\u00e9 en la relevancia de este juego.<\/span><\/p>\n<p><span style=\"font-weight: 400;\">\u201cSer\u00e1 un partido important\u00edsimo de preparaci\u00f3n rumbo a la Copa del Mundo del a\u00f1o pr\u00f3ximo. Lo que nos pidi\u00f3 Javier Aguirre es que tuvi\u00e9ramos una serie de compromisos que reten a los jugadores y le permitan definir a los jugadores convocados a la Copa del Mundo, someterlos a dificultades, a condiciones adversas y salir de la zona de confort\u201d, explic\u00f3 Sisniega.<\/span><\/p>\n<p><span style=\"font-weight: 400;\">Adem\u00e1s del compromiso en Quer\u00e9taro, el presidente de la Femexfut adelant\u00f3 que en enero se disputar\u00e1n otro par de encuentros amistosos, el 22 en contra de la Selecci\u00f3n de Panam\u00e1 en la capital \u2018canalera\u2019, y el 25 frente a Bolivia en la ciudad de Santa Cruz de la Sierra; sin embargo, al no ser fecha FIFA las convocatorias de los 3 partidos ser\u00e1n exclusivamente con elementos de la Liga MX.<\/span><\/p>\n<p><span style=\"font-weight: 400;\">\u201cSabemos que no es fecha FIFA, sabemos que no vienen los jugadores de Europa, eso les da la posibilidad a los jugadores de nuestra Liga de poder jugar, de tener minutos, de mostrarse y que Javier (Aguirre) pueda ir definiendo la lista final\u201d, indic\u00f3 al respecto, Duilio Davino.<\/span><\/p>\n<p><span style=\"font-weight: 400;\">Los boletos para el partido en el Estadio Corregidora saldr\u00e1n a la venta en el mes de enero, recordando que esta ser\u00e1 la d\u00e9cima ocasi\u00f3n que la Selecci\u00f3n Mexicana juegue en este inmueble y que la vez m\u00e1s reciente fue el 16 de octubre del 2018, cuando cay\u00f3 0-1 contra Chile.<\/span><\/p>\n<p><span style=\"font-weight: 400;\">Del mismo modo, se confirm\u00f3 que previo al Mundial y luego de enfrentar a Portugal y B\u00e9lgica a finales de marzo, M\u00e9xico tendr\u00eda 3 partidos de preparaci\u00f3n, dos en territorio nacional y uno m\u00e1s en los Estados Unidos.<\/span><\/p>\n<p><span style=\"font-weight: 400;\">La presentaci\u00f3n del partido tambi\u00e9n cont\u00f3 con la presencia de Mauricio Kuri, gobernador del estado; Felifer Mac\u00edas, alcalde capitalino; Lynda Rangel, oficial mayor del estado; y Marc Spiegel, propietario de Gallos Blancos, quienes fueron piezas fundamentales en el regreso del Tri a Quer\u00e9taro, adem\u00e1s de augurar un gran Mundial para M\u00e9xico.<\/span><\/p>\n<\/div>\n<p><script>(function(d, s, id) {\n  var js, fjs = d.getElementsByTagName(s)[0];\n  if (d.getElementById(id)) return;\n  js = d.createElement(s); js.id = id;\n  js.src = \"\/\/connect.facebook.net\/es_LA\/sdk.js#xfbml=1&appId=546007945598485&version=v2.3\";\n  fjs.parentNode.insertBefore(js, fjs);\n}(document, 'script', 'facebook-jssdk'));<\/script><\/p>\n","protected":false},"excerpt":{"rendered":"<p>La Selecci\u00f3n Mexicana jugar\u00e1 contra Islandia el pr\u00f3ximo 25 de febrero en el Estadio Corregidora Por V\u00edctor Terr\u00f3n Fotos Sixto Picones Noticias La Selecci\u00f3n Mexicana confirm\u00f3 que el pr\u00f3ximo 25 de febrero a las 20:00 horas disputar\u00e1 un partido amistoso contra la Selecci\u00f3n de Islandia en el Estadio Corregidora, encuentro que servir\u00e1 de preparaci\u00f3n a [&hellip;]<\/p>\n","protected":false},"author":2,"featured_media":53596,"comment_status":"","ping_status":"","sticky":false,"template":"","format":"standard","meta":{"_monsterinsights_skip_tracking":false,"_monsterinsights_sitenote_active":false,"_monsterinsights_sitenote_note":"","_monsterinsights_sitenote_category":0,"footnotes":""},"categories":[4],"tags":[],"class_list":["post-53595","post","type-post","status-publish","format-standard","has-post-thumbnail","hentry","category-queretaro"],"_links":{"self":[{"href":"https:\/\/informebajio.com.mx\/index.php?rest_route=\/wp\/v2\/posts\/53595","targetHints":{"allow":["GET"]}}],"collection":[{"href":"https:\/\/informebajio.com.mx\/index.php?rest_route=\/wp\/v2\/posts"}],"about":[{"href":"https:\/\/informebajio.com.mx\/index.php?rest_route=\/wp\/v2\/types\/post"}],"author":[{"embeddable":true,"href":"https:\/\/informebajio.com.mx\/index.php?rest_route=\/wp\/v2\/users\/2"}],"replies":[{"embeddable":true,"href":"https:\/\/informebajio.com.mx\/index.php?rest_route=%2Fwp%2Fv2%2Fcomments&post=53595"}],"version-history":[{"count":0,"href":"https:\/\/informebajio.com.mx\/index.php?rest_route=\/wp\/v2\/posts\/53595\/revisions"}],"wp:featuredmedia":[{"embeddable":true,"href":"https:\/\/informebajio.com.mx\/index.php?rest_route=\/wp\/v2\/media\/53596"}],"wp:attachment":[{"href":"https:\/\/informebajio.com.mx\/index.php?rest_route=%2Fwp%2Fv2%2Fmedia&parent=53595"}],"wp:term":[{"taxonomy":"category","embeddable":true,"href":"https:\/\/informebajio.com.mx\/index.php?rest_route=%2Fwp%2Fv2%2Fcategories&post=53595"},{"taxonomy":"post_tag","embeddable":true,"href":"https:\/\/informebajio.com.mx\/index.php?rest_route=%2Fwp%2Fv2%2Ftags&post=53595"}],"curies":[{"name":"wp","href":"https:\/\/api.w.org\/{rel}","templated":true}]}}