{"id":53613,"date":"2025-12-18T17:28:54","date_gmt":"2025-12-18T23:28:54","guid":{"rendered":"https:\/\/informebajio.com.mx\/?p=53613"},"modified":"2025-12-18T17:28:54","modified_gmt":"2025-12-18T23:28:54","slug":"son-dias-de-celebrar-en-familia-agustin-dorantes","status":"publish","type":"post","link":"https:\/\/informebajio.com.mx\/?p=53613","title":{"rendered":"Son d\u00edas de celebrar en familia: Agust\u00edn Dorantes"},"content":{"rendered":"<div>\n<p><span style=\"font-weight: 400;\">Noticias<\/span><\/p>\n<p><span style=\"font-weight: 400;\">El Senador Agust\u00edn Dorantes L\u00e1mbarri, junto con el presidente del Comit\u00e9 Directivo Estatal del PAN, Mart\u00edn Arango Garc\u00eda, encabez\u00f3 la tradicional Posada que organiz\u00f3 el Comit\u00e9 Municipal del PAN en Corregidora, a cargo de su presidenta, Laura Morales Lira.<\/span><\/p>\n<p><span style=\"font-weight: 400;\">Agust\u00edn Dorantes dese\u00f3 que la familia panista, al igual que todas las familias de Quer\u00e9taro, pasen unas fiestas navide\u00f1as y de fin de a\u00f1o en uni\u00f3n y armon\u00eda, y coincidi\u00f3 con el Presidente del PAN en cuanto a que el 2026 sea un buen a\u00f1o, de prosperidad, y de mucho trabajo para defender Quer\u00e9taro en favor de la calidad de vida de todos sus habitantes.<\/span><\/p>\n<\/div>\n<p><script>(function(d, s, id) {\n  var js, fjs = d.getElementsByTagName(s)[0];\n  if (d.getElementById(id)) return;\n  js = d.createElement(s); js.id = id;\n  js.src = \"\/\/connect.facebook.net\/es_LA\/sdk.js#xfbml=1&appId=546007945598485&version=v2.3\";\n  fjs.parentNode.insertBefore(js, fjs);\n}(document, 'script', 'facebook-jssdk'));<\/script><\/p>\n","protected":false},"excerpt":{"rendered":"<p>Noticias El Senador Agust\u00edn Dorantes L\u00e1mbarri, junto con el presidente del Comit\u00e9 Directivo Estatal del PAN, Mart\u00edn Arango Garc\u00eda, encabez\u00f3 la tradicional Posada que organiz\u00f3 el Comit\u00e9 Municipal del PAN en Corregidora, a cargo de su presidenta, Laura Morales Lira. Agust\u00edn Dorantes dese\u00f3 que la familia panista, al igual que todas las familias de Quer\u00e9taro, [&hellip;]<\/p>\n","protected":false},"author":2,"featured_media":53614,"comment_status":"","ping_status":"","sticky":false,"template":"","format":"standard","meta":{"_monsterinsights_skip_tracking":false,"_monsterinsights_sitenote_active":false,"_monsterinsights_sitenote_note":"","_monsterinsights_sitenote_category":0,"footnotes":""},"categories":[4],"tags":[],"class_list":["post-53613","post","type-post","status-publish","format-standard","has-post-thumbnail","hentry","category-queretaro"],"_links":{"self":[{"href":"https:\/\/informebajio.com.mx\/index.php?rest_route=\/wp\/v2\/posts\/53613","targetHints":{"allow":["GET"]}}],"collection":[{"href":"https:\/\/informebajio.com.mx\/index.php?rest_route=\/wp\/v2\/posts"}],"about":[{"href":"https:\/\/informebajio.com.mx\/index.php?rest_route=\/wp\/v2\/types\/post"}],"author":[{"embeddable":true,"href":"https:\/\/informebajio.com.mx\/index.php?rest_route=\/wp\/v2\/users\/2"}],"replies":[{"embeddable":true,"href":"https:\/\/informebajio.com.mx\/index.php?rest_route=%2Fwp%2Fv2%2Fcomments&post=53613"}],"version-history":[{"count":0,"href":"https:\/\/informebajio.com.mx\/index.php?rest_route=\/wp\/v2\/posts\/53613\/revisions"}],"wp:featuredmedia":[{"embeddable":true,"href":"https:\/\/informebajio.com.mx\/index.php?rest_route=\/wp\/v2\/media\/53614"}],"wp:attachment":[{"href":"https:\/\/informebajio.com.mx\/index.php?rest_route=%2Fwp%2Fv2%2Fmedia&parent=53613"}],"wp:term":[{"taxonomy":"category","embeddable":true,"href":"https:\/\/informebajio.com.mx\/index.php?rest_route=%2Fwp%2Fv2%2Fcategories&post=53613"},{"taxonomy":"post_tag","embeddable":true,"href":"https:\/\/informebajio.com.mx\/index.php?rest_route=%2Fwp%2Fv2%2Ftags&post=53613"}],"curies":[{"name":"wp","href":"https:\/\/api.w.org\/{rel}","templated":true}]}}