{"id":53617,"date":"2025-12-19T02:46:23","date_gmt":"2025-12-19T08:46:23","guid":{"rendered":"https:\/\/informebajio.com.mx\/?p=53617"},"modified":"2025-12-19T02:46:23","modified_gmt":"2025-12-19T08:46:23","slug":"congreso-del-estado-aprobo-reforma-constitucional-en-materia-de-derechos-de-pueblos-y-comunidades-indigenas-y-afromexicanas","status":"publish","type":"post","link":"https:\/\/informebajio.com.mx\/?p=53617","title":{"rendered":"CONGRESO DEL ESTADO APROB\u00d3 REFORMA CONSTITUCIONAL EN MATERIA DE DERECHOS DE PUEBLOS Y COMUNIDADES IND\u00cdGENAS Y AFROMEXICANAS"},"content":{"rendered":"<div>\n<p>SE RESPONDE A UNA DEUDA HIST\u00d3RICA CON LOS PUEBLOS IND\u00cdGENAS Y AFROMEXICANOS: DIP. ROBERTO GARC\u00cdA CASTILLO.<\/p>\n<p>A iniciativa del diputado Roberto Garc\u00eda Castillo, el pleno del Congreso del Estado aprob\u00f3 la reforma al art\u00edculo noveno de la Constituci\u00f3n Pol\u00edtica del Estado de San Luis Potos\u00ed, en materia de derechos de los pueblos y comunidades ind\u00edgenas y afromexicanas.<\/p>\n<p>El legislador subray\u00f3 que esta reforma no es un acto simb\u00f3lico, sino el cumplimiento de una obligaci\u00f3n constitucional derivada de la reciente reforma al art\u00edculo 2\u00b0 de la Constituci\u00f3n Pol\u00edtica de los Estados Unidos Mexicanos, que reconoce a los pueblos originarios como sujetos de derecho p\u00fablico, con identidad, autonom\u00eda y derechos colectivos.<\/p>\n<p>Garc\u00eda Castillo se\u00f1al\u00f3 que con esta reforma, se responde a una deuda hist\u00f3rica del Estado mexicano y del Estado potosino con los pueblos ind\u00edgenas y afromexicanos, quienes por siglos han sido reconocidos en el discurso, pero excluidos en los hechos. <\/p>\n<p>\u201cHoy damos un paso firme para cambiar esa realidad y avanzar hacia un marco jur\u00eddico que garantice justicia, inclusi\u00f3n y dignidad\u201d, afirm\u00f3.<\/p>\n<p>Esta reforma contempla el permitir desarrollar, practicar, fortalecer, y promover la medicina tradicional, as\u00ed como la parter\u00eda para la atenci\u00f3n del embarazo, parto y puerperio. Asimismo, el derecho de las personas pertenecientes a los pueblos y comunidades ind\u00edgenas y afromexicanas, a ser asistidas y asesoradas por personas int\u00e9rpretes, traductoras, defensoras y peritas especializadas en materia de derechos ind\u00edgenas, pluralismo jur\u00eddico, perspectiva de g\u00e9nero, y diversidad cultural y ling\u00fc\u00edstica.<\/p>\n<figure class=\"wp-block-image aligncenter size-full is-resized\"><img fetchpriority=\"high\" decoding=\"async\" width=\"936\" height=\"648\" src=\"https:\/\/b559124.smushcdn.com\/559124\/wp-content\/uploads\/2025\/12\/1000107698.jpg?lossy=2&amp;strip=1&amp;webp=1\" alt=\"\" class=\"wp-image-211542\" style=\"width:668px;height:auto\" srcset=\"https:\/\/b559124.smushcdn.com\/559124\/wp-content\/uploads\/2025\/12\/1000107698.jpg?lossy=2&amp;strip=1&amp;webp=1 936w, https:\/\/b559124.smushcdn.com\/559124\/wp-content\/uploads\/2025\/12\/1000107698-600x415.jpg?lossy=2&amp;strip=1&amp;webp=1 600w, https:\/\/b559124.smushcdn.com\/559124\/wp-content\/uploads\/2025\/12\/1000107698.jpg?size=160x111&amp;lossy=2&amp;strip=1&amp;webp=1 160w, https:\/\/b559124.smushcdn.com\/559124\/wp-content\/uploads\/2025\/12\/1000107698.jpg?size=320x222&amp;lossy=2&amp;strip=1&amp;webp=1 320w, https:\/\/b559124.smushcdn.com\/559124\/wp-content\/uploads\/2025\/12\/1000107698.jpg?size=480x332&amp;lossy=2&amp;strip=1&amp;webp=1 480w, https:\/\/b559124.smushcdn.com\/559124\/wp-content\/uploads\/2025\/12\/1000107698.jpg?size=800x554&amp;lossy=2&amp;strip=1&amp;webp=1 800w\" sizes=\"(max-width: 936px) 100vw, 936px\"\/><\/figure>\n<p>Tambi\u00e9n, el ejercer su derecho al desarrollo integral, con base en sus formas de organizaci\u00f3n econ\u00f3mica, social y cultural, con respeto a la integridad del medio ambiente y recursos naturales.<\/p>\n<p>Se introduce su derecho a la promoci\u00f3n, reconocimiento y protecci\u00f3n de sus conocimientos, aportes y atribuciones a la historia nacional y a la diversidad cultural de la naci\u00f3n, en las modalidades y niveles del Sistema Educativo Nacional y ser incluidos en la producci\u00f3n y registros de datos, informaci\u00f3n, estad\u00edsticas, censos y encuestas oficiales, para lo cual, las instituciones competentes establecer\u00e1n los procedimientos, m\u00e9todos y criterios respecto a su identidad y auto adscripci\u00f3n. <\/p>\n<p>Asimismo, se reconoce y asegura el derecho de las mujeres ind\u00edgenas y afromexicanas a participar de manera efectiva y en condiciones de igualdad en los procesos de desarrollo integral de sus pueblos y comunidades, en la toma de decisiones de car\u00e1cter p\u00fablico, en la promoci\u00f3n y respeto de sus derechos de acceso a la educaci\u00f3n, a la salud, a la propiedad y a la posesi\u00f3n de sus tierras y dem\u00e1s derechos humanos.<\/p>\n<p>Se reconoce y garantizar el derecho de la ni\u00f1ez, adolescencia y juventud ind\u00edgenas y afromexicanas a una atenci\u00f3n adecuada, en sus propias lenguas, para hacer efectivo el conocimiento y ejercicio pleno de sus derechos de acceso a la educaci\u00f3n, a la salud, a las tecnolog\u00edas, al arte, la cultura, el deporte, y la capacitaci\u00f3n para el trabajo, y se garantiza una vida libre de exclusi\u00f3n, discriminaci\u00f3n y violencia, en especial de violencia sexual y de g\u00e9nero.<\/p>\n<\/p><\/div>\n<p><\/p>\n","protected":false},"excerpt":{"rendered":"<p>SE RESPONDE A UNA DEUDA HIST\u00d3RICA CON LOS PUEBLOS IND\u00cdGENAS Y AFROMEXICANOS: DIP. ROBERTO GARC\u00cdA CASTILLO. A iniciativa del diputado Roberto Garc\u00eda Castillo, el pleno del Congreso del Estado aprob\u00f3 la reforma al art\u00edculo noveno de la Constituci\u00f3n Pol\u00edtica del Estado de San Luis Potos\u00ed, en materia de derechos de los pueblos y comunidades ind\u00edgenas [&hellip;]<\/p>\n","protected":false},"author":2,"featured_media":53618,"comment_status":"","ping_status":"","sticky":false,"template":"","format":"standard","meta":{"_monsterinsights_skip_tracking":false,"_monsterinsights_sitenote_active":false,"_monsterinsights_sitenote_note":"","_monsterinsights_sitenote_category":0,"footnotes":""},"categories":[5],"tags":[],"class_list":["post-53617","post","type-post","status-publish","format-standard","has-post-thumbnail","hentry","category-san-luis-potosi"],"_links":{"self":[{"href":"https:\/\/informebajio.com.mx\/index.php?rest_route=\/wp\/v2\/posts\/53617","targetHints":{"allow":["GET"]}}],"collection":[{"href":"https:\/\/informebajio.com.mx\/index.php?rest_route=\/wp\/v2\/posts"}],"about":[{"href":"https:\/\/informebajio.com.mx\/index.php?rest_route=\/wp\/v2\/types\/post"}],"author":[{"embeddable":true,"href":"https:\/\/informebajio.com.mx\/index.php?rest_route=\/wp\/v2\/users\/2"}],"replies":[{"embeddable":true,"href":"https:\/\/informebajio.com.mx\/index.php?rest_route=%2Fwp%2Fv2%2Fcomments&post=53617"}],"version-history":[{"count":0,"href":"https:\/\/informebajio.com.mx\/index.php?rest_route=\/wp\/v2\/posts\/53617\/revisions"}],"wp:featuredmedia":[{"embeddable":true,"href":"https:\/\/informebajio.com.mx\/index.php?rest_route=\/wp\/v2\/media\/53618"}],"wp:attachment":[{"href":"https:\/\/informebajio.com.mx\/index.php?rest_route=%2Fwp%2Fv2%2Fmedia&parent=53617"}],"wp:term":[{"taxonomy":"category","embeddable":true,"href":"https:\/\/informebajio.com.mx\/index.php?rest_route=%2Fwp%2Fv2%2Fcategories&post=53617"},{"taxonomy":"post_tag","embeddable":true,"href":"https:\/\/informebajio.com.mx\/index.php?rest_route=%2Fwp%2Fv2%2Ftags&post=53617"}],"curies":[{"name":"wp","href":"https:\/\/api.w.org\/{rel}","templated":true}]}}