{"id":53625,"date":"2025-12-19T13:34:12","date_gmt":"2025-12-19T19:34:12","guid":{"rendered":"https:\/\/informebajio.com.mx\/?p=53625"},"modified":"2025-12-19T13:34:12","modified_gmt":"2025-12-19T19:34:12","slug":"iniciara-gobierno-periodo-vacacional-del-22-de-diciembre-al-7-de-enero","status":"publish","type":"post","link":"https:\/\/informebajio.com.mx\/?p=53625","title":{"rendered":"Iniciar\u00e1 gobierno periodo vacacional del 22 de diciembre al 7 de enero"},"content":{"rendered":"<div>\n<p><span style=\"font-weight: 400;\">Nayeli Hern\u00e1ndez\u00a0<\/span><\/p>\n<p><span style=\"font-weight: 400;\">Noticias\u00a0<\/span><\/p>\n<p>\u00a0<\/p>\n<p><span style=\"font-weight: 400;\">El Gobierno del Estado de Quer\u00e9taro iniciar\u00e1 su periodo vacacional de fin de a\u00f1o del 22 de diciembre al 7 de enero, inform\u00f3 la oficial mayor, Linda Luna Rangel, quien precis\u00f3 que, aunque la mayor\u00eda del personal suspender\u00e1 actividades, se mantendr\u00e1n guardias para no afectar la operatividad gubernamental.<\/span><\/p>\n<p><span style=\"font-weight: 400;\">La funcionaria detall\u00f3 que alrededor de cinco mil trabajadores dependen de la Oficial\u00eda Mayor, de los cuales cerca del 80 por ciento tomar\u00e1 vacaciones en ese lapso.\u00a0<\/span><\/p>\n<p><span style=\"font-weight: 400;\">No obstante, cada dependencia dejar\u00e1 personal de guardia, equivalente a entre el 10 y el 15 por ciento de su plantilla, para atender asuntos prioritarios.<\/span><\/p>\n<p><span style=\"font-weight: 400;\">\u201cNos vamos desde el 22 de diciembre y regresamos el 7 de enero. Nos vamos la mayor\u00eda; realmente se quedan las \u00e1reas operativas, seguridad p\u00fablica y todas las dependencias dejan sus guardias como tal\u201d, explic\u00f3.<\/span><\/p>\n<p><span style=\"font-weight: 400;\">Indic\u00f3 que este viernes ser\u00e1 el \u00faltimo d\u00eda laboral para la mayor\u00eda de los trabajadores de la administraci\u00f3n estatal, previo al inicio formal del periodo vacacional.\u00a0<\/span><\/p>\n<p><span style=\"font-weight: 400;\">A\u00f1adi\u00f3 que, pese a la suspensi\u00f3n de actividades administrativas, no se perder\u00e1 la operatividad en las dependencias, aunque s\u00ed se contemplan paros generales los d\u00edas 25 de diciembre y 1 de enero.<\/span><\/p>\n<p><span style=\"font-weight: 400;\">En el caso de las \u00e1reas operativas, como Seguridad Ciudadana, Protecci\u00f3n Civil y la Secretar\u00eda de Salud, las labores continuar\u00e1n con normalidad durante toda la temporada decembrina, a fin de garantizar la atenci\u00f3n a la poblaci\u00f3n y la respuesta ante cualquier eventualidad.<\/span><\/p>\n<\/div>\n<p><script>(function(d, s, id) {\n  var js, fjs = d.getElementsByTagName(s)[0];\n  if (d.getElementById(id)) return;\n  js = d.createElement(s); js.id = id;\n  js.src = \"\/\/connect.facebook.net\/es_LA\/sdk.js#xfbml=1&appId=546007945598485&version=v2.3\";\n  fjs.parentNode.insertBefore(js, fjs);\n}(document, 'script', 'facebook-jssdk'));<\/script><\/p>\n","protected":false},"excerpt":{"rendered":"<p>Nayeli Hern\u00e1ndez\u00a0 Noticias\u00a0 \u00a0 El Gobierno del Estado de Quer\u00e9taro iniciar\u00e1 su periodo vacacional de fin de a\u00f1o del 22 de diciembre al 7 de enero, inform\u00f3 la oficial mayor, Linda Luna Rangel, quien precis\u00f3 que, aunque la mayor\u00eda del personal suspender\u00e1 actividades, se mantendr\u00e1n guardias para no afectar la operatividad gubernamental. La funcionaria detall\u00f3 [&hellip;]<\/p>\n","protected":false},"author":2,"featured_media":53626,"comment_status":"","ping_status":"","sticky":false,"template":"","format":"standard","meta":{"_monsterinsights_skip_tracking":false,"_monsterinsights_sitenote_active":false,"_monsterinsights_sitenote_note":"","_monsterinsights_sitenote_category":0,"footnotes":""},"categories":[4],"tags":[],"class_list":["post-53625","post","type-post","status-publish","format-standard","has-post-thumbnail","hentry","category-queretaro"],"_links":{"self":[{"href":"https:\/\/informebajio.com.mx\/index.php?rest_route=\/wp\/v2\/posts\/53625","targetHints":{"allow":["GET"]}}],"collection":[{"href":"https:\/\/informebajio.com.mx\/index.php?rest_route=\/wp\/v2\/posts"}],"about":[{"href":"https:\/\/informebajio.com.mx\/index.php?rest_route=\/wp\/v2\/types\/post"}],"author":[{"embeddable":true,"href":"https:\/\/informebajio.com.mx\/index.php?rest_route=\/wp\/v2\/users\/2"}],"replies":[{"embeddable":true,"href":"https:\/\/informebajio.com.mx\/index.php?rest_route=%2Fwp%2Fv2%2Fcomments&post=53625"}],"version-history":[{"count":0,"href":"https:\/\/informebajio.com.mx\/index.php?rest_route=\/wp\/v2\/posts\/53625\/revisions"}],"wp:featuredmedia":[{"embeddable":true,"href":"https:\/\/informebajio.com.mx\/index.php?rest_route=\/wp\/v2\/media\/53626"}],"wp:attachment":[{"href":"https:\/\/informebajio.com.mx\/index.php?rest_route=%2Fwp%2Fv2%2Fmedia&parent=53625"}],"wp:term":[{"taxonomy":"category","embeddable":true,"href":"https:\/\/informebajio.com.mx\/index.php?rest_route=%2Fwp%2Fv2%2Fcategories&post=53625"},{"taxonomy":"post_tag","embeddable":true,"href":"https:\/\/informebajio.com.mx\/index.php?rest_route=%2Fwp%2Fv2%2Ftags&post=53625"}],"curies":[{"name":"wp","href":"https:\/\/api.w.org\/{rel}","templated":true}]}}