{"id":53635,"date":"2025-12-20T04:38:14","date_gmt":"2025-12-20T10:38:14","guid":{"rendered":"https:\/\/informebajio.com.mx\/?p=53635"},"modified":"2025-12-20T04:38:14","modified_gmt":"2025-12-20T10:38:14","slug":"celebra-dif-estatal-la-fiesta-de-navidad-en-los-cai","status":"publish","type":"post","link":"https:\/\/informebajio.com.mx\/?p=53635","title":{"rendered":"Celebra DIF Estatal la Fiesta de Navidad en los CAI"},"content":{"rendered":"<div>\n<p><span style=\"font-weight: 400;\">Noticias<\/span><\/p>\n<p>\u00a0<\/p>\n<p><span style=\"font-weight: 400;\">Con la finalidad de motivar las habilidades motrices, practicar el idioma ingl\u00e9s y compartir el esp\u00edritu decembrino en las y los ni\u00f1os, el director de Rehabilitaci\u00f3n y Asistencia Social del Sistema Estatal DIF, Francisco Res\u00e9ndiz L\u00f3pez, presidi\u00f3 la Fiesta de Navidad que se desarroll\u00f3 en los Centros de Atenci\u00f3n Infantil 1 y 2.<\/span><\/p>\n<p><span style=\"font-weight: 400;\">Res\u00e9ndiz L\u00f3pez dese\u00f3 felices fiestas a las familias, y las invit\u00f3 a presenciar el Festival Alegr\u00eda Contigo que recorrer\u00e1 la avenida Constituyentes del municipio de Quer\u00e9taro, el pr\u00f3ximo 21 de diciembre, iniciando a las 19:00 horas en Ej\u00e9rcito Republicano a la altura de Plaza de las Am\u00e9ricas.<\/span><\/p>\n<p><span style=\"font-weight: 400;\">\u201cEstoy muy contento de estar con ustedes, sus hijos son los actores principales de este festival, se han esforzado mucho por aprenderse las coreograf\u00edas y ah\u00ed, se ve el reflejo del trabajo de cada una de sus maestras; gracias pap\u00e1s por estar aqu\u00ed y acompa\u00f1arnos\u201d, dijo.\u00a0<\/span><\/p>\n<p><span style=\"font-weight: 400;\">La coordinadora de los Centros de Atenci\u00f3n Infantil 1 y 2, Laura Elena Paniagua Garc\u00eda, felicit\u00f3 a las maestras, personal operativo y administrativo, as\u00ed como a los padres de familia por el esfuerzo brindado este a\u00f1o que termina; y mencion\u00f3 que las actividades del CAI se reanudar\u00e1n el pr\u00f3ximo 12 de enero 2026.<\/span><\/p>\n<p><span style=\"font-weight: 400;\">Cabe mencionar que las y los ni\u00f1os se vistieron con atuendos alusivos a la Navidad para presentar su espect\u00e1culo musical, donde bailaron y cantaron melod\u00edas como Jingle Bells, Sleigh Ride, Deck the Halls, All I Want, y Santa\u00b4s Coming to Town y Underneath the Tree, entre otros.<\/span><\/p>\n<p><img fetchpriority=\"high\" decoding=\"async\" class=\"alignnone size-medium wp-image-708311\" src=\"https:\/\/cdn.noticiasdequeretaro.com.mx\/wp-content\/uploads\/2025\/12\/19054505\/Celebra-DIF-Estatal-la-Fiesta-de-Navidad-en-los-CAI1-600x391.jpg\" alt=\"\" width=\"600\" height=\"391\" srcset=\"https:\/\/cdn.noticiasdequeretaro.com.mx\/wp-content\/uploads\/2025\/12\/19054505\/Celebra-DIF-Estatal-la-Fiesta-de-Navidad-en-los-CAI1-600x391.jpg 600w, https:\/\/cdn.noticiasdequeretaro.com.mx\/wp-content\/uploads\/2025\/12\/19054505\/Celebra-DIF-Estatal-la-Fiesta-de-Navidad-en-los-CAI1-300x196.jpg 300w, https:\/\/cdn.noticiasdequeretaro.com.mx\/wp-content\/uploads\/2025\/12\/19054505\/Celebra-DIF-Estatal-la-Fiesta-de-Navidad-en-los-CAI1.jpg 767w\" sizes=\"(max-width: 600px) 100vw, 600px\"\/><\/p>\n<\/div>\n<p><script>(function(d, s, id) {\n  var js, fjs = d.getElementsByTagName(s)[0];\n  if (d.getElementById(id)) return;\n  js = d.createElement(s); js.id = id;\n  js.src = \"\/\/connect.facebook.net\/es_LA\/sdk.js#xfbml=1&appId=546007945598485&version=v2.3\";\n  fjs.parentNode.insertBefore(js, fjs);\n}(document, 'script', 'facebook-jssdk'));<\/script><\/p>\n","protected":false},"excerpt":{"rendered":"<p>Noticias \u00a0 Con la finalidad de motivar las habilidades motrices, practicar el idioma ingl\u00e9s y compartir el esp\u00edritu decembrino en las y los ni\u00f1os, el director de Rehabilitaci\u00f3n y Asistencia Social del Sistema Estatal DIF, Francisco Res\u00e9ndiz L\u00f3pez, presidi\u00f3 la Fiesta de Navidad que se desarroll\u00f3 en los Centros de Atenci\u00f3n Infantil 1 y 2. [&hellip;]<\/p>\n","protected":false},"author":2,"featured_media":53636,"comment_status":"","ping_status":"","sticky":false,"template":"","format":"standard","meta":{"_monsterinsights_skip_tracking":false,"_monsterinsights_sitenote_active":false,"_monsterinsights_sitenote_note":"","_monsterinsights_sitenote_category":0,"footnotes":""},"categories":[4],"tags":[],"class_list":["post-53635","post","type-post","status-publish","format-standard","has-post-thumbnail","hentry","category-queretaro"],"_links":{"self":[{"href":"https:\/\/informebajio.com.mx\/index.php?rest_route=\/wp\/v2\/posts\/53635","targetHints":{"allow":["GET"]}}],"collection":[{"href":"https:\/\/informebajio.com.mx\/index.php?rest_route=\/wp\/v2\/posts"}],"about":[{"href":"https:\/\/informebajio.com.mx\/index.php?rest_route=\/wp\/v2\/types\/post"}],"author":[{"embeddable":true,"href":"https:\/\/informebajio.com.mx\/index.php?rest_route=\/wp\/v2\/users\/2"}],"replies":[{"embeddable":true,"href":"https:\/\/informebajio.com.mx\/index.php?rest_route=%2Fwp%2Fv2%2Fcomments&post=53635"}],"version-history":[{"count":0,"href":"https:\/\/informebajio.com.mx\/index.php?rest_route=\/wp\/v2\/posts\/53635\/revisions"}],"wp:featuredmedia":[{"embeddable":true,"href":"https:\/\/informebajio.com.mx\/index.php?rest_route=\/wp\/v2\/media\/53636"}],"wp:attachment":[{"href":"https:\/\/informebajio.com.mx\/index.php?rest_route=%2Fwp%2Fv2%2Fmedia&parent=53635"}],"wp:term":[{"taxonomy":"category","embeddable":true,"href":"https:\/\/informebajio.com.mx\/index.php?rest_route=%2Fwp%2Fv2%2Fcategories&post=53635"},{"taxonomy":"post_tag","embeddable":true,"href":"https:\/\/informebajio.com.mx\/index.php?rest_route=%2Fwp%2Fv2%2Ftags&post=53635"}],"curies":[{"name":"wp","href":"https:\/\/api.w.org\/{rel}","templated":true}]}}