{"id":53676,"date":"2025-12-22T16:47:20","date_gmt":"2025-12-22T22:47:20","guid":{"rendered":"https:\/\/informebajio.com.mx\/?p=53676"},"modified":"2025-12-22T16:47:20","modified_gmt":"2025-12-22T22:47:20","slug":"vuelo-queretaro-madrid-oportunidad-para-que-el-estado-avance-dorantes","status":"publish","type":"post","link":"https:\/\/informebajio.com.mx\/?p=53676","title":{"rendered":"Vuelo Quer\u00e9taro-Madrid, oportunidad para que el Estado avance: Dorantes"},"content":{"rendered":"<div>\n<p><span style=\"font-weight: 400;\">Noticias<\/span><\/p>\n<p>\u00a0<\/p>\n<p><span style=\"font-weight: 400;\">El Senador Agust\u00edn Dorantes particip\u00f3 en la ceremonia de apertura para el vuelo inaugural de Quer\u00e9taro a Madrid que gracias a las gestiones del gobernador Mauricio Kuri, a partir de este s\u00e1bado enlaza ambas ciudades en beneficio del intercambio comercial y cultural.<\/span><\/p>\n<p><span style=\"font-weight: 400;\">\u201cEs una muestra m\u00e1s de la importancia de Quer\u00e9taro en el contexto mundial\u201d, afirm\u00f3 Agust\u00edn Dorantes al puntualizar que estos vuelos vienen a sumarse a distintas acciones de movilidad que hacen de Quer\u00e9taro un importante punto log\u00edstico del pa\u00eds.<\/span><\/p>\n<p><span style=\"font-weight: 400;\">\u201cQuer\u00e9taro se est\u00e1 volviendo un estado, el estado m\u00e1s conectado en todo el pa\u00eds. Hoy, con este vuelo intercontinental, sin duda es una gran oportunidad de turismo, de industria, de acercar fronteras, pero tambi\u00e9n estamos en la carretera 57, se viene el tren M\u00e9xico-Quer\u00e9taro, de Quer\u00e9taro una bifurcaci\u00f3n hacia el norte del pa\u00eds, hacia Estados Unidos. \u00bfQu\u00e9 quiere decir? Que Quer\u00e9taro va a ser un punto log\u00edstico important\u00edsimo para todo el Baj\u00edo y para el norte del pa\u00eds, que nos va a permitir generar muchas oportunidades de negocios y de desarrollo de habilidades para las personas\u201d.<\/span><\/p>\n<p><span style=\"font-weight: 400;\">La ceremonia de apertura realizada la noche de este s\u00e1bado en el Aeropuerto Internacional, hora en la que lleg\u00f3 el primer vuelo proveniente de Madrid, estuvo encabezada por el gobernador Mauricio Kuri; por el Excelent\u00edsimo Embajador de Espa\u00f1a en M\u00e9xico, Juan Duarte Cuadrado; y por el Director Comercial de Iberojet, Mario Dom\u00ednguez V\u00e1zquez.<\/span><\/p>\n<\/div>\n<p><script>(function(d, s, id) {\n  var js, fjs = d.getElementsByTagName(s)[0];\n  if (d.getElementById(id)) return;\n  js = d.createElement(s); js.id = id;\n  js.src = \"\/\/connect.facebook.net\/es_LA\/sdk.js#xfbml=1&appId=546007945598485&version=v2.3\";\n  fjs.parentNode.insertBefore(js, fjs);\n}(document, 'script', 'facebook-jssdk'));<\/script><\/p>\n","protected":false},"excerpt":{"rendered":"<p>Noticias \u00a0 El Senador Agust\u00edn Dorantes particip\u00f3 en la ceremonia de apertura para el vuelo inaugural de Quer\u00e9taro a Madrid que gracias a las gestiones del gobernador Mauricio Kuri, a partir de este s\u00e1bado enlaza ambas ciudades en beneficio del intercambio comercial y cultural. \u201cEs una muestra m\u00e1s de la importancia de Quer\u00e9taro en el [&hellip;]<\/p>\n","protected":false},"author":2,"featured_media":53677,"comment_status":"","ping_status":"","sticky":false,"template":"","format":"standard","meta":{"_monsterinsights_skip_tracking":false,"_monsterinsights_sitenote_active":false,"_monsterinsights_sitenote_note":"","_monsterinsights_sitenote_category":0,"footnotes":""},"categories":[4],"tags":[],"class_list":["post-53676","post","type-post","status-publish","format-standard","has-post-thumbnail","hentry","category-queretaro"],"_links":{"self":[{"href":"https:\/\/informebajio.com.mx\/index.php?rest_route=\/wp\/v2\/posts\/53676","targetHints":{"allow":["GET"]}}],"collection":[{"href":"https:\/\/informebajio.com.mx\/index.php?rest_route=\/wp\/v2\/posts"}],"about":[{"href":"https:\/\/informebajio.com.mx\/index.php?rest_route=\/wp\/v2\/types\/post"}],"author":[{"embeddable":true,"href":"https:\/\/informebajio.com.mx\/index.php?rest_route=\/wp\/v2\/users\/2"}],"replies":[{"embeddable":true,"href":"https:\/\/informebajio.com.mx\/index.php?rest_route=%2Fwp%2Fv2%2Fcomments&post=53676"}],"version-history":[{"count":0,"href":"https:\/\/informebajio.com.mx\/index.php?rest_route=\/wp\/v2\/posts\/53676\/revisions"}],"wp:featuredmedia":[{"embeddable":true,"href":"https:\/\/informebajio.com.mx\/index.php?rest_route=\/wp\/v2\/media\/53677"}],"wp:attachment":[{"href":"https:\/\/informebajio.com.mx\/index.php?rest_route=%2Fwp%2Fv2%2Fmedia&parent=53676"}],"wp:term":[{"taxonomy":"category","embeddable":true,"href":"https:\/\/informebajio.com.mx\/index.php?rest_route=%2Fwp%2Fv2%2Fcategories&post=53676"},{"taxonomy":"post_tag","embeddable":true,"href":"https:\/\/informebajio.com.mx\/index.php?rest_route=%2Fwp%2Fv2%2Ftags&post=53676"}],"curies":[{"name":"wp","href":"https:\/\/api.w.org\/{rel}","templated":true}]}}