{"id":53690,"date":"2025-12-23T12:48:45","date_gmt":"2025-12-23T18:48:45","guid":{"rendered":"https:\/\/informebajio.com.mx\/?p=53690"},"modified":"2025-12-23T12:48:45","modified_gmt":"2025-12-23T18:48:45","slug":"sufre-pri-nueva-desbandada","status":"publish","type":"post","link":"https:\/\/informebajio.com.mx\/?p=53690","title":{"rendered":"Sufre PRI nueva desbandada"},"content":{"rendered":"<div id=\"mvp-content-main\">\n<p><!-- WP QUADS Content Ad Plugin v. 2.0.94 --><\/p>\n<h2><span style=\"font-weight: 400;\">Jair Miquel y Elizabeth Olvera se suman a Movimiento Ciudadano<\/span><\/h2>\n<p><span style=\"font-weight: 400;\">Diego Hern\u00e1ndez<\/span><\/p>\n<p><span style=\"font-weight: 400;\">Noticias<\/span><\/p>\n<p><span style=\"font-weight: 400;\">\u00a0<\/span><\/p>\n<p><span style=\"font-weight: 400;\">Tras la salida de Elizabeth Olvera y Jair Miquel del PRI para mudarse a Movimiento Ciudadano, Abigail Arredondo Ramos, reaccion\u00f3 al respecto, calific\u00f3 a este instituto pol\u00edtico como un \u201cesquirol\u201d, quienes solamente buscan beneficiar a los partidos gobernantes dependiendo la zona, sentenci\u00f3.<\/span><\/p>\n<p><span style=\"font-weight: 400;\">\u201cComo lo hemos venido diciendo, no solamente ahorita y no solamente esta semana, al tiempo, como me encanta decirles al tiempo, pero es un partido esquirol. Le hace la chamba al partido que gobierna. Entonces en algunos estados se alquilan para Morena, en otros se alquilan para El Verde, en otros se alquilan para Acci\u00f3n Nacional\u201d.<\/span><\/p>\n<p><span style=\"font-weight: 400;\">Con ello, a\u00f1adi\u00f3 que pareciera ambici\u00f3n el motivo de la salida de ambos personajes, reconoci\u00f3 que no notificaron a las autoridades partidistas ni a nivel local, ni nacional, por lo que desconoce en s\u00ed el motivo de sus salida.<\/span><\/p>\n<p><span style=\"font-weight: 400;\">Fue la semana pasada porque ambos fueron presentados en una rueda de prensa de Movimiento Ciudadano, Paul Ospital Carrera qui\u00e9n tambi\u00e9n estuvo en el Revolucionario Institucional fue el encargado de darles la bienvenida y aunque Miquel por la posici\u00f3n que ocupaba con los pri\u00edstas lo tuvo que denunciar, el diputado local brome\u00f3 que no le pudieron ganar.\u00a0<\/span><\/p>\n<p><span style=\"font-weight: 400;\">Por su parte, Arredondo Ramos manifest\u00f3 que la regidur\u00eda de Corregidora que est\u00e1 en manos de Elizabeth Olvera le pertenece al PRI, es por eso que hizo la petici\u00f3n de devolverla, misma situaci\u00f3n con Paul Ospital a qui\u00e9n se le pidi\u00f3 devolver la diputaci\u00f3n, la presidenta justific\u00f3 que son posiciones plurinominales y por ende le pertenecen al instituto pol\u00edtico.<\/span><\/p>\n<p><span style=\"font-weight: 400;\">Con ello destac\u00f3 que han hecho una buena labor para el proceso electoral, con ello destac\u00f3 que ser\u00e1n pri\u00edstas convencidos los que salgan en las candidaturas ya que no permitir\u00e1n que vuelva a suceder este escenario.<\/span><\/p>\n<p><span style=\"font-weight: 400;\">Desde el Comit\u00e9 Municipal de Corregidora se inform\u00f3 que se mantienen en las calles y la aceptaci\u00f3n es buena por lo que auguran un buen resultado en los pr\u00f3ximos comicios electorales.<\/span><\/p>\n<p><!-- Facebook Comments Plugin for WordPress: http:\/\/peadig.com\/wordpress-plugins\/facebook-comments\/ --><\/p>\n<h3>Comentarios<\/h3>\n<p><comments-count href=\"https:\/\/noticiasdequeretaro.com.mx\/2025\/12\/23\/sufre-pri-nueva-desbandada\/\"\/> comments<\/p>\n<\/p><\/div>\n<p><script>(function(d, s, id) {\n  var js, fjs = d.getElementsByTagName(s)[0];\n  if (d.getElementById(id)) return;\n  js = d.createElement(s); js.id = id;\n  js.src = \"\/\/connect.facebook.net\/es_LA\/sdk.js#xfbml=1&appId=546007945598485&version=v2.3\";\n  fjs.parentNode.insertBefore(js, fjs);\n}(document, 'script', 'facebook-jssdk'));<\/script><\/p>\n","protected":false},"excerpt":{"rendered":"<p>Jair Miquel y Elizabeth Olvera se suman a Movimiento Ciudadano Diego Hern\u00e1ndez Noticias \u00a0 Tras la salida de Elizabeth Olvera y Jair Miquel del PRI para mudarse a Movimiento Ciudadano, Abigail Arredondo Ramos, reaccion\u00f3 al respecto, calific\u00f3 a este instituto pol\u00edtico como un \u201cesquirol\u201d, quienes solamente buscan beneficiar a los partidos gobernantes dependiendo la zona, [&hellip;]<\/p>\n","protected":false},"author":2,"featured_media":53691,"comment_status":"","ping_status":"","sticky":false,"template":"","format":"standard","meta":{"_monsterinsights_skip_tracking":false,"_monsterinsights_sitenote_active":false,"_monsterinsights_sitenote_note":"","_monsterinsights_sitenote_category":0,"footnotes":""},"categories":[4],"tags":[],"class_list":["post-53690","post","type-post","status-publish","format-standard","has-post-thumbnail","hentry","category-queretaro"],"_links":{"self":[{"href":"https:\/\/informebajio.com.mx\/index.php?rest_route=\/wp\/v2\/posts\/53690","targetHints":{"allow":["GET"]}}],"collection":[{"href":"https:\/\/informebajio.com.mx\/index.php?rest_route=\/wp\/v2\/posts"}],"about":[{"href":"https:\/\/informebajio.com.mx\/index.php?rest_route=\/wp\/v2\/types\/post"}],"author":[{"embeddable":true,"href":"https:\/\/informebajio.com.mx\/index.php?rest_route=\/wp\/v2\/users\/2"}],"replies":[{"embeddable":true,"href":"https:\/\/informebajio.com.mx\/index.php?rest_route=%2Fwp%2Fv2%2Fcomments&post=53690"}],"version-history":[{"count":0,"href":"https:\/\/informebajio.com.mx\/index.php?rest_route=\/wp\/v2\/posts\/53690\/revisions"}],"wp:featuredmedia":[{"embeddable":true,"href":"https:\/\/informebajio.com.mx\/index.php?rest_route=\/wp\/v2\/media\/53691"}],"wp:attachment":[{"href":"https:\/\/informebajio.com.mx\/index.php?rest_route=%2Fwp%2Fv2%2Fmedia&parent=53690"}],"wp:term":[{"taxonomy":"category","embeddable":true,"href":"https:\/\/informebajio.com.mx\/index.php?rest_route=%2Fwp%2Fv2%2Fcategories&post=53690"},{"taxonomy":"post_tag","embeddable":true,"href":"https:\/\/informebajio.com.mx\/index.php?rest_route=%2Fwp%2Fv2%2Ftags&post=53690"}],"curies":[{"name":"wp","href":"https:\/\/api.w.org\/{rel}","templated":true}]}}