{"id":53694,"date":"2025-12-23T22:49:23","date_gmt":"2025-12-24T04:49:23","guid":{"rendered":"https:\/\/informebajio.com.mx\/?p=53694"},"modified":"2025-12-23T22:49:23","modified_gmt":"2025-12-24T04:49:23","slug":"2025-un-ano-de-incertidumbre-amda","status":"publish","type":"post","link":"https:\/\/informebajio.com.mx\/?p=53694","title":{"rendered":"2025, un a\u00f1o de incertidumbre: AMDA"},"content":{"rendered":"<div>\n<p><span style=\"font-weight: 400;\">Diego Gonz\u00e1lez\u00a0<\/span><\/p>\n<p><span style=\"font-weight: 400;\">Noticias<\/span><\/p>\n<p>\u00a0<\/p>\n<p><span style=\"font-weight: 400;\">Para el sector de la distribuci\u00f3n automotriz, el 2025 ha resultado un a\u00f1o de incertidumbre por temas como la aplicaci\u00f3n de aranceles, \u2014as\u00ed lo consider\u00f3\u2014 la presidenta de la Asociaci\u00f3n Mexicana de Distribuidores de Veh\u00edculos Automotores (AMDA) en Quer\u00e9taro, Laura Rodr\u00edguez Miranda, quien estim\u00f3 que, al cierre del mes de diciembre, el estado de Quer\u00e9taro alcance una venta de alrededor de 34 mil veh\u00edculos nuevos.<\/span><\/p>\n<p>\u00a0<\/p>\n<p><span style=\"font-weight: 400;\">\u201cFue un a\u00f1o complicado, dif\u00edcil; lleno de incertidumbre. Todos los meses tuvimos decremento de ventas, pero no nos rendimos y seguimos creando inversiones en Quer\u00e9taro desde nuestro sector y generamos empleos. Tenemos un promedio de 14 mil empleos directos\u201d, se\u00f1al\u00f3.<\/span><\/p>\n<p>\u00a0<\/p>\n<p><span style=\"font-weight: 400;\">Finalmente, la presidenta de AMDA QRO, destac\u00f3 el trabajo que se realiza desde la secretar\u00eda de Seguridad Ciudadana, organismo que encabeza Iov\u00e0n El\u00edas P\u00e9rez para tener un estado seguro, que favorece la llegada de inversiones y detona fuentes de trabajo formales.<\/span><\/p>\n<p>\u00a0<\/p>\n<p><span style=\"font-weight: 400;\">M\u00e1s de 33 mil veh\u00edculos nuevos se comercializan en Quer\u00e9taro:<\/span><\/p>\n<p>\u00a0<\/p>\n<p><span style=\"font-weight: 400;\">La Asociaci\u00f3n Mexicana de Distribuidores de Veh\u00edculos Automotores (AMDA), inform\u00f3 que, al pen\u00faltimo mes del a\u00f1o, el estado de Quer\u00e9taro registra la venta de 33,231 unidades nuevas, un decremento del 0.9% con relaci\u00f3n a enero-noviembre de 2024.<\/span><\/p>\n<p>\u00a0<\/p>\n<p><span style=\"font-weight: 400;\">La comercializaci\u00f3n del sector local, representa una aportaci\u00f3n al mercado nacional del 2.5%, ubic\u00e1ndose en la d\u00e9cima posici\u00f3n.<\/span><\/p>\n<p>\u00a0<\/p>\n<p><span style=\"font-weight: 400;\">De acuerdo con el registro acumulado de compradores de AMDA, el segmento de usos m\u00faltiples y camiones, suma 19,222 unidades que representan el 57.8% del total de las adquisiciones realizadas en los once meses de 2025.<\/span><\/p>\n<p>\u00a0<\/p>\n<p><span style=\"font-weight: 400;\">El reporte espec\u00edfica la compra de 12,992 unidades de usos m\u00faltiples y 6,230 camiones.<\/span><\/p>\n<p>\u00a0<\/p>\n<p><span style=\"font-weight: 400;\">Para el \u00e1rea de autom\u00f3viles suman 14,009 ventas, de est\u00e1s 7,733 corresponden a autos compactos, 4,541 subcompactos, 1,579 de lujo, y 156 carros deportivos.<\/span><\/p>\n<p>\u00a0<\/p>\n<p><span style=\"font-weight: 400;\">Solo en el mes de noviembre, la entidad reporta la comercializaci\u00f3n de 3,489 veh\u00edculos nuevos, una variaci\u00f3n negativa de 4.0% en comparaci\u00f3n con noviembre del a\u00f1o pasado.<\/span><\/p>\n<p>\u00a0<\/p>\n<p><span style=\"font-weight: 400;\">En Quer\u00e9taro la distribuci\u00f3n automotriz se concentra en el municipio de Quer\u00e9taro con la compra de 20,804 unidades que equivalen al 62% del total de la venta, seguido de Corregidora con 3,451, El Marqu\u00e9s 3,177, adem\u00e1s de San Juan del R\u00edo con 2,996 y 195 efectuadas en Huimilpan, el resto se formaliza en municipios no conurbados.<\/span><\/p>\n<\/div>\n<p><script>(function(d, s, id) {\n  var js, fjs = d.getElementsByTagName(s)[0];\n  if (d.getElementById(id)) return;\n  js = d.createElement(s); js.id = id;\n  js.src = \"\/\/connect.facebook.net\/es_LA\/sdk.js#xfbml=1&appId=546007945598485&version=v2.3\";\n  fjs.parentNode.insertBefore(js, fjs);\n}(document, 'script', 'facebook-jssdk'));<\/script><\/p>\n","protected":false},"excerpt":{"rendered":"<p>Diego Gonz\u00e1lez\u00a0 Noticias \u00a0 Para el sector de la distribuci\u00f3n automotriz, el 2025 ha resultado un a\u00f1o de incertidumbre por temas como la aplicaci\u00f3n de aranceles, \u2014as\u00ed lo consider\u00f3\u2014 la presidenta de la Asociaci\u00f3n Mexicana de Distribuidores de Veh\u00edculos Automotores (AMDA) en Quer\u00e9taro, Laura Rodr\u00edguez Miranda, quien estim\u00f3 que, al cierre del mes de diciembre, [&hellip;]<\/p>\n","protected":false},"author":2,"featured_media":53695,"comment_status":"","ping_status":"","sticky":false,"template":"","format":"standard","meta":{"_monsterinsights_skip_tracking":false,"_monsterinsights_sitenote_active":false,"_monsterinsights_sitenote_note":"","_monsterinsights_sitenote_category":0,"footnotes":""},"categories":[4],"tags":[],"class_list":["post-53694","post","type-post","status-publish","format-standard","has-post-thumbnail","hentry","category-queretaro"],"_links":{"self":[{"href":"https:\/\/informebajio.com.mx\/index.php?rest_route=\/wp\/v2\/posts\/53694","targetHints":{"allow":["GET"]}}],"collection":[{"href":"https:\/\/informebajio.com.mx\/index.php?rest_route=\/wp\/v2\/posts"}],"about":[{"href":"https:\/\/informebajio.com.mx\/index.php?rest_route=\/wp\/v2\/types\/post"}],"author":[{"embeddable":true,"href":"https:\/\/informebajio.com.mx\/index.php?rest_route=\/wp\/v2\/users\/2"}],"replies":[{"embeddable":true,"href":"https:\/\/informebajio.com.mx\/index.php?rest_route=%2Fwp%2Fv2%2Fcomments&post=53694"}],"version-history":[{"count":0,"href":"https:\/\/informebajio.com.mx\/index.php?rest_route=\/wp\/v2\/posts\/53694\/revisions"}],"wp:featuredmedia":[{"embeddable":true,"href":"https:\/\/informebajio.com.mx\/index.php?rest_route=\/wp\/v2\/media\/53695"}],"wp:attachment":[{"href":"https:\/\/informebajio.com.mx\/index.php?rest_route=%2Fwp%2Fv2%2Fmedia&parent=53694"}],"wp:term":[{"taxonomy":"category","embeddable":true,"href":"https:\/\/informebajio.com.mx\/index.php?rest_route=%2Fwp%2Fv2%2Fcategories&post=53694"},{"taxonomy":"post_tag","embeddable":true,"href":"https:\/\/informebajio.com.mx\/index.php?rest_route=%2Fwp%2Fv2%2Ftags&post=53694"}],"curies":[{"name":"wp","href":"https:\/\/api.w.org\/{rel}","templated":true}]}}