{"id":53696,"date":"2025-12-24T03:50:50","date_gmt":"2025-12-24T09:50:50","guid":{"rendered":"https:\/\/informebajio.com.mx\/?p=53696"},"modified":"2025-12-24T03:50:50","modified_gmt":"2025-12-24T09:50:50","slug":"ultimo-desfile-del-festival-alegria-contigo","status":"publish","type":"post","link":"https:\/\/informebajio.com.mx\/?p=53696","title":{"rendered":"\u00daltimo desfile del Festival Alegr\u00eda Contigo"},"content":{"rendered":"<div>\n<p><span style=\"font-weight: 400;\">Noticias<\/span><\/p>\n<p>\u00a0<\/p>\n<p><span style=\"font-weight: 400;\">Miles de ni\u00f1as y ni\u00f1os del municipio de Quer\u00e9taro recibieron con gran entusiasmo a los carros aleg\u00f3ricos, bailarines y personajes animados que formaron parte del \u00faltimo Megadesfile del Festival Alegr\u00eda 2025, que lleg\u00f3 a la Avenida Constituyentes, una de las principales calles de este ayuntamiento. Con esta actividad el Sistema Estatal DIF concluy\u00f3 con el ciclo de desfiles que se presentaron en nueve localidades.<\/span><\/p>\n<p><span style=\"font-weight: 400;\">La presidenta del Patronato del Sistema Estatal DIF, Car Herrera de Kuri, agradeci\u00f3 a las familias queretanas y visitantes que vivieron de cerca esta festividad que por cuarto a\u00f1o consecutivo les ofreci\u00f3 entretenimiento y diversi\u00f3n, dejando un mensaje de amor, paz, uni\u00f3n y prosperidad.<\/span><\/p>\n<p><span style=\"font-weight: 400;\">Cabe se\u00f1alar que los Desfiles Navide\u00f1os del DIF Estatal estuvieron en los municipios de Jalpan de Serra, Pinal de Amoles, Huimilpan, Pedro Escobedo, San Juan del R\u00edo, El Marqu\u00e9s, Corregidora, Tequisquiapan y Quer\u00e9taro. Participaron 18 plataformas con s\u00faper h\u00e9roes, personajes infantiles de caricaturas, pel\u00edculas y video juegos.<\/span><\/p>\n<p><span style=\"font-weight: 400;\">El director General del SEDIF, \u00d3scar G\u00f3mez Niembro, reconoci\u00f3 el apoyo de los ayuntamientos y Sistemas DIF Municipales para la realizaci\u00f3n de estos espect\u00e1culos; as\u00ed como los operativos especiales de la Polic\u00eda Municipal, Bomberos, Protecci\u00f3n Civil y Cruz Roja, mismos que reportaron saldo blanco y estuvieron al pendiente de la seguridad y protecci\u00f3n de los habitantes en todos los recorridos.<\/span><\/p>\n<p><span style=\"font-weight: 400;\">De la misma forma, recordar que las pistas de hielo contin\u00faan instaladas en Quer\u00e9taro y Corregidora, la primera en el interior de la Unidad Deportiva Reforma Lomas; y la segunda, en la Plaza del Gran Cu\u00e9, ubicada en el Camino al Cerrito esquina Avenida Fray Eulalio Hern\u00e1ndez Rivera; permanecer\u00e1n hasta el pr\u00f3ximo cuatro de enero 2026 en un horario de 9:00 a 14:00 y de 16:00 a 21:00 horas. Las personas que acudan requieren presentar copia de su CURP.<\/span><\/p>\n<p><img fetchpriority=\"high\" decoding=\"async\" class=\"alignnone size-medium wp-image-708668\" src=\"https:\/\/cdn.noticiasdequeretaro.com.mx\/wp-content\/uploads\/2025\/12\/23054357\/Ultimo-desfile-del-Festival-Alegria-Contigo-2-600x400.jpg\" alt=\"\" width=\"600\" height=\"400\" srcset=\"https:\/\/cdn.noticiasdequeretaro.com.mx\/wp-content\/uploads\/2025\/12\/23054357\/Ultimo-desfile-del-Festival-Alegria-Contigo-2-600x400.jpg 600w, https:\/\/cdn.noticiasdequeretaro.com.mx\/wp-content\/uploads\/2025\/12\/23054357\/Ultimo-desfile-del-Festival-Alegria-Contigo-2-1024x682.jpg 1024w, https:\/\/cdn.noticiasdequeretaro.com.mx\/wp-content\/uploads\/2025\/12\/23054357\/Ultimo-desfile-del-Festival-Alegria-Contigo-2-300x200.jpg 300w, https:\/\/cdn.noticiasdequeretaro.com.mx\/wp-content\/uploads\/2025\/12\/23054357\/Ultimo-desfile-del-Festival-Alegria-Contigo-2-768x512.jpg 768w, https:\/\/cdn.noticiasdequeretaro.com.mx\/wp-content\/uploads\/2025\/12\/23054357\/Ultimo-desfile-del-Festival-Alegria-Contigo-2-1536x1024.jpg 1536w, https:\/\/cdn.noticiasdequeretaro.com.mx\/wp-content\/uploads\/2025\/12\/23054357\/Ultimo-desfile-del-Festival-Alegria-Contigo-2-2048x1365.jpg 2048w\" sizes=\"(max-width: 600px) 100vw, 600px\"\/> <img loading=\"lazy\" decoding=\"async\" class=\"alignnone size-medium wp-image-708669\" src=\"https:\/\/cdn.noticiasdequeretaro.com.mx\/wp-content\/uploads\/2025\/12\/23054404\/Ultimo-desfile-del-Festival-Alegria-Contigo-3-600x400.jpg\" alt=\"\" width=\"600\" height=\"400\" srcset=\"https:\/\/cdn.noticiasdequeretaro.com.mx\/wp-content\/uploads\/2025\/12\/23054404\/Ultimo-desfile-del-Festival-Alegria-Contigo-3-600x400.jpg 600w, https:\/\/cdn.noticiasdequeretaro.com.mx\/wp-content\/uploads\/2025\/12\/23054404\/Ultimo-desfile-del-Festival-Alegria-Contigo-3-1024x682.jpg 1024w, https:\/\/cdn.noticiasdequeretaro.com.mx\/wp-content\/uploads\/2025\/12\/23054404\/Ultimo-desfile-del-Festival-Alegria-Contigo-3-300x200.jpg 300w, https:\/\/cdn.noticiasdequeretaro.com.mx\/wp-content\/uploads\/2025\/12\/23054404\/Ultimo-desfile-del-Festival-Alegria-Contigo-3-768x512.jpg 768w, https:\/\/cdn.noticiasdequeretaro.com.mx\/wp-content\/uploads\/2025\/12\/23054404\/Ultimo-desfile-del-Festival-Alegria-Contigo-3-1536x1024.jpg 1536w, https:\/\/cdn.noticiasdequeretaro.com.mx\/wp-content\/uploads\/2025\/12\/23054404\/Ultimo-desfile-del-Festival-Alegria-Contigo-3-2048x1365.jpg 2048w\" sizes=\"auto, (max-width: 600px) 100vw, 600px\"\/> <img loading=\"lazy\" decoding=\"async\" class=\"alignnone size-medium wp-image-708670\" src=\"https:\/\/cdn.noticiasdequeretaro.com.mx\/wp-content\/uploads\/2025\/12\/23054412\/Ultimo-desfile-del-Festival-Alegria-Contigo-1-600x400.jpg\" alt=\"\" width=\"600\" height=\"400\" srcset=\"https:\/\/cdn.noticiasdequeretaro.com.mx\/wp-content\/uploads\/2025\/12\/23054412\/Ultimo-desfile-del-Festival-Alegria-Contigo-1-600x400.jpg 600w, https:\/\/cdn.noticiasdequeretaro.com.mx\/wp-content\/uploads\/2025\/12\/23054412\/Ultimo-desfile-del-Festival-Alegria-Contigo-1-1024x682.jpg 1024w, https:\/\/cdn.noticiasdequeretaro.com.mx\/wp-content\/uploads\/2025\/12\/23054412\/Ultimo-desfile-del-Festival-Alegria-Contigo-1-300x200.jpg 300w, https:\/\/cdn.noticiasdequeretaro.com.mx\/wp-content\/uploads\/2025\/12\/23054412\/Ultimo-desfile-del-Festival-Alegria-Contigo-1-768x512.jpg 768w, https:\/\/cdn.noticiasdequeretaro.com.mx\/wp-content\/uploads\/2025\/12\/23054412\/Ultimo-desfile-del-Festival-Alegria-Contigo-1-1536x1024.jpg 1536w, https:\/\/cdn.noticiasdequeretaro.com.mx\/wp-content\/uploads\/2025\/12\/23054412\/Ultimo-desfile-del-Festival-Alegria-Contigo-1-2048x1365.jpg 2048w\" sizes=\"auto, (max-width: 600px) 100vw, 600px\"\/><\/p>\n<\/div>\n<p><script>(function(d, s, id) {\n  var js, fjs = d.getElementsByTagName(s)[0];\n  if (d.getElementById(id)) return;\n  js = d.createElement(s); js.id = id;\n  js.src = \"\/\/connect.facebook.net\/es_LA\/sdk.js#xfbml=1&appId=546007945598485&version=v2.3\";\n  fjs.parentNode.insertBefore(js, fjs);\n}(document, 'script', 'facebook-jssdk'));<\/script><\/p>\n","protected":false},"excerpt":{"rendered":"<p>Noticias \u00a0 Miles de ni\u00f1as y ni\u00f1os del municipio de Quer\u00e9taro recibieron con gran entusiasmo a los carros aleg\u00f3ricos, bailarines y personajes animados que formaron parte del \u00faltimo Megadesfile del Festival Alegr\u00eda 2025, que lleg\u00f3 a la Avenida Constituyentes, una de las principales calles de este ayuntamiento. Con esta actividad el Sistema Estatal DIF concluy\u00f3 [&hellip;]<\/p>\n","protected":false},"author":2,"featured_media":53697,"comment_status":"","ping_status":"","sticky":false,"template":"","format":"standard","meta":{"_monsterinsights_skip_tracking":false,"_monsterinsights_sitenote_active":false,"_monsterinsights_sitenote_note":"","_monsterinsights_sitenote_category":0,"footnotes":""},"categories":[4],"tags":[],"class_list":["post-53696","post","type-post","status-publish","format-standard","has-post-thumbnail","hentry","category-queretaro"],"_links":{"self":[{"href":"https:\/\/informebajio.com.mx\/index.php?rest_route=\/wp\/v2\/posts\/53696","targetHints":{"allow":["GET"]}}],"collection":[{"href":"https:\/\/informebajio.com.mx\/index.php?rest_route=\/wp\/v2\/posts"}],"about":[{"href":"https:\/\/informebajio.com.mx\/index.php?rest_route=\/wp\/v2\/types\/post"}],"author":[{"embeddable":true,"href":"https:\/\/informebajio.com.mx\/index.php?rest_route=\/wp\/v2\/users\/2"}],"replies":[{"embeddable":true,"href":"https:\/\/informebajio.com.mx\/index.php?rest_route=%2Fwp%2Fv2%2Fcomments&post=53696"}],"version-history":[{"count":0,"href":"https:\/\/informebajio.com.mx\/index.php?rest_route=\/wp\/v2\/posts\/53696\/revisions"}],"wp:featuredmedia":[{"embeddable":true,"href":"https:\/\/informebajio.com.mx\/index.php?rest_route=\/wp\/v2\/media\/53697"}],"wp:attachment":[{"href":"https:\/\/informebajio.com.mx\/index.php?rest_route=%2Fwp%2Fv2%2Fmedia&parent=53696"}],"wp:term":[{"taxonomy":"category","embeddable":true,"href":"https:\/\/informebajio.com.mx\/index.php?rest_route=%2Fwp%2Fv2%2Fcategories&post=53696"},{"taxonomy":"post_tag","embeddable":true,"href":"https:\/\/informebajio.com.mx\/index.php?rest_route=%2Fwp%2Fv2%2Ftags&post=53696"}],"curies":[{"name":"wp","href":"https:\/\/api.w.org\/{rel}","templated":true}]}}