{"id":53706,"date":"2025-12-24T15:30:57","date_gmt":"2025-12-24T21:30:57","guid":{"rendered":"https:\/\/informebajio.com.mx\/?p=53706"},"modified":"2025-12-24T15:30:57","modified_gmt":"2025-12-24T21:30:57","slug":"primer-movimiento-del-madrid-en-el-mercado-endrick-cedido-al-olympique-de-lyon","status":"publish","type":"post","link":"https:\/\/informebajio.com.mx\/?p=53706","title":{"rendered":"Primer movimiento del Madrid en el mercado: Endrick, cedido al Olympique de Lyon"},"content":{"rendered":"<div>\n<div class=\"ue-c-article__bar-body\">\n<div class=\"ue-c-article__author ue-c-article__author--horizontal-from-tablet\" aria-label=\"Redacci\u00f3n:\">\n<div class=\"ue-c-article__author-avatar\">\n<div class=\"ue-c-article__author-avatar-item\"><a href=\"https:\/\/www.elmundo.es\/autor\/abraham-romero.html\" aria-hidden=\"true\"><\/p>\n<figure class=\"ue-c-author-profile__photo\">\n<div class=\"ue-c-author-profile__photo-container\"><picture><source type=\"image\/webp\" sizes=\"80px\" srcset=\"https:\/\/e01-phantom-elmundo.uecdn.es\/3da04d5731e858a2c5c8f07e34223047\/resize\/80\/f\/webp\/assets\/multimedia\/imagenes\/2022\/06\/01\/16540902265922.jpg 80w,https:\/\/e01-phantom-elmundo.uecdn.es\/6c3d66d64f8bf23f27c2f9c42d50445f\/resize\/160\/f\/webp\/assets\/multimedia\/imagenes\/2022\/06\/01\/16540902265922.jpg 160w\"><source type=\"image\/jpeg\" sizes=\"80px\" srcset=\"https:\/\/e01-phantom-elmundo.uecdn.es\/a641e794dffb5fa31b061835c31bf7b4\/resize\/80\/f\/jpg\/assets\/multimedia\/imagenes\/2022\/06\/01\/16540902265922.jpg 80w,https:\/\/e01-phantom-elmundo.uecdn.es\/aa7c155d3be3133dc24c1a3352f937bd\/resize\/160\/f\/jpg\/assets\/multimedia\/imagenes\/2022\/06\/01\/16540902265922.jpg 160w\"><img loading=\"lazy\" decoding=\"async\" width=\"80\" height=\"80\" class=\"ue-c-author-profile__photo-img\" alt=\"Abraham P. Romero\" src=\"https:\/\/e01-phantom-elmundo.uecdn.es\/73ff48c61efaefbe0b8196df1bb4dd81\/f\/image\/jpeg\/assets\/multimedia\/imagenes\/2022\/06\/01\/16540902265922.jpg\"\/><\/source><\/source><\/picture><\/div>\n<\/figure>\n<p><\/a><\/div>\n<\/div>\n<\/div>\n<\/div>\n<div class=\"ue-c-article__bar-footer\">\n<p><span>Actualizado <\/span><time datetime=\"2025-12-23T16:48:41Z\"> Martes,<br \/>\n23<br \/>\ndiciembre<br \/>\n2025<br \/>\n&#8211;<br \/>\n<span>17:48<\/span><\/time><\/p>\n<\/div>\n<\/div>\n<div data-section=\"articleBody\">\n<p class=\"ue-c-article__paragraph\">El <strong>Real Madrid<\/strong> ha realizado el primer movimiento (y seguramente el \u00fanico) de este mercado de invierno en el Bernab\u00e9u. Se ha hecho oficial la cesi\u00f3n de <strong>Endrick <\/strong>al <strong>Olympique de Lyon<\/strong> hasta final de temporada, sin opci\u00f3n de comprar para el conjunto franc\u00e9s.<\/p>\n<p class=\"ue-c-article__paragraph\">El delantero brasile\u00f1o ha tenido muy pocos minutos durante estos meses a las \u00f3rdenes de Xabi Alonso y estaba desesperado por recuperar su sitio en la selecci\u00f3n de <strong>Brasil <\/strong>de cara al pr\u00f3ximo <strong>Mundial de Estados Unidos, M\u00e9xico y Canad\u00e1<\/strong>. Sus agentes tantearon el mercado y terminaron interesados en la oferta del Lyon, quinto en la liga francesa y que no est\u00e1 disputando competici\u00f3n europea.<\/p>\n<p class=\"ue-c-article__paragraph\">Un detalle que al principio ech\u00f3 un poco para atr\u00e1s al entorno del joven atacante, pero que finalmente no ha pesado tanto como la confianza que ha puesto la direcci\u00f3n del club galo en las posibilidades del delantero.<\/p>\n<p class=\"ue-c-article__paragraph\">En el acuerdo de cesi\u00f3n tambi\u00e9n hay varias condiciones, como la de un m\u00ednimo de partidos entre enero y junio. Detalle clave en el pr\u00e9stamo y que no todos los equipos pod\u00edan garantizar a Endrick.<\/p>\n<p class=\"ue-c-article__paragraph\">El brasile\u00f1o espera as\u00ed convencer de nuevo a <strong>Carlo Ancelotti<\/strong>, que no le convoc\u00f3 para el \u00faltimo par\u00f3n de selecciones, para tener un sitio en la convocatoria de la canarinha de cara a la pr\u00f3xima Copa del Mundo.<\/p>\n<p class=\"ue-c-article__paragraph\"><strong>Endrick ha sido uno de los futbolistas menos utilizados por Alonso durante estos meses<\/strong>. Primero estuvo lesionado durante un tiempo, incluido el Mundial de clubes, pero cuando estuvo listo para ser parte del equipo se qued\u00f3 en el banquillo durante muchas semanas seguidas. <\/p>\n<p class=\"ue-c-article__paragraph\">La recuperaci\u00f3n le tuvo de baja hasta la mitad del mes de septiembre, volviendo a una convocatoria <strong>124 d\u00edas<\/strong> despu\u00e9s en el duelo ante el Espanyol. A pesar de eso, acumul\u00f3 ocho partidos seguidos sin minutos, hasta que sum\u00f3 sus primeros 11 en el 4-0 ante el Valencia. Despu\u00e9s, otros siete en la banda, disputando <strong>otros 11 minutos contra el City<\/strong> en la \u00faltima cita de Champions antes de los 77 ante el Talavera. En total, 99. S\u00f3lo Ferland Mendy, lesionado gran parte de la temporada, ha disputado menos, 90. <\/p>\n<hr class=\"mid-script\" data-ue-cxid=\"cx_83a9b88a949e8d5637b6e6fe389963468546b555\" data-ue-is-premium=\"false\" data-ue-is-basic=\"true\" data-ue-is-mobile=\"false\" style=\"display:none\"\/><\/div>\n<p><script type=\"text\/javascript\">\n    var utag_data = {};\n    window.addEventListener('ue-dfp-loaded', (s) => {\n        let urls = [\n            {\n                url: 'https:\/\/tags.tiqcdn.com\/utag\/unidadeditorial\/elmundo\/prod\/utag.sync.js'\n            },\n            {\n                url: 'https:\/\/tags.tiqcdn.com\/utag\/unidadeditorial\/elmundo\/prod\/utag.js'\n            },\n            {\n                url: '\/\/e00-elmundo.uecdn.es\/js\/uecomscore_cmp_event.js'\n            },\n            {\n                url: 'https:\/\/cdn.permutive.com\/10453011-272d-49cd-9043-1964fdb36fd8-web.js'\n            },\n            {\n                url: '\/\/e00-ue.uecdn.es\/piano\/ue-piano-d659d681fbb5170a136d.min.js'\n            },\n            {\n                url: 'https:\/\/e00-ue.uecdn.es\/zeotap\/ue-zeotap.min.js'\n            }\n        ]<\/p>\n<p>        urls.forEach((item) => {\n            let a, b, c, d, e;\n            a = item.url;\n            b = document;\n            c = 'script';\n            d = b.createElement(c);\n            d.src = a;\n            d.type = 'text\/java' + c;\n            d.async = !0;\n            d.onload = item.callback ? item.callback : null;\n            e = b.getElementsByTagName(c)[0];\n            e.parentNode.insertBefore(d, e);\n        });<\/p>\n<p>        let taboolaIsRun = false;<\/p>\n<p>        function taboola_loader() {\n            if (taboolaIsRun) {\n                return;\n            }\n            taboolaIsRun = true;\n            window._taboola = window._taboola || [];\n            const mainElement = document.querySelector(\"main\");\n            if(mainElement.dataset.ueContentType === \"noticia-especial\") {\n                _taboola.push({ other: 'auto', tracking: 'intcmp=BOOREC&taboola_source=taboola&taboola_medium=internal-referral' });\n            } else {\n                _taboola.push({ article: 'auto', tracking: 'intcmp=BOOREC&taboola_source=taboola&taboola_medium=internal-referral' });\n            }\n            !function (e, f, u, i) {\n                if (!document.getElementById(i)) {\n                    e.async = 1;\n                    e.src = u;\n                    e.id = i;\n                    f.parentNode.insertBefore(e, f);\n                }\n            }(document.createElement('script'), document.getElementsByTagName('script')[0], '\/\/cdn.taboola.com\/libtrc\/unidadeditorial-elmundo\/loader.js', 'tb_loader_script');\n            if (window.performance && typeof window.performance.mark == 'function') { window.performance.mark('tbl_ic'); }\n        }<\/p>\n<p>        window.loadTaboola = () => {\n            window.didomiOnReady = window.didomiOnReady || [];\n            window.didomiOnReady.push(function (Didomi) {\n                if (Didomi.getUserStatusForVendor(42)) {\n                taboola_loader();\n                } else {\n                window.addEventListener(\"ueConsentChanged\", () => {\n                    if (Didomi.getUserStatusForVendor(42)) {\n                    taboola_loader();\n                    }\n                });\n                }\n            });\n        }<\/p>\n<p>        var cookieList = document.cookie.split(';');\n        cookieList.forEach(function (item) {\n            if (typeof item == \"string\" && item.indexOf(\"REGMUNDO\") != -1) {\n                var ifr_seed = document.createElement(\"iframe\");\n                ifr_seed.src = \"https:\/\/5214106.fls.doubleclick.net\/activityi;src=5214106;type=corp;cat=regis00;dc_lat=;dc_rdid=;tag_for_child_directed_treatment=;ord=\" + Math.random() * 1000000000000 + \"?\";\n                ifr_seed.width = \"1\";\n                ifr_seed.height = \"1\";\n                ifr_seed.style.display = \"none\";\n                ifr_seed.setAttribute(\"frameborder\", \"0\");\n                var node = document.body.getElementsByTagName(\"script\")[0];\n                node.parentNode.insertBefore(ifr_seed, node);\n            }\n        });<\/p>\n<p>        (function (d, s, id) {\n            var js, fjs = d.getElementsByTagName(s)[0];\n            if (d.getElementById(id)) return;\n            js = d.createElement(s);\n            js.id = id;\n            js.src = \"\/\/connect.facebook.net\/es_ES\/sdk.js#xfbml=1&version=v2.8&appId=279395918757488&status=true&cookie=true\";\n            fjs.parentNode.insertBefore(js, fjs);\n        }(document, 'script', 'facebook-jssdk'));\n    });\n<\/script><\/p>\n","protected":false},"excerpt":{"rendered":"<p>Actualizado Martes, 23 diciembre 2025 &#8211; 17:48 El Real Madrid ha realizado el primer movimiento (y seguramente el \u00fanico) de este mercado de invierno en el Bernab\u00e9u. Se ha hecho oficial la cesi\u00f3n de Endrick al Olympique de Lyon hasta final de temporada, sin opci\u00f3n de comprar para el conjunto franc\u00e9s. El delantero brasile\u00f1o ha [&hellip;]<\/p>\n","protected":false},"author":2,"featured_media":53707,"comment_status":"","ping_status":"","sticky":false,"template":"","format":"standard","meta":{"_monsterinsights_skip_tracking":false,"_monsterinsights_sitenote_active":false,"_monsterinsights_sitenote_note":"","_monsterinsights_sitenote_category":0,"footnotes":""},"categories":[9],"tags":[],"class_list":["post-53706","post","type-post","status-publish","format-standard","has-post-thumbnail","hentry","category-deportes"],"_links":{"self":[{"href":"https:\/\/informebajio.com.mx\/index.php?rest_route=\/wp\/v2\/posts\/53706","targetHints":{"allow":["GET"]}}],"collection":[{"href":"https:\/\/informebajio.com.mx\/index.php?rest_route=\/wp\/v2\/posts"}],"about":[{"href":"https:\/\/informebajio.com.mx\/index.php?rest_route=\/wp\/v2\/types\/post"}],"author":[{"embeddable":true,"href":"https:\/\/informebajio.com.mx\/index.php?rest_route=\/wp\/v2\/users\/2"}],"replies":[{"embeddable":true,"href":"https:\/\/informebajio.com.mx\/index.php?rest_route=%2Fwp%2Fv2%2Fcomments&post=53706"}],"version-history":[{"count":0,"href":"https:\/\/informebajio.com.mx\/index.php?rest_route=\/wp\/v2\/posts\/53706\/revisions"}],"wp:featuredmedia":[{"embeddable":true,"href":"https:\/\/informebajio.com.mx\/index.php?rest_route=\/wp\/v2\/media\/53707"}],"wp:attachment":[{"href":"https:\/\/informebajio.com.mx\/index.php?rest_route=%2Fwp%2Fv2%2Fmedia&parent=53706"}],"wp:term":[{"taxonomy":"category","embeddable":true,"href":"https:\/\/informebajio.com.mx\/index.php?rest_route=%2Fwp%2Fv2%2Fcategories&post=53706"},{"taxonomy":"post_tag","embeddable":true,"href":"https:\/\/informebajio.com.mx\/index.php?rest_route=%2Fwp%2Fv2%2Ftags&post=53706"}],"curies":[{"name":"wp","href":"https:\/\/api.w.org\/{rel}","templated":true}]}}