{"id":53708,"date":"2025-12-24T18:53:11","date_gmt":"2025-12-25T00:53:11","guid":{"rendered":"https:\/\/informebajio.com.mx\/?p=53708"},"modified":"2025-12-24T18:53:11","modified_gmt":"2025-12-25T00:53:11","slug":"la-navidad-cabalga-de-nuevo-por-el-corazon-de-queretaro","status":"publish","type":"post","link":"https:\/\/informebajio.com.mx\/?p=53708","title":{"rendered":"La Navidad cabalga de nuevo por el coraz\u00f3n de Quer\u00e9taro"},"content":{"rendered":"<div>\n<h2><span style=\"font-weight: 400;\">Miles de familias se congregan en el Centro Hist\u00f3rico para disfrutar de la Cabalgata Navide\u00f1a<\/span><\/h2>\n<p><span style=\"font-weight: 400;\">Nayeli Hern\u00e1ndez<\/span><\/p>\n<p><span style=\"font-weight: 400;\">Fotos: Sixto Picones<\/span><\/p>\n<p><span style=\"font-weight: 400;\">Noticias\u00a0<\/span><\/p>\n<p>\u00a0<\/p>\n<p><span style=\"font-weight: 400;\">Las campanas del Centro Hist\u00f3rico apenas dejaban escuchar el murmullo creciente de la multitud de cientos de familias que, desde antes de las siete de la noche, comenzaron a rodear las principales calles del coraz\u00f3n de Quer\u00e9taro.\u00a0<\/span><\/p>\n<p><span style=\"font-weight: 400;\">Adultos mayores, ni\u00f1as y ni\u00f1os sobre los hombros de sus padres, j\u00f3venes con celulares en alto, todos buscando el espacio m\u00e1s cercano para presenciar una de las tradiciones m\u00e1s antiguas y queridas de la ciudad: la Cabalgata Navide\u00f1a.<\/span><\/p>\n<p><span style=\"font-weight: 400;\">Organizada por el Patronato de las Fiestas del Estado de Quer\u00e9taro, la cabalgata inici\u00f3 pasadas las 07:00 de la noche, desde la esquina de Morelos y Corregidora, para recorrer lentamente esta calle y posteriormente dar vuelta en Arteaga, para continuar sobre Ezequiel Montes y concluir en Hidalgo, convertida ya en un r\u00edo humano que aplaud\u00eda, bailaba y celebraba el inicio de la Navidad.<\/span><\/p>\n<p><span style=\"font-weight: 400;\">La edici\u00f3n de este a\u00f1o tuvo un sello particular, al contar con la presencia de las ciudades hermanas de Quer\u00e9taro, tanto nacionales como extranjeras. Bajo el lema \u201cTradici\u00f3n que une pueblos y hermandad que fortalece naciones\u201d, la Cabalgata de Navidad estuvo dedicada a Quer\u00e9taro y a sus ciudades amigas, como una forma de compartir la riqueza cultural, hist\u00f3rica y simb\u00f3lica que une a la capital queretana con otras regiones del pa\u00eds y del extranjero, a trav\u00e9s de acuerdos de cooperaci\u00f3n y colaboraci\u00f3n.<\/span><\/p>\n<p><span style=\"font-weight: 400;\">El desfile abri\u00f3 con princesas y bufones sobre zancos, quienes, entre m\u00fasica y risas, invitaron a los asistentes a sumarse a la celebraci\u00f3n.\u00a0<\/span><\/p>\n<p><span style=\"font-weight: 400;\">El primer carro aleg\u00f3rico estuvo encabezado por la reina de la Navidad 2025, F\u00e1tima Vargas Garc\u00eda, acompa\u00f1ada de sus princesas, marcando el inicio de una noche cargada de color y simbolismo.<\/span><\/p>\n<p><span style=\"font-weight: 400;\">Uno a uno, los carros fueron desfilando ante los aplausos de la multitud. Colima apareci\u00f3 representada por el imponente volc\u00e1n que da nombre a la ciudad, recordando la colaboraci\u00f3n que mantiene con Quer\u00e9taro en materia de seguridad, protecci\u00f3n civil y pol\u00edticas sociales.\u00a0<\/span><\/p>\n<p><span style=\"font-weight: 400;\">Sigui\u00f3 Playa del Carmen, una de las ciudades hermanas m\u00e1s recientes (con carta de amistad firmada en mayo de 2025), que desfil\u00f3 entre ruinas mayas, mar, peces y palmeras, reflejo del trabajo conjunto en turismo, promoci\u00f3n econ\u00f3mica y gesti\u00f3n ambiental.<\/span><\/p>\n<p><span style=\"font-weight: 400;\">Guanajuato lleg\u00f3 con la imagen del Teatro Ju\u00e1rez y las tradicionales rondallas que recorren sus callejones, s\u00edmbolo de una relaci\u00f3n basada en la cooperaci\u00f3n cultural, tur\u00edstica y acad\u00e9mica.\u00a0<\/span><\/p>\n<p><span style=\"font-weight: 400;\">Desde Oaxaca, Huajuapan de Le\u00f3n mostr\u00f3 el orgullo de sus tradiciones artesanales y culturales, destacando un v\u00ednculo que impulsa la cohesi\u00f3n social y el talento local.<\/span><\/p>\n<p><span style=\"font-weight: 400;\">El recorrido tambi\u00e9n cruz\u00f3 fronteras: Goi\u00e2nia, Brasil, estuvo representada por bailarinas de carnaval y la figura del Cristo Redentor, evocando una relaci\u00f3n econ\u00f3mica, cultural y acad\u00e9mica que promueve el intercambio t\u00e9cnico y la atracci\u00f3n de inversiones.\u00a0<\/span><\/p>\n<p><span style=\"font-weight: 400;\">Holland, Michigan; Orange y Bakersfield, California, recordaron los lazos construidos a partir de la cooperaci\u00f3n entre cuerpos de bomberos, el intercambio de protocolos, capacitaci\u00f3n y donaciones de equipo que fortalecen la atenci\u00f3n a emergencias en Quer\u00e9taro.\u00a0<\/span><\/p>\n<p><span style=\"font-weight: 400;\">San Antonio, Texas, destac\u00f3 por su colaboraci\u00f3n econ\u00f3mica, cultural y educativa; mientras que Viterbo, Italia, evoc\u00f3 el v\u00ednculo hist\u00f3rico y religioso que une a ambas ciudades a trav\u00e9s del templo de Santa Rosa de Viterbo, \u00fanico en Latinoam\u00e9rica.<\/span><\/p>\n<p><span style=\"font-weight: 400;\">Cada carro era recibido con gritos, aplausos y sonrisas. Los artistas, desde lo alto de las plataformas, respond\u00edan con saludos y agradecimientos, mientras la m\u00fasica envolv\u00eda a quienes esperaron durante horas en filas sobre las banquetas de Corregidora.<\/span><\/p>\n<p><span style=\"font-weight: 400;\">Este a\u00f1o, entre 60 y 70 mil personas, muchas de ellas turistas de distintos puntos del pa\u00eds, abarrotaron el Centro Hist\u00f3rico para presenciar la cabalgata, una tradici\u00f3n completamente queretana que naci\u00f3 en 1926 y que, desde entonces, se ha realizado de manera ininterrumpida, con una asistencia anual cercana a las 140 mil personas.<\/span><\/p>\n<p><span style=\"font-weight: 400;\">La costumbre de cabalgar y celebrar en Quer\u00e9taro es incluso m\u00e1s antigua que la propia cabalgata, ya que el jesuita Francisco Antonio Navarrete ya daba cuenta de una tradici\u00f3n similar en su libro Relaci\u00f3n Peregrina, publicado en 1739, un a\u00f1o despu\u00e9s de concluido el Acueducto.\u00a0<\/span><\/p>\n<p><span style=\"font-weight: 400;\">Fue en 1926, cuando los carros b\u00edblicos cumplieron cien a\u00f1os, que la cabalgata se transform\u00f3 en escenograf\u00edas y cuadros hist\u00f3rico-costumbristas de Quer\u00e9taro y la regi\u00f3n, raz\u00f3n por la que se realiza un d\u00eda antes del desfile de los carros b\u00edblicos del 24 de diciembre.<\/span><\/p>\n<p><span style=\"font-weight: 400;\">En un cami\u00f3n de bomberos llegaron los Reyes Magos para repartir dulces entre los presentes y pelotas, mientras que una de las tradiciones m\u00e1s emblem\u00e1ticas de Quer\u00e9taro: el tradicional Gallo, fue el \u00faltimo carro aleg\u00f3rico en aparecer en escena, escoltado por autom\u00f3viles cl\u00e1sicos, ataviados por cientos de luces, los cuales, dieron cierre a esta tradici\u00f3n queretana.<\/span><\/p>\n<p><span style=\"font-weight: 400;\">Cuando el \u00faltimo carro se perdi\u00f3 entre aplausos, la ciudad qued\u00f3 envuelta en una certeza compartida: la Navidad hab\u00eda llegado, cabalgando entre historia, tradici\u00f3n y hermandad.<\/span><\/p>\n<p><img fetchpriority=\"high\" decoding=\"async\" class=\"alignnone size-medium wp-image-708774\" src=\"https:\/\/cdn.noticiasdequeretaro.com.mx\/wp-content\/uploads\/2025\/12\/24054222\/La-Navidad-cabalga-de-nuevo-por-el-corazon-de-Queretaro-2-600x400.jpg\" alt=\"\" width=\"600\" height=\"400\" srcset=\"https:\/\/cdn.noticiasdequeretaro.com.mx\/wp-content\/uploads\/2025\/12\/24054222\/La-Navidad-cabalga-de-nuevo-por-el-corazon-de-Queretaro-2-600x400.jpg 600w, https:\/\/cdn.noticiasdequeretaro.com.mx\/wp-content\/uploads\/2025\/12\/24054222\/La-Navidad-cabalga-de-nuevo-por-el-corazon-de-Queretaro-2-1024x683.jpg 1024w, https:\/\/cdn.noticiasdequeretaro.com.mx\/wp-content\/uploads\/2025\/12\/24054222\/La-Navidad-cabalga-de-nuevo-por-el-corazon-de-Queretaro-2-300x200.jpg 300w, https:\/\/cdn.noticiasdequeretaro.com.mx\/wp-content\/uploads\/2025\/12\/24054222\/La-Navidad-cabalga-de-nuevo-por-el-corazon-de-Queretaro-2-768x512.jpg 768w, https:\/\/cdn.noticiasdequeretaro.com.mx\/wp-content\/uploads\/2025\/12\/24054222\/La-Navidad-cabalga-de-nuevo-por-el-corazon-de-Queretaro-2-1536x1024.jpg 1536w, https:\/\/cdn.noticiasdequeretaro.com.mx\/wp-content\/uploads\/2025\/12\/24054222\/La-Navidad-cabalga-de-nuevo-por-el-corazon-de-Queretaro-2-2048x1365.jpg 2048w\" sizes=\"(max-width: 600px) 100vw, 600px\"\/> <img loading=\"lazy\" decoding=\"async\" class=\"alignnone size-medium wp-image-708775\" src=\"https:\/\/cdn.noticiasdequeretaro.com.mx\/wp-content\/uploads\/2025\/12\/24054309\/La-Navidad-cabalga-de-nuevo-por-el-corazon-de-Queretaro-3-600x400.jpg\" alt=\"\" width=\"600\" height=\"400\" srcset=\"https:\/\/cdn.noticiasdequeretaro.com.mx\/wp-content\/uploads\/2025\/12\/24054309\/La-Navidad-cabalga-de-nuevo-por-el-corazon-de-Queretaro-3-600x400.jpg 600w, https:\/\/cdn.noticiasdequeretaro.com.mx\/wp-content\/uploads\/2025\/12\/24054309\/La-Navidad-cabalga-de-nuevo-por-el-corazon-de-Queretaro-3-1024x683.jpg 1024w, https:\/\/cdn.noticiasdequeretaro.com.mx\/wp-content\/uploads\/2025\/12\/24054309\/La-Navidad-cabalga-de-nuevo-por-el-corazon-de-Queretaro-3-300x200.jpg 300w, https:\/\/cdn.noticiasdequeretaro.com.mx\/wp-content\/uploads\/2025\/12\/24054309\/La-Navidad-cabalga-de-nuevo-por-el-corazon-de-Queretaro-3-768x512.jpg 768w, https:\/\/cdn.noticiasdequeretaro.com.mx\/wp-content\/uploads\/2025\/12\/24054309\/La-Navidad-cabalga-de-nuevo-por-el-corazon-de-Queretaro-3-1536x1024.jpg 1536w, https:\/\/cdn.noticiasdequeretaro.com.mx\/wp-content\/uploads\/2025\/12\/24054309\/La-Navidad-cabalga-de-nuevo-por-el-corazon-de-Queretaro-3-2048x1365.jpg 2048w\" sizes=\"auto, (max-width: 600px) 100vw, 600px\"\/> <img loading=\"lazy\" decoding=\"async\" class=\"alignnone size-medium wp-image-708776\" src=\"https:\/\/cdn.noticiasdequeretaro.com.mx\/wp-content\/uploads\/2025\/12\/24054355\/La-Navidad-cabalga-de-nuevo-por-el-corazon-de-Queretaro-4-600x400.jpg\" alt=\"\" width=\"600\" height=\"400\" srcset=\"https:\/\/cdn.noticiasdequeretaro.com.mx\/wp-content\/uploads\/2025\/12\/24054355\/La-Navidad-cabalga-de-nuevo-por-el-corazon-de-Queretaro-4-600x400.jpg 600w, https:\/\/cdn.noticiasdequeretaro.com.mx\/wp-content\/uploads\/2025\/12\/24054355\/La-Navidad-cabalga-de-nuevo-por-el-corazon-de-Queretaro-4-1024x683.jpg 1024w, https:\/\/cdn.noticiasdequeretaro.com.mx\/wp-content\/uploads\/2025\/12\/24054355\/La-Navidad-cabalga-de-nuevo-por-el-corazon-de-Queretaro-4-300x200.jpg 300w, https:\/\/cdn.noticiasdequeretaro.com.mx\/wp-content\/uploads\/2025\/12\/24054355\/La-Navidad-cabalga-de-nuevo-por-el-corazon-de-Queretaro-4-768x512.jpg 768w, https:\/\/cdn.noticiasdequeretaro.com.mx\/wp-content\/uploads\/2025\/12\/24054355\/La-Navidad-cabalga-de-nuevo-por-el-corazon-de-Queretaro-4-1536x1024.jpg 1536w, https:\/\/cdn.noticiasdequeretaro.com.mx\/wp-content\/uploads\/2025\/12\/24054355\/La-Navidad-cabalga-de-nuevo-por-el-corazon-de-Queretaro-4-2048x1365.jpg 2048w\" sizes=\"auto, (max-width: 600px) 100vw, 600px\"\/> <img loading=\"lazy\" decoding=\"async\" class=\"alignnone size-medium wp-image-708779\" src=\"https:\/\/cdn.noticiasdequeretaro.com.mx\/wp-content\/uploads\/2025\/12\/24054439\/La-Navidad-cabalga-de-nuevo-por-el-corazon-de-Queretaro-5-600x400.jpg\" alt=\"\" width=\"600\" height=\"400\" srcset=\"https:\/\/cdn.noticiasdequeretaro.com.mx\/wp-content\/uploads\/2025\/12\/24054439\/La-Navidad-cabalga-de-nuevo-por-el-corazon-de-Queretaro-5-600x400.jpg 600w, https:\/\/cdn.noticiasdequeretaro.com.mx\/wp-content\/uploads\/2025\/12\/24054439\/La-Navidad-cabalga-de-nuevo-por-el-corazon-de-Queretaro-5-1024x683.jpg 1024w, https:\/\/cdn.noticiasdequeretaro.com.mx\/wp-content\/uploads\/2025\/12\/24054439\/La-Navidad-cabalga-de-nuevo-por-el-corazon-de-Queretaro-5-300x200.jpg 300w, https:\/\/cdn.noticiasdequeretaro.com.mx\/wp-content\/uploads\/2025\/12\/24054439\/La-Navidad-cabalga-de-nuevo-por-el-corazon-de-Queretaro-5-768x512.jpg 768w, https:\/\/cdn.noticiasdequeretaro.com.mx\/wp-content\/uploads\/2025\/12\/24054439\/La-Navidad-cabalga-de-nuevo-por-el-corazon-de-Queretaro-5-1536x1024.jpg 1536w, https:\/\/cdn.noticiasdequeretaro.com.mx\/wp-content\/uploads\/2025\/12\/24054439\/La-Navidad-cabalga-de-nuevo-por-el-corazon-de-Queretaro-5-2048x1365.jpg 2048w\" sizes=\"auto, (max-width: 600px) 100vw, 600px\"\/> <img loading=\"lazy\" decoding=\"async\" class=\"alignnone size-medium wp-image-708780\" src=\"https:\/\/cdn.noticiasdequeretaro.com.mx\/wp-content\/uploads\/2025\/12\/24054525\/La-Navidad-cabalga-de-nuevo-por-el-corazon-de-Queretaro-6-600x400.jpg\" alt=\"\" width=\"600\" height=\"400\" srcset=\"https:\/\/cdn.noticiasdequeretaro.com.mx\/wp-content\/uploads\/2025\/12\/24054525\/La-Navidad-cabalga-de-nuevo-por-el-corazon-de-Queretaro-6-600x400.jpg 600w, https:\/\/cdn.noticiasdequeretaro.com.mx\/wp-content\/uploads\/2025\/12\/24054525\/La-Navidad-cabalga-de-nuevo-por-el-corazon-de-Queretaro-6-1024x683.jpg 1024w, https:\/\/cdn.noticiasdequeretaro.com.mx\/wp-content\/uploads\/2025\/12\/24054525\/La-Navidad-cabalga-de-nuevo-por-el-corazon-de-Queretaro-6-300x200.jpg 300w, https:\/\/cdn.noticiasdequeretaro.com.mx\/wp-content\/uploads\/2025\/12\/24054525\/La-Navidad-cabalga-de-nuevo-por-el-corazon-de-Queretaro-6-768x512.jpg 768w, https:\/\/cdn.noticiasdequeretaro.com.mx\/wp-content\/uploads\/2025\/12\/24054525\/La-Navidad-cabalga-de-nuevo-por-el-corazon-de-Queretaro-6-1536x1024.jpg 1536w, https:\/\/cdn.noticiasdequeretaro.com.mx\/wp-content\/uploads\/2025\/12\/24054525\/La-Navidad-cabalga-de-nuevo-por-el-corazon-de-Queretaro-6-2048x1365.jpg 2048w\" sizes=\"auto, (max-width: 600px) 100vw, 600px\"\/> <img loading=\"lazy\" decoding=\"async\" class=\"alignnone size-medium wp-image-708784\" src=\"https:\/\/cdn.noticiasdequeretaro.com.mx\/wp-content\/uploads\/2025\/12\/24054610\/La-Navidad-cabalga-de-nuevo-por-el-corazon-de-Queretaro-1-600x400.jpg\" alt=\"\" width=\"600\" height=\"400\" srcset=\"https:\/\/cdn.noticiasdequeretaro.com.mx\/wp-content\/uploads\/2025\/12\/24054610\/La-Navidad-cabalga-de-nuevo-por-el-corazon-de-Queretaro-1-600x400.jpg 600w, https:\/\/cdn.noticiasdequeretaro.com.mx\/wp-content\/uploads\/2025\/12\/24054610\/La-Navidad-cabalga-de-nuevo-por-el-corazon-de-Queretaro-1-1024x683.jpg 1024w, https:\/\/cdn.noticiasdequeretaro.com.mx\/wp-content\/uploads\/2025\/12\/24054610\/La-Navidad-cabalga-de-nuevo-por-el-corazon-de-Queretaro-1-300x200.jpg 300w, https:\/\/cdn.noticiasdequeretaro.com.mx\/wp-content\/uploads\/2025\/12\/24054610\/La-Navidad-cabalga-de-nuevo-por-el-corazon-de-Queretaro-1-768x512.jpg 768w, https:\/\/cdn.noticiasdequeretaro.com.mx\/wp-content\/uploads\/2025\/12\/24054610\/La-Navidad-cabalga-de-nuevo-por-el-corazon-de-Queretaro-1-1536x1024.jpg 1536w, https:\/\/cdn.noticiasdequeretaro.com.mx\/wp-content\/uploads\/2025\/12\/24054610\/La-Navidad-cabalga-de-nuevo-por-el-corazon-de-Queretaro-1-2048x1365.jpg 2048w\" sizes=\"auto, (max-width: 600px) 100vw, 600px\"\/><\/p>\n<\/div>\n<p><script>(function(d, s, id) {\n  var js, fjs = d.getElementsByTagName(s)[0];\n  if (d.getElementById(id)) return;\n  js = d.createElement(s); js.id = id;\n  js.src = \"\/\/connect.facebook.net\/es_LA\/sdk.js#xfbml=1&appId=546007945598485&version=v2.3\";\n  fjs.parentNode.insertBefore(js, fjs);\n}(document, 'script', 'facebook-jssdk'));<\/script><\/p>\n","protected":false},"excerpt":{"rendered":"<p>Miles de familias se congregan en el Centro Hist\u00f3rico para disfrutar de la Cabalgata Navide\u00f1a Nayeli Hern\u00e1ndez Fotos: Sixto Picones Noticias\u00a0 \u00a0 Las campanas del Centro Hist\u00f3rico apenas dejaban escuchar el murmullo creciente de la multitud de cientos de familias que, desde antes de las siete de la noche, comenzaron a rodear las principales calles [&hellip;]<\/p>\n","protected":false},"author":2,"featured_media":53709,"comment_status":"","ping_status":"","sticky":false,"template":"","format":"standard","meta":{"_monsterinsights_skip_tracking":false,"_monsterinsights_sitenote_active":false,"_monsterinsights_sitenote_note":"","_monsterinsights_sitenote_category":0,"footnotes":""},"categories":[4],"tags":[],"class_list":["post-53708","post","type-post","status-publish","format-standard","has-post-thumbnail","hentry","category-queretaro"],"_links":{"self":[{"href":"https:\/\/informebajio.com.mx\/index.php?rest_route=\/wp\/v2\/posts\/53708","targetHints":{"allow":["GET"]}}],"collection":[{"href":"https:\/\/informebajio.com.mx\/index.php?rest_route=\/wp\/v2\/posts"}],"about":[{"href":"https:\/\/informebajio.com.mx\/index.php?rest_route=\/wp\/v2\/types\/post"}],"author":[{"embeddable":true,"href":"https:\/\/informebajio.com.mx\/index.php?rest_route=\/wp\/v2\/users\/2"}],"replies":[{"embeddable":true,"href":"https:\/\/informebajio.com.mx\/index.php?rest_route=%2Fwp%2Fv2%2Fcomments&post=53708"}],"version-history":[{"count":0,"href":"https:\/\/informebajio.com.mx\/index.php?rest_route=\/wp\/v2\/posts\/53708\/revisions"}],"wp:featuredmedia":[{"embeddable":true,"href":"https:\/\/informebajio.com.mx\/index.php?rest_route=\/wp\/v2\/media\/53709"}],"wp:attachment":[{"href":"https:\/\/informebajio.com.mx\/index.php?rest_route=%2Fwp%2Fv2%2Fmedia&parent=53708"}],"wp:term":[{"taxonomy":"category","embeddable":true,"href":"https:\/\/informebajio.com.mx\/index.php?rest_route=%2Fwp%2Fv2%2Fcategories&post=53708"},{"taxonomy":"post_tag","embeddable":true,"href":"https:\/\/informebajio.com.mx\/index.php?rest_route=%2Fwp%2Fv2%2Ftags&post=53708"}],"curies":[{"name":"wp","href":"https:\/\/api.w.org\/{rel}","templated":true}]}}