{"id":53716,"date":"2025-12-25T09:55:04","date_gmt":"2025-12-25T15:55:04","guid":{"rendered":"https:\/\/informebajio.com.mx\/?p=53716"},"modified":"2025-12-25T09:55:04","modified_gmt":"2025-12-25T15:55:04","slug":"logro-accion-nacional-acercarse-otra-vez-a-los-mexicanos-chepe","status":"publish","type":"post","link":"https:\/\/informebajio.com.mx\/?p=53716","title":{"rendered":"Logr\u00f3 Acci\u00f3n Nacional acercarse otra vez a los mexicanos: Chepe"},"content":{"rendered":"<div>\n<h3><span style=\"font-weight: 400;\">Respaldan renovaci\u00f3n del partido\u00a0<\/span><\/h3>\n<p><span style=\"font-weight: 400;\">Diego Hern\u00e1ndez\u00a0<\/span><\/p>\n<p><span style=\"font-weight: 400;\">Noticias\u00a0<\/span><\/p>\n<p>\u00a0<\/p>\n<p><span style=\"font-weight: 400;\">C\u00f3mo parte del Comit\u00e9 Ejecutivo Nacional del PAN, Josu\u00e9 Guerrero Tr\u00e1pala ve con buenos ojos el trabajo de relanzamiento de este instituto pol\u00edtico, el tambi\u00e9n edil de Corregidora manifest\u00f3 que han logrado acercarse a los mexicanos y han logrado un nivel de aceptaci\u00f3n con los cambios que se han dado de manera interna.<\/span><\/p>\n<p><span style=\"font-weight: 400;\">\u201cEl relanzamiento del partido nos permiti\u00f3 llegar nuevamente a muchos mexicanos tanto gente que pues tiene ya cierta y conoce muy bien Acci\u00f3n Nacional, como j\u00f3venes que quiz\u00e1 no conoc\u00edan al partido o ten\u00edan solamente la versi\u00f3n que se nos ha venido construyendo, de unos a\u00f1os para ac\u00e1 uno de los datos m\u00e1s relevantes fue por ejemplo la cantidad de descargas que tuvo la aplicaci\u00f3n en las plataformas\u201d.<\/span><\/p>\n<p><span style=\"font-weight: 400;\">Tras las elecciones presidenciales del 2024 d\u00f3nde perdieron de manera significativa, Acci\u00f3n Nacional se plante\u00f3 su reestructura, ya con Jorge Romero Herrera a la cabeza hubo cambios en el partido, uno de los puntos de cr\u00edtica fue lo dif\u00edcil que es ser militante ahora a trav\u00e9s de una aplicaci\u00f3n, cualquier mexicano puede sumarse a sus filas.<\/span><\/p>\n<p><span style=\"font-weight: 400;\">Mismo caso para las candidaturas, donde destacan que ya no ser\u00e1n por dedazo sino que habr\u00e1 di\u00e1logos y consensos para que la mejor opci\u00f3n sea la que llegue a estas posiciones de elecci\u00f3n popular, Guerrero Tr\u00e1pala ve que ha sido para bien.<\/span><\/p>\n<p><span style=\"font-weight: 400;\">Con ello destac\u00f3 que a esto se suman los ataque al PAN de Quer\u00e9taro se\u00f1al\u00f3 al diputado federal Gilberto Herrera y seguidores, quienes buscan descalificar al partido, sin embargo, desde su perspectiva es una mala manera para generar adeptos, desde su perspectiva esto no tendr\u00e1 resultados.<\/span><\/p>\n<\/div>\n<p><script>(function(d, s, id) {\n  var js, fjs = d.getElementsByTagName(s)[0];\n  if (d.getElementById(id)) return;\n  js = d.createElement(s); js.id = id;\n  js.src = \"\/\/connect.facebook.net\/es_LA\/sdk.js#xfbml=1&appId=546007945598485&version=v2.3\";\n  fjs.parentNode.insertBefore(js, fjs);\n}(document, 'script', 'facebook-jssdk'));<\/script><\/p>\n","protected":false},"excerpt":{"rendered":"<p>Respaldan renovaci\u00f3n del partido\u00a0 Diego Hern\u00e1ndez\u00a0 Noticias\u00a0 \u00a0 C\u00f3mo parte del Comit\u00e9 Ejecutivo Nacional del PAN, Josu\u00e9 Guerrero Tr\u00e1pala ve con buenos ojos el trabajo de relanzamiento de este instituto pol\u00edtico, el tambi\u00e9n edil de Corregidora manifest\u00f3 que han logrado acercarse a los mexicanos y han logrado un nivel de aceptaci\u00f3n con los cambios que [&hellip;]<\/p>\n","protected":false},"author":2,"featured_media":53717,"comment_status":"","ping_status":"","sticky":false,"template":"","format":"standard","meta":{"_monsterinsights_skip_tracking":false,"_monsterinsights_sitenote_active":false,"_monsterinsights_sitenote_note":"","_monsterinsights_sitenote_category":0,"footnotes":""},"categories":[4],"tags":[],"class_list":["post-53716","post","type-post","status-publish","format-standard","has-post-thumbnail","hentry","category-queretaro"],"_links":{"self":[{"href":"https:\/\/informebajio.com.mx\/index.php?rest_route=\/wp\/v2\/posts\/53716","targetHints":{"allow":["GET"]}}],"collection":[{"href":"https:\/\/informebajio.com.mx\/index.php?rest_route=\/wp\/v2\/posts"}],"about":[{"href":"https:\/\/informebajio.com.mx\/index.php?rest_route=\/wp\/v2\/types\/post"}],"author":[{"embeddable":true,"href":"https:\/\/informebajio.com.mx\/index.php?rest_route=\/wp\/v2\/users\/2"}],"replies":[{"embeddable":true,"href":"https:\/\/informebajio.com.mx\/index.php?rest_route=%2Fwp%2Fv2%2Fcomments&post=53716"}],"version-history":[{"count":0,"href":"https:\/\/informebajio.com.mx\/index.php?rest_route=\/wp\/v2\/posts\/53716\/revisions"}],"wp:featuredmedia":[{"embeddable":true,"href":"https:\/\/informebajio.com.mx\/index.php?rest_route=\/wp\/v2\/media\/53717"}],"wp:attachment":[{"href":"https:\/\/informebajio.com.mx\/index.php?rest_route=%2Fwp%2Fv2%2Fmedia&parent=53716"}],"wp:term":[{"taxonomy":"category","embeddable":true,"href":"https:\/\/informebajio.com.mx\/index.php?rest_route=%2Fwp%2Fv2%2Fcategories&post=53716"},{"taxonomy":"post_tag","embeddable":true,"href":"https:\/\/informebajio.com.mx\/index.php?rest_route=%2Fwp%2Fv2%2Ftags&post=53716"}],"curies":[{"name":"wp","href":"https:\/\/api.w.org\/{rel}","templated":true}]}}