{"id":53722,"date":"2025-12-26T08:10:28","date_gmt":"2025-12-26T14:10:28","guid":{"rendered":"https:\/\/informebajio.com.mx\/?p=53722"},"modified":"2025-12-26T08:10:28","modified_gmt":"2025-12-26T14:10:28","slug":"harfuch-confirma-que-dos-personas-iban-a-bordo-del-coche-bomba-de-coahuayana","status":"publish","type":"post","link":"https:\/\/informebajio.com.mx\/?p=53722","title":{"rendered":"Harfuch confirma que dos personas iban a bordo del coche bomba de Coahuayana"},"content":{"rendered":"<div data-dtm-region=\"articulo_cuerpo\">\n<p class=\"\">El secretario de Seguridad federal, Omar Garc\u00eda Harfuch, ha confirmado este martes que dos personas iban a bordo del <a href=\"https:\/\/elpais.com\/mexico\/2025-12-07\/un-coche-bomba-estalla-frente-a-la-sede-de-la-policia-comunitaria-de-coahuayana-y-deja-al-menos-cinco-fallecidos.html\" target=\"_self\" rel=\"\" title=\"https:\/\/elpais.com\/mexico\/2025-12-07\/un-coche-bomba-estalla-frente-a-la-sede-de-la-policia-comunitaria-de-coahuayana-y-deja-al-menos-cinco-fallecidos.html\">coche bomba del s\u00e1bado en Coahuayana<\/a>, en Michoac\u00e1n. \u201cNo fue un coche bomba que hayan dejado y que despu\u00e9s hayan detonado. Hay un conductor y una persona adicional, ingresan, llegan, se estacionan y el veh\u00edculo es cuando explota\u201d, ha dicho Harfuch, preguntado por reporteros, en la conferencia de prensa matutina de la presidenta, Claudia Sheinbaum. <\/p>\n<p class=\"\">Seg\u00fan ha podido saber EL PA\u00cdS, las autoridades barajan varias hip\u00f3tesis, entre ellas la posibilidad de que criminales detonaran la bomba de manera remota y que no se percataran de que sus dos c\u00f3mplices segu\u00edan dentro del veh\u00edculo. Otra de las hip\u00f3tesis es que el cami\u00f3n explot\u00f3 antes de tiempo, con las dos personas dentro. Las fuentes consultadas sostienen que no ser\u00e1 hasta que se concluyan los peritajes, que se pueda concretar alguna de las teor\u00edas.<\/p>\n<p class=\"\">Harfuch ha se\u00f1alado que \u201cno es el primer evento de explosivos este a\u00f1o, precisamente en esa zona\u201d. <a href=\"https:\/\/elpais.com\/mexico\/2025-12-08\/una-testigo-de-la-bomba-en-coahuayana-cuando-llego-y-veo-digo-no-esto-no-es-un-dronazo-es-demasiado-fuerte.html\" target=\"_self\" rel=\"\" title=\"https:\/\/elpais.com\/mexico\/2025-12-08\/una-testigo-de-la-bomba-en-coahuayana-cuando-llego-y-veo-digo-no-esto-no-es-un-dronazo-es-demasiado-fuerte.html\">El funcionario ha detallado que el atentado<\/a>, que la Fiscal\u00eda investiga como un caso de delincuencia organizada, y no como un acto de terrorismo, como dijo en las primeras horas, responde a \u201cuna pugna entre un grupo af\u00edn al Cartel Jalisco Nueva Generaci\u00f3n (CJNG) y a otro grupo, que es Carteles Unidos\u201d. Harfuch ha a\u00f1adido que la Fiscal\u00eda Especializada en Materia de Delincuencia Organizada (FEMDO), en manos de su antiguo colaborador, C\u00e9sar Oliveros, se encarga de las pesquisas. <\/p>\n<figure class=\"a_m a_m-h \"><span class=\"_db a_m_w _pr lb_btn\"><img decoding=\"auto\" class=\"_re lazyload a_m-h\" height=\"276\" srcset=\"https:\/\/imagenes.elpais.com\/resizer\/v2\/NTTG4MVUBJGSRCWZSORY24NVEI.jpeg?auth=a8abf3d5a0a62d996aff9016900e82d6c6ba491087655d4c6d2e35ffe6d1e6a9&amp;width=414 414w,https:\/\/imagenes.elpais.com\/resizer\/v2\/NTTG4MVUBJGSRCWZSORY24NVEI.jpeg?auth=a8abf3d5a0a62d996aff9016900e82d6c6ba491087655d4c6d2e35ffe6d1e6a9&amp;width=828 640w,https:\/\/imagenes.elpais.com\/resizer\/v2\/NTTG4MVUBJGSRCWZSORY24NVEI.jpeg?auth=a8abf3d5a0a62d996aff9016900e82d6c6ba491087655d4c6d2e35ffe6d1e6a9&amp;width=980 1000w,https:\/\/imagenes.elpais.com\/resizer\/v2\/NTTG4MVUBJGSRCWZSORY24NVEI.jpeg?auth=a8abf3d5a0a62d996aff9016900e82d6c6ba491087655d4c6d2e35ffe6d1e6a9&amp;width=1960 1960w\" width=\"414\" sizes=\"auto, (min-width:1199px) 1155px,(min-width:1001px) calc(100vw - 44px),(min-width:768px) 767px, 100vw\" src=\"https:\/\/imagenes.elpais.com\/resizer\/v2\/NTTG4MVUBJGSRCWZSORY24NVEI.jpeg?auth=a8abf3d5a0a62d996aff9016900e82d6c6ba491087655d4c6d2e35ffe6d1e6a9&amp;width=414\" loading=\"lazy\"\/><svg aria-hidden=\"true\" class=\"icon_multimedia_ampliar | _pa a_m_i a_m_i-a _dn\" viewbox=\"0 0 40 40\"><use xlink:href=\"#svg-ampliar\"\/><\/svg><\/span><figcaption class=\"a_m_p\" aria-hidden=\"true\"><span>Omar Garc\u00eda Harfuch durante la conferencia de prensa en Palacio Nacional, este martes.<\/span><span class=\"a_m_m\">Presidencia de M\u00e9xico<\/span><\/figcaption><\/figure>\n<p class=\"\">Un tanto confuso en sus explicaciones, el vocero del Gabinete de Seguridad ha dicho que el ataque es consecuencia de \u201cuna pugna de dos personas, l\u00edderes que est\u00e1n en la zona, muy espec\u00edficos, que fue una pugna entre ellos, no&#8230; Fue un ataque directo a la polic\u00eda comunitaria, que est\u00e1 vinculado con uno de estos l\u00edderes\u201d. Dicho tal cual lo ha dicho, Harfuch parece se\u00f1alar a H\u00e9ctor Zepeda, conocido como comandante Teto, l\u00edder de la polic\u00eda comunitaria del municipio, de estar vinculado a C\u00e1rteles Unidos.<\/p>\n<\/div>\n<p><\/p>\n","protected":false},"excerpt":{"rendered":"<p>El secretario de Seguridad federal, Omar Garc\u00eda Harfuch, ha confirmado este martes que dos personas iban a bordo del coche bomba del s\u00e1bado en Coahuayana, en Michoac\u00e1n. \u201cNo fue un coche bomba que hayan dejado y que despu\u00e9s hayan detonado. Hay un conductor y una persona adicional, ingresan, llegan, se estacionan y el veh\u00edculo es [&hellip;]<\/p>\n","protected":false},"author":2,"featured_media":53723,"comment_status":"","ping_status":"","sticky":false,"template":"","format":"standard","meta":{"_monsterinsights_skip_tracking":false,"_monsterinsights_sitenote_active":false,"_monsterinsights_sitenote_note":"","_monsterinsights_sitenote_category":0,"footnotes":""},"categories":[7],"tags":[],"class_list":["post-53722","post","type-post","status-publish","format-standard","has-post-thumbnail","hentry","category-michoacan"],"_links":{"self":[{"href":"https:\/\/informebajio.com.mx\/index.php?rest_route=\/wp\/v2\/posts\/53722","targetHints":{"allow":["GET"]}}],"collection":[{"href":"https:\/\/informebajio.com.mx\/index.php?rest_route=\/wp\/v2\/posts"}],"about":[{"href":"https:\/\/informebajio.com.mx\/index.php?rest_route=\/wp\/v2\/types\/post"}],"author":[{"embeddable":true,"href":"https:\/\/informebajio.com.mx\/index.php?rest_route=\/wp\/v2\/users\/2"}],"replies":[{"embeddable":true,"href":"https:\/\/informebajio.com.mx\/index.php?rest_route=%2Fwp%2Fv2%2Fcomments&post=53722"}],"version-history":[{"count":0,"href":"https:\/\/informebajio.com.mx\/index.php?rest_route=\/wp\/v2\/posts\/53722\/revisions"}],"wp:featuredmedia":[{"embeddable":true,"href":"https:\/\/informebajio.com.mx\/index.php?rest_route=\/wp\/v2\/media\/53723"}],"wp:attachment":[{"href":"https:\/\/informebajio.com.mx\/index.php?rest_route=%2Fwp%2Fv2%2Fmedia&parent=53722"}],"wp:term":[{"taxonomy":"category","embeddable":true,"href":"https:\/\/informebajio.com.mx\/index.php?rest_route=%2Fwp%2Fv2%2Fcategories&post=53722"},{"taxonomy":"post_tag","embeddable":true,"href":"https:\/\/informebajio.com.mx\/index.php?rest_route=%2Fwp%2Fv2%2Ftags&post=53722"}],"curies":[{"name":"wp","href":"https:\/\/api.w.org\/{rel}","templated":true}]}}