{"id":53736,"date":"2025-12-27T17:03:23","date_gmt":"2025-12-27T23:03:23","guid":{"rendered":"https:\/\/informebajio.com.mx\/?p=53736"},"modified":"2025-12-27T17:03:23","modified_gmt":"2025-12-27T23:03:23","slug":"avanza-reforma-al-codigo-civil-para-instaurar-oralidad-en-juicios-en-queretaro","status":"publish","type":"post","link":"https:\/\/informebajio.com.mx\/?p=53736","title":{"rendered":"Avanza reforma al C\u00f3digo Civil para instaurar oralidad en juicios en Quer\u00e9taro"},"content":{"rendered":"<div>\n<p><span style=\"font-weight: 400;\">Howard Salas<\/span><\/p>\n<p><span style=\"font-weight: 400;\">Noticias<\/span><\/p>\n<p>\u00a0<\/p>\n<p><span style=\"font-weight: 400;\">El magistrado de Quer\u00e9taro, Braulio Guerra, inform\u00f3 que la iniciativa de ley para reformar el C\u00f3digo Civil, con el prop\u00f3sito de la oralidad familiar y civil\u00a0 por primera vez en el estado, fue aprobada por el Pleno del Tribunal Superior de Justicia. Braulio explic\u00f3 que esta iniciativa tiene como finalidad sentar bases para una nueva implementaci\u00f3n del nuevo sistema de justicia oral en Quer\u00e9taro.\u00a0<\/span><\/p>\n<p><span style=\"font-weight: 400;\">\u201cSe present\u00f3 ya al Congreso del Estado una iniciativa de ley, aprobada por el Pleno del Tribunal Superior de Justicia, para reformar el C\u00f3digo Civil y tener un nuevo C\u00f3digo Civil.\u00a0 Esto con el objetivo de armonizar lo que tendr\u00e1 que ser la oralidad familiar y civil por primera vez en Quer\u00e9taro\u201d.\u00a0<\/span><\/p>\n<p><span style=\"font-weight: 400;\">Se\u00f1al\u00f3 que la realizaci\u00f3n de este nuevo sistema de justicia oral iniciar\u00e1 formalmente el 1 junio, de acuerdo al calendario y mandato constitucional federal.\u00a0<\/span><\/p>\n<p><span style=\"font-weight: 400;\">\u201cTenemos que arrancar el 1 de junio, de acuerdo al calendario y al mandato constitucional de las reformas que se hicieron a nivel federal\u201d, apunt\u00f3 el magistrado.\u00a0<\/span><\/p>\n<p><span style=\"font-weight: 400;\">Asimismo, Guerra indic\u00f3 que tambi\u00e9n se enviaron reformas a la ley org\u00e1nica del Poder Judicial, para que haya una remodelaci\u00f3n de c\u00f3mo marchar\u00edan los juicios, destacando que tiene un di\u00e1logo suelto con Gina Guzm\u00e1n.\u00a0<\/span><\/p>\n<p><span style=\"font-weight: 400;\">\u201cEnviamos tambi\u00e9n reformas a la ley org\u00e1nica del Poder Judicial, que nos implican una reestructuraci\u00f3n de c\u00f3mo funcionar\u00edan ya los juicios, ya no de manera escrita totalmente, sino ya con oralidad, y tengo un di\u00e1logo muy fluido con su presidenta, con Gina Guzm\u00e1n, muy abierto, con mucha disposici\u00f3n\u201d Destac\u00f3.\u00a0<\/span><\/p>\n<p><span style=\"font-weight: 400;\">Finalmente, el presidente del Poder Judicial de Quer\u00e9taro remarc\u00f3 que\u00a0 las iniciativas a la ley org\u00e1nica y la reforma del c\u00f3digo civil no tienen\u00a0 tintes pol\u00edticos, y adelant\u00f3 que de aprobarse en tiempo, San Juan del R\u00edo ser\u00eda sede de la primera audiencia oral civil o familiar.<\/span><\/p>\n<p><span style=\"font-weight: 400;\">\u201cPresentamos algo que no tiene matices ideol\u00f3gicos, ni tiene tem\u00e1ticas pol\u00edticas, ni electorales,\u00a0 es simple y sencillamente armonizar nuestras leyes queretanas para que sea aplicable la ley nacional\u2026 Vamos contra\u00a0 reloj, porque el 1 de junio, en San Juan del R\u00edo, tendr\u00edamos la primera audiencia oral, civil o familiar, de acuerdo al nuevo sistema.\u201d Declar\u00f3 Braulio Guerra.\u00a0<\/span><\/p>\n<\/div>\n<p><script>(function(d, s, id) {\n  var js, fjs = d.getElementsByTagName(s)[0];\n  if (d.getElementById(id)) return;\n  js = d.createElement(s); js.id = id;\n  js.src = \"\/\/connect.facebook.net\/es_LA\/sdk.js#xfbml=1&appId=546007945598485&version=v2.3\";\n  fjs.parentNode.insertBefore(js, fjs);\n}(document, 'script', 'facebook-jssdk'));<\/script><\/p>\n","protected":false},"excerpt":{"rendered":"<p>Howard Salas Noticias \u00a0 El magistrado de Quer\u00e9taro, Braulio Guerra, inform\u00f3 que la iniciativa de ley para reformar el C\u00f3digo Civil, con el prop\u00f3sito de la oralidad familiar y civil\u00a0 por primera vez en el estado, fue aprobada por el Pleno del Tribunal Superior de Justicia. Braulio explic\u00f3 que esta iniciativa tiene como finalidad sentar [&hellip;]<\/p>\n","protected":false},"author":2,"featured_media":53737,"comment_status":"","ping_status":"","sticky":false,"template":"","format":"standard","meta":{"_monsterinsights_skip_tracking":false,"_monsterinsights_sitenote_active":false,"_monsterinsights_sitenote_note":"","_monsterinsights_sitenote_category":0,"footnotes":""},"categories":[4],"tags":[],"class_list":["post-53736","post","type-post","status-publish","format-standard","has-post-thumbnail","hentry","category-queretaro"],"_links":{"self":[{"href":"https:\/\/informebajio.com.mx\/index.php?rest_route=\/wp\/v2\/posts\/53736","targetHints":{"allow":["GET"]}}],"collection":[{"href":"https:\/\/informebajio.com.mx\/index.php?rest_route=\/wp\/v2\/posts"}],"about":[{"href":"https:\/\/informebajio.com.mx\/index.php?rest_route=\/wp\/v2\/types\/post"}],"author":[{"embeddable":true,"href":"https:\/\/informebajio.com.mx\/index.php?rest_route=\/wp\/v2\/users\/2"}],"replies":[{"embeddable":true,"href":"https:\/\/informebajio.com.mx\/index.php?rest_route=%2Fwp%2Fv2%2Fcomments&post=53736"}],"version-history":[{"count":0,"href":"https:\/\/informebajio.com.mx\/index.php?rest_route=\/wp\/v2\/posts\/53736\/revisions"}],"wp:featuredmedia":[{"embeddable":true,"href":"https:\/\/informebajio.com.mx\/index.php?rest_route=\/wp\/v2\/media\/53737"}],"wp:attachment":[{"href":"https:\/\/informebajio.com.mx\/index.php?rest_route=%2Fwp%2Fv2%2Fmedia&parent=53736"}],"wp:term":[{"taxonomy":"category","embeddable":true,"href":"https:\/\/informebajio.com.mx\/index.php?rest_route=%2Fwp%2Fv2%2Fcategories&post=53736"},{"taxonomy":"post_tag","embeddable":true,"href":"https:\/\/informebajio.com.mx\/index.php?rest_route=%2Fwp%2Fv2%2Ftags&post=53736"}],"curies":[{"name":"wp","href":"https:\/\/api.w.org\/{rel}","templated":true}]}}